{"id":579070,"date":"2026-04-25T11:34:27","date_gmt":"2026-04-25T14:34:27","guid":{"rendered":"https:\/\/www.ip.gov.py\/ip\/?p=579070"},"modified":"2026-04-25T23:29:30","modified_gmt":"2026-04-26T02:29:30","slug":"acuerdo-ue-mercosur-ejecutivo-consensua-con-el-sector-privado-posicion-nacional-sobre-cuotas-arancelarias","status":"publish","type":"post","link":"https:\/\/www.ip.gov.py\/ip\/2026\/04\/25\/acuerdo-ue-mercosur-ejecutivo-consensua-con-el-sector-privado-posicion-nacional-sobre-cuotas-arancelarias\/","title":{"rendered":"Acuerdo UE-Mercosur: Ejecutivo consensua con el sector privado posici\u00f3n nacional sobre cuotas arancelarias"},"content":{"rendered":"<p><em><strong>Asunci\u00f3n, Agencia IP.-<\/strong><\/em> El presidente de la Rep\u00fablica, Santiago Pe\u00f1a, se reuni\u00f3 con autoridades del sector p\u00fablico y representantes del sector privado para definir la posici\u00f3n nacional sobre la distribuci\u00f3n de las cuotas arancelarias que otorga el acuerdo Uni\u00f3n Europea-Mercosur. <!--more--><\/p>\n<p>Pe\u00f1a, explic\u00f3 que esta convocatoria busca el consenso entre ambos sectores y que luego pueda plasmarse en beneficios para la ciudadan\u00eda, como la generaci\u00f3n de empleos.<\/p>\n<p>Asimismo, en la reuni\u00f3n se convers\u00f3 sobre sectores estrat\u00e9gicos como la carne, arroz, az\u00facar, cereales, biocombustibles, avicultura, porcinos, vitales en la econom\u00eda nacional.<\/p>\n<p>\u00abSeguimos trabajando para que las oportunidades del comercio internacional se traduzcan en beneficios concretos para nuestros compatriotas\u00bb finaliz\u00f3.<\/p>\n<h4><span style=\"color: #000000;\"><strong>Paraguay, beneficiado por el sistema general de preferencias<\/strong><\/span><\/h4>\n<p>El acuerdo, que da apertura a un mercado internacional m\u00e1s grande con m\u00e1s de 800 millones de habitantes, implica un margen extra de facturaci\u00f3n para Paraguay alrededor de entre 50 y 100 millones de d\u00f3lares, en el que se asegura un\u00a0<a href=\"https:\/\/www.ip.gov.py\/ip\/2026\/01\/29\/ejecutivo-compartio-con-el-sector-privado-potencial-de-crecimiento-que-ofrece-al-paraguay-acuerdo-ue-mercosur\/\" target=\"_blank\" rel=\"noopener\"><span style=\"color: #000000;\"><strong>trato preferencial para nuestro pa\u00eds<\/strong><\/span><\/a> con cuotas exclusivas que contemplan arancel cero para diferentes productos estrat\u00e9gicos como az\u00facar org\u00e1nica, biocombustibles (ambos bajo la Cuota Hilton) y carne porcina.<\/p>\n","protected":false},"excerpt":{"rendered":"<p>Asunci\u00f3n, Agencia IP.- El presidente de la Rep\u00fablica, Santiago Pe\u00f1a, se reuni\u00f3 con autoridades del sector p\u00fablico y representantes del sector privado para definir la posici\u00f3n nacional sobre la distribuci\u00f3n de las cuotas arancelarias que otorga el acuerdo Uni\u00f3n Europea-Mercosur.<\/p>\n","protected":false},"author":47,"featured_media":579074,"comment_status":"closed","ping_status":"closed","sticky":false,"template":"","format":"standard","meta":{"_monsterinsights_skip_tracking":false,"_monsterinsights_sitenote_active":false,"_monsterinsights_sitenote_note":"","_monsterinsights_sitenote_category":0,"footnotes":""},"categories":[19115,6],"tags":[],"class_list":{"0":"post-579070","1":"post","2":"type-post","3":"status-publish","4":"format-standard","5":"has-post-thumbnail","7":"category-featured","8":"category-politica"},"yoast_head":"<!-- This site is optimized with the Yoast SEO plugin v27.4 - https:\/\/yoast.com\/product\/yoast-seo-wordpress\/ -->\n<title>Acuerdo UE-Mercosur: Ejecutivo consensua con el sector privado posici\u00f3n nacional sobre cuotas arancelarias - .::Agencia IP::.<\/title>\n<meta name=\"robots\" content=\"index, follow, max-snippet:-1, max-image-preview:large, max-video-preview:-1\" \/>\n<link rel=\"canonical\" href=\"https:\/\/www.ip.gov.py\/ip\/2026\/04\/25\/acuerdo-ue-mercosur-ejecutivo-consensua-con-el-sector-privado-posicion-nacional-sobre-cuotas-arancelarias\/\" \/>\n<meta property=\"og:locale\" content=\"es_ES\" \/>\n<meta property=\"og:type\" content=\"article\" \/>\n<meta property=\"og:title\" content=\"Acuerdo UE-Mercosur: Ejecutivo consensua con el sector privado posici\u00f3n nacional sobre cuotas arancelarias - .::Agencia IP::.\" \/>\n<meta property=\"og:description\" content=\"Asunci\u00f3n, Agencia IP.- El presidente de la Rep\u00fablica, Santiago Pe\u00f1a, se reuni\u00f3 con autoridades del sector p\u00fablico y representantes del sector privado para definir la posici\u00f3n nacional sobre la distribuci\u00f3n de las cuotas arancelarias que otorga el acuerdo Uni\u00f3n Europea-Mercosur.\" \/>\n<meta property=\"og:url\" content=\"https:\/\/www.ip.gov.py\/ip\/2026\/04\/25\/acuerdo-ue-mercosur-ejecutivo-consensua-con-el-sector-privado-posicion-nacional-sobre-cuotas-arancelarias\/\" \/>\n<meta property=\"og:site_name\" content=\".::Agencia IP::.\" \/>\n<meta property=\"article:publisher\" content=\"https:\/\/www.facebook.com\/IPParaguay\/\" \/>\n<meta property=\"article:published_time\" content=\"2026-04-25T14:34:27+00:00\" \/>\n<meta property=\"article:modified_time\" content=\"2026-04-26T02:29:30+00:00\" \/>\n<meta property=\"og:image\" content=\"https:\/\/www.ip.gov.py\/ip\/wp-content\/uploads\/2026\/04\/HGs6bvebsAAjk2D.jpeg\" \/>\n\t<meta property=\"og:image:width\" content=\"1280\" \/>\n\t<meta property=\"og:image:height\" content=\"853\" \/>\n\t<meta property=\"og:image:type\" content=\"image\/jpeg\" \/>\n<meta name=\"author\" content=\"Santiago Gonzalez\" \/>\n<meta name=\"twitter:card\" content=\"summary_large_image\" \/>\n<meta name=\"twitter:creator\" content=\"@IPParaguay\" \/>\n<meta name=\"twitter:site\" content=\"@IPParaguay\" \/>\n<meta name=\"twitter:label1\" content=\"Escrito por\" \/>\n\t<meta name=\"twitter:data1\" content=\"Santiago Gonzalez\" \/>\n\t<meta name=\"twitter:label2\" content=\"Tiempo de lectura\" \/>\n\t<meta name=\"twitter:data2\" content=\"2 minutos\" \/>\n<script type=\"application\/ld+json\" class=\"yoast-schema-graph\">{\"@context\":\"https:\\\/\\\/schema.org\",\"@graph\":[{\"@type\":\"Article\",\"@id\":\"https:\\\/\\\/www.ip.gov.py\\\/ip\\\/2026\\\/04\\\/25\\\/acuerdo-ue-mercosur-ejecutivo-consensua-con-el-sector-privado-posicion-nacional-sobre-cuotas-arancelarias\\\/#article\",\"isPartOf\":{\"@id\":\"https:\\\/\\\/www.ip.gov.py\\\/ip\\\/2026\\\/04\\\/25\\\/acuerdo-ue-mercosur-ejecutivo-consensua-con-el-sector-privado-posicion-nacional-sobre-cuotas-arancelarias\\\/\"},\"author\":{\"name\":\"Santiago Gonzalez\",\"@id\":\"https:\\\/\\\/www.ip.gov.py\\\/ip\\\/#\\\/schema\\\/person\\\/b0c66cbbf8531b09c60b7c7e0b6fcbea\"},\"headline\":\"Acuerdo UE-Mercosur: Ejecutivo consensua con el sector privado posici\u00f3n nacional sobre cuotas arancelarias\",\"datePublished\":\"2026-04-25T14:34:27+00:00\",\"dateModified\":\"2026-04-26T02:29:30+00:00\",\"mainEntityOfPage\":{\"@id\":\"https:\\\/\\\/www.ip.gov.py\\\/ip\\\/2026\\\/04\\\/25\\\/acuerdo-ue-mercosur-ejecutivo-consensua-con-el-sector-privado-posicion-nacional-sobre-cuotas-arancelarias\\\/\"},\"wordCount\":218,\"publisher\":{\"@id\":\"https:\\\/\\\/www.ip.gov.py\\\/ip\\\/#organization\"},\"image\":{\"@id\":\"https:\\\/\\\/www.ip.gov.py\\\/ip\\\/2026\\\/04\\\/25\\\/acuerdo-ue-mercosur-ejecutivo-consensua-con-el-sector-privado-posicion-nacional-sobre-cuotas-arancelarias\\\/#primaryimage\"},\"thumbnailUrl\":\"https:\\\/\\\/www.ip.gov.py\\\/ip\\\/wp-content\\\/uploads\\\/2026\\\/04\\\/HGs6bvebsAAjk2D.jpeg\",\"articleSection\":[\"Featured\",\"Pol\u00edtica\"],\"inLanguage\":\"es\"},{\"@type\":\"WebPage\",\"@id\":\"https:\\\/\\\/www.ip.gov.py\\\/ip\\\/2026\\\/04\\\/25\\\/acuerdo-ue-mercosur-ejecutivo-consensua-con-el-sector-privado-posicion-nacional-sobre-cuotas-arancelarias\\\/\",\"url\":\"https:\\\/\\\/www.ip.gov.py\\\/ip\\\/2026\\\/04\\\/25\\\/acuerdo-ue-mercosur-ejecutivo-consensua-con-el-sector-privado-posicion-nacional-sobre-cuotas-arancelarias\\\/\",\"name\":\"Acuerdo UE-Mercosur: Ejecutivo consensua con el sector privado posici\u00f3n nacional sobre cuotas arancelarias - .::Agencia IP::.\",\"isPartOf\":{\"@id\":\"https:\\\/\\\/www.ip.gov.py\\\/ip\\\/#website\"},\"primaryImageOfPage\":{\"@id\":\"https:\\\/\\\/www.ip.gov.py\\\/ip\\\/2026\\\/04\\\/25\\\/acuerdo-ue-mercosur-ejecutivo-consensua-con-el-sector-privado-posicion-nacional-sobre-cuotas-arancelarias\\\/#primaryimage\"},\"image\":{\"@id\":\"https:\\\/\\\/www.ip.gov.py\\\/ip\\\/2026\\\/04\\\/25\\\/acuerdo-ue-mercosur-ejecutivo-consensua-con-el-sector-privado-posicion-nacional-sobre-cuotas-arancelarias\\\/#primaryimage\"},\"thumbnailUrl\":\"https:\\\/\\\/www.ip.gov.py\\\/ip\\\/wp-content\\\/uploads\\\/2026\\\/04\\\/HGs6bvebsAAjk2D.jpeg\",\"datePublished\":\"2026-04-25T14:34:27+00:00\",\"dateModified\":\"2026-04-26T02:29:30+00:00\",\"breadcrumb\":{\"@id\":\"https:\\\/\\\/www.ip.gov.py\\\/ip\\\/2026\\\/04\\\/25\\\/acuerdo-ue-mercosur-ejecutivo-consensua-con-el-sector-privado-posicion-nacional-sobre-cuotas-arancelarias\\\/#breadcrumb\"},\"inLanguage\":\"es\",\"potentialAction\":[{\"@type\":\"ReadAction\",\"target\":[\"https:\\\/\\\/www.ip.gov.py\\\/ip\\\/2026\\\/04\\\/25\\\/acuerdo-ue-mercosur-ejecutivo-consensua-con-el-sector-privado-posicion-nacional-sobre-cuotas-arancelarias\\\/\"]}]},{\"@type\":\"ImageObject\",\"inLanguage\":\"es\",\"@id\":\"https:\\\/\\\/www.ip.gov.py\\\/ip\\\/2026\\\/04\\\/25\\\/acuerdo-ue-mercosur-ejecutivo-consensua-con-el-sector-privado-posicion-nacional-sobre-cuotas-arancelarias\\\/#primaryimage\",\"url\":\"https:\\\/\\\/www.ip.gov.py\\\/ip\\\/wp-content\\\/uploads\\\/2026\\\/04\\\/HGs6bvebsAAjk2D.jpeg\",\"contentUrl\":\"https:\\\/\\\/www.ip.gov.py\\\/ip\\\/wp-content\\\/uploads\\\/2026\\\/04\\\/HGs6bvebsAAjk2D.jpeg\",\"width\":1280,\"height\":853,\"caption\":\"Foto: Presidencia\"},{\"@type\":\"BreadcrumbList\",\"@id\":\"https:\\\/\\\/www.ip.gov.py\\\/ip\\\/2026\\\/04\\\/25\\\/acuerdo-ue-mercosur-ejecutivo-consensua-con-el-sector-privado-posicion-nacional-sobre-cuotas-arancelarias\\\/#breadcrumb\",\"itemListElement\":[{\"@type\":\"ListItem\",\"position\":1,\"name\":\"Portada\",\"item\":\"https:\\\/\\\/www.ip.gov.py\\\/ip\\\/\"},{\"@type\":\"ListItem\",\"position\":2,\"name\":\"Acuerdo UE-Mercosur: Ejecutivo consensua con el sector privado posici\u00f3n nacional sobre cuotas arancelarias\"}]},{\"@type\":\"WebSite\",\"@id\":\"https:\\\/\\\/www.ip.gov.py\\\/ip\\\/#website\",\"url\":\"https:\\\/\\\/www.ip.gov.py\\\/ip\\\/\",\"name\":\".::Agencia IP::.\",\"description\":\"\",\"publisher\":{\"@id\":\"https:\\\/\\\/www.ip.gov.py\\\/ip\\\/#organization\"},\"potentialAction\":[{\"@type\":\"SearchAction\",\"target\":{\"@type\":\"EntryPoint\",\"urlTemplate\":\"https:\\\/\\\/www.ip.gov.py\\\/ip\\\/?s={search_term_string}\"},\"query-input\":{\"@type\":\"PropertyValueSpecification\",\"valueRequired\":true,\"valueName\":\"search_term_string\"}}],\"inLanguage\":\"es\"},{\"@type\":\"Organization\",\"@id\":\"https:\\\/\\\/www.ip.gov.py\\\/ip\\\/#organization\",\"name\":\"Agencia IP\",\"url\":\"https:\\\/\\\/www.ip.gov.py\\\/ip\\\/\",\"logo\":{\"@type\":\"ImageObject\",\"inLanguage\":\"es\",\"@id\":\"https:\\\/\\\/www.ip.gov.py\\\/ip\\\/#\\\/schema\\\/logo\\\/image\\\/\",\"url\":\"https:\\\/\\\/www.ip.gov.py\\\/ip\\\/wp-content\\\/uploads\\\/2018\\\/01\\\/Agencia-IP.jpg\",\"contentUrl\":\"https:\\\/\\\/www.ip.gov.py\\\/ip\\\/wp-content\\\/uploads\\\/2018\\\/01\\\/Agencia-IP.jpg\",\"width\":150,\"height\":150,\"caption\":\"Agencia IP\"},\"image\":{\"@id\":\"https:\\\/\\\/www.ip.gov.py\\\/ip\\\/#\\\/schema\\\/logo\\\/image\\\/\"},\"sameAs\":[\"https:\\\/\\\/www.facebook.com\\\/IPParaguay\\\/\",\"https:\\\/\\\/x.com\\\/IPParaguay\",\"https:\\\/\\\/www.instagram.com\\\/IPParaguay\"]},{\"@type\":\"Person\",\"@id\":\"https:\\\/\\\/www.ip.gov.py\\\/ip\\\/#\\\/schema\\\/person\\\/b0c66cbbf8531b09c60b7c7e0b6fcbea\",\"name\":\"Santiago Gonzalez\",\"url\":\"https:\\\/\\\/www.ip.gov.py\\\/ip\\\/author\\\/santiago-g\\\/\"}]}<\/script>\n<!-- \/ Yoast SEO plugin. -->","yoast_head_json":{"title":"Acuerdo UE-Mercosur: Ejecutivo consensua con el sector privado posici\u00f3n nacional sobre cuotas arancelarias - .::Agencia IP::.","robots":{"index":"index","follow":"follow","max-snippet":"max-snippet:-1","max-image-preview":"max-image-preview:large","max-video-preview":"max-video-preview:-1"},"canonical":"https:\/\/www.ip.gov.py\/ip\/2026\/04\/25\/acuerdo-ue-mercosur-ejecutivo-consensua-con-el-sector-privado-posicion-nacional-sobre-cuotas-arancelarias\/","og_locale":"es_ES","og_type":"article","og_title":"Acuerdo UE-Mercosur: Ejecutivo consensua con el sector privado posici\u00f3n nacional sobre cuotas arancelarias - .::Agencia IP::.","og_description":"Asunci\u00f3n, Agencia IP.- El presidente de la Rep\u00fablica, Santiago Pe\u00f1a, se reuni\u00f3 con autoridades del sector p\u00fablico y representantes del sector privado para definir la posici\u00f3n nacional sobre la distribuci\u00f3n de las cuotas arancelarias que otorga el acuerdo Uni\u00f3n Europea-Mercosur.","og_url":"https:\/\/www.ip.gov.py\/ip\/2026\/04\/25\/acuerdo-ue-mercosur-ejecutivo-consensua-con-el-sector-privado-posicion-nacional-sobre-cuotas-arancelarias\/","og_site_name":".::Agencia IP::.","article_publisher":"https:\/\/www.facebook.com\/IPParaguay\/","article_published_time":"2026-04-25T14:34:27+00:00","article_modified_time":"2026-04-26T02:29:30+00:00","og_image":[{"width":1280,"height":853,"url":"https:\/\/www.ip.gov.py\/ip\/wp-content\/uploads\/2026\/04\/HGs6bvebsAAjk2D.jpeg","type":"image\/jpeg"}],"author":"Santiago Gonzalez","twitter_card":"summary_large_image","twitter_creator":"@IPParaguay","twitter_site":"@IPParaguay","twitter_misc":{"Escrito por":"Santiago Gonzalez","Tiempo de lectura":"2 minutos"},"schema":{"@context":"https:\/\/schema.org","@graph":[{"@type":"Article","@id":"https:\/\/www.ip.gov.py\/ip\/2026\/04\/25\/acuerdo-ue-mercosur-ejecutivo-consensua-con-el-sector-privado-posicion-nacional-sobre-cuotas-arancelarias\/#article","isPartOf":{"@id":"https:\/\/www.ip.gov.py\/ip\/2026\/04\/25\/acuerdo-ue-mercosur-ejecutivo-consensua-con-el-sector-privado-posicion-nacional-sobre-cuotas-arancelarias\/"},"author":{"name":"Santiago Gonzalez","@id":"https:\/\/www.ip.gov.py\/ip\/#\/schema\/person\/b0c66cbbf8531b09c60b7c7e0b6fcbea"},"headline":"Acuerdo UE-Mercosur: Ejecutivo consensua con el sector privado posici\u00f3n nacional sobre cuotas arancelarias","datePublished":"2026-04-25T14:34:27+00:00","dateModified":"2026-04-26T02:29:30+00:00","mainEntityOfPage":{"@id":"https:\/\/www.ip.gov.py\/ip\/2026\/04\/25\/acuerdo-ue-mercosur-ejecutivo-consensua-con-el-sector-privado-posicion-nacional-sobre-cuotas-arancelarias\/"},"wordCount":218,"publisher":{"@id":"https:\/\/www.ip.gov.py\/ip\/#organization"},"image":{"@id":"https:\/\/www.ip.gov.py\/ip\/2026\/04\/25\/acuerdo-ue-mercosur-ejecutivo-consensua-con-el-sector-privado-posicion-nacional-sobre-cuotas-arancelarias\/#primaryimage"},"thumbnailUrl":"https:\/\/www.ip.gov.py\/ip\/wp-content\/uploads\/2026\/04\/HGs6bvebsAAjk2D.jpeg","articleSection":["Featured","Pol\u00edtica"],"inLanguage":"es"},{"@type":"WebPage","@id":"https:\/\/www.ip.gov.py\/ip\/2026\/04\/25\/acuerdo-ue-mercosur-ejecutivo-consensua-con-el-sector-privado-posicion-nacional-sobre-cuotas-arancelarias\/","url":"https:\/\/www.ip.gov.py\/ip\/2026\/04\/25\/acuerdo-ue-mercosur-ejecutivo-consensua-con-el-sector-privado-posicion-nacional-sobre-cuotas-arancelarias\/","name":"Acuerdo UE-Mercosur: Ejecutivo consensua con el sector privado posici\u00f3n nacional sobre cuotas arancelarias - .::Agencia IP::.","isPartOf":{"@id":"https:\/\/www.ip.gov.py\/ip\/#website"},"primaryImageOfPage":{"@id":"https:\/\/www.ip.gov.py\/ip\/2026\/04\/25\/acuerdo-ue-mercosur-ejecutivo-consensua-con-el-sector-privado-posicion-nacional-sobre-cuotas-arancelarias\/#primaryimage"},"image":{"@id":"https:\/\/www.ip.gov.py\/ip\/2026\/04\/25\/acuerdo-ue-mercosur-ejecutivo-consensua-con-el-sector-privado-posicion-nacional-sobre-cuotas-arancelarias\/#primaryimage"},"thumbnailUrl":"https:\/\/www.ip.gov.py\/ip\/wp-content\/uploads\/2026\/04\/HGs6bvebsAAjk2D.jpeg","datePublished":"2026-04-25T14:34:27+00:00","dateModified":"2026-04-26T02:29:30+00:00","breadcrumb":{"@id":"https:\/\/www.ip.gov.py\/ip\/2026\/04\/25\/acuerdo-ue-mercosur-ejecutivo-consensua-con-el-sector-privado-posicion-nacional-sobre-cuotas-arancelarias\/#breadcrumb"},"inLanguage":"es","potentialAction":[{"@type":"ReadAction","target":["https:\/\/www.ip.gov.py\/ip\/2026\/04\/25\/acuerdo-ue-mercosur-ejecutivo-consensua-con-el-sector-privado-posicion-nacional-sobre-cuotas-arancelarias\/"]}]},{"@type":"ImageObject","inLanguage":"es","@id":"https:\/\/www.ip.gov.py\/ip\/2026\/04\/25\/acuerdo-ue-mercosur-ejecutivo-consensua-con-el-sector-privado-posicion-nacional-sobre-cuotas-arancelarias\/#primaryimage","url":"https:\/\/www.ip.gov.py\/ip\/wp-content\/uploads\/2026\/04\/HGs6bvebsAAjk2D.jpeg","contentUrl":"https:\/\/www.ip.gov.py\/ip\/wp-content\/uploads\/2026\/04\/HGs6bvebsAAjk2D.jpeg","width":1280,"height":853,"caption":"Foto: Presidencia"},{"@type":"BreadcrumbList","@id":"https:\/\/www.ip.gov.py\/ip\/2026\/04\/25\/acuerdo-ue-mercosur-ejecutivo-consensua-con-el-sector-privado-posicion-nacional-sobre-cuotas-arancelarias\/#breadcrumb","itemListElement":[{"@type":"ListItem","position":1,"name":"Portada","item":"https:\/\/www.ip.gov.py\/ip\/"},{"@type":"ListItem","position":2,"name":"Acuerdo UE-Mercosur: Ejecutivo consensua con el sector privado posici\u00f3n nacional sobre cuotas arancelarias"}]},{"@type":"WebSite","@id":"https:\/\/www.ip.gov.py\/ip\/#website","url":"https:\/\/www.ip.gov.py\/ip\/","name":".::Agencia IP::.","description":"","publisher":{"@id":"https:\/\/www.ip.gov.py\/ip\/#organization"},"potentialAction":[{"@type":"SearchAction","target":{"@type":"EntryPoint","urlTemplate":"https:\/\/www.ip.gov.py\/ip\/?s={search_term_string}"},"query-input":{"@type":"PropertyValueSpecification","valueRequired":true,"valueName":"search_term_string"}}],"inLanguage":"es"},{"@type":"Organization","@id":"https:\/\/www.ip.gov.py\/ip\/#organization","name":"Agencia IP","url":"https:\/\/www.ip.gov.py\/ip\/","logo":{"@type":"ImageObject","inLanguage":"es","@id":"https:\/\/www.ip.gov.py\/ip\/#\/schema\/logo\/image\/","url":"https:\/\/www.ip.gov.py\/ip\/wp-content\/uploads\/2018\/01\/Agencia-IP.jpg","contentUrl":"https:\/\/www.ip.gov.py\/ip\/wp-content\/uploads\/2018\/01\/Agencia-IP.jpg","width":150,"height":150,"caption":"Agencia IP"},"image":{"@id":"https:\/\/www.ip.gov.py\/ip\/#\/schema\/logo\/image\/"},"sameAs":["https:\/\/www.facebook.com\/IPParaguay\/","https:\/\/x.com\/IPParaguay","https:\/\/www.instagram.com\/IPParaguay"]},{"@type":"Person","@id":"https:\/\/www.ip.gov.py\/ip\/#\/schema\/person\/b0c66cbbf8531b09c60b7c7e0b6fcbea","name":"Santiago Gonzalez","url":"https:\/\/www.ip.gov.py\/ip\/author\/santiago-g\/"}]}},"_links":{"self":[{"href":"https:\/\/www.ip.gov.py\/ip\/wp-json\/wp\/v2\/posts\/579070","targetHints":{"allow":["GET"]}}],"collection":[{"href":"https:\/\/www.ip.gov.py\/ip\/wp-json\/wp\/v2\/posts"}],"about":[{"href":"https:\/\/www.ip.gov.py\/ip\/wp-json\/wp\/v2\/types\/post"}],"author":[{"embeddable":true,"href":"https:\/\/www.ip.gov.py\/ip\/wp-json\/wp\/v2\/users\/47"}],"replies":[{"embeddable":true,"href":"https:\/\/www.ip.gov.py\/ip\/wp-json\/wp\/v2\/comments?post=579070"}],"version-history":[{"count":11,"href":"https:\/\/www.ip.gov.py\/ip\/wp-json\/wp\/v2\/posts\/579070\/revisions"}],"predecessor-version":[{"id":579104,"href":"https:\/\/www.ip.gov.py\/ip\/wp-json\/wp\/v2\/posts\/579070\/revisions\/579104"}],"wp:featuredmedia":[{"embeddable":true,"href":"https:\/\/www.ip.gov.py\/ip\/wp-json\/wp\/v2\/media\/579074"}],"wp:attachment":[{"href":"https:\/\/www.ip.gov.py\/ip\/wp-json\/wp\/v2\/media?parent=579070"}],"wp:term":[{"taxonomy":"category","embeddable":true,"href":"https:\/\/www.ip.gov.py\/ip\/wp-json\/wp\/v2\/categories?post=579070"},{"taxonomy":"post_tag","embeddable":true,"href":"https:\/\/www.ip.gov.py\/ip\/wp-json\/wp\/v2\/tags?post=579070"}],"curies":[{"name":"wp","href":"https:\/\/api.w.org\/{rel}","templated":true}]}}