{"id":579642,"date":"2026-04-29T16:22:08","date_gmt":"2026-04-29T19:22:08","guid":{"rendered":"https:\/\/www.ip.gov.py\/ip\/?p=579642"},"modified":"2026-04-29T16:22:08","modified_gmt":"2026-04-29T19:22:08","slug":"analizaran-el-oratorio-de-pascua-de-bach-desde-una-mirada-musical-y-teologica","status":"publish","type":"post","link":"https:\/\/www.ip.gov.py\/ip\/2026\/04\/29\/analizaran-el-oratorio-de-pascua-de-bach-desde-una-mirada-musical-y-teologica\/","title":{"rendered":"Analizar\u00e1n el Oratorio de Pascua de Bach desde una mirada musical y teol\u00f3gica"},"content":{"rendered":"<p style=\"text-align: justify;\"><em><strong>Asunci\u00f3n, Agencia IP.-<\/strong><\/em> La Orquesta Sinf\u00f3nica Nacional del Paraguay (OSN) anunci\u00f3 la realizaci\u00f3n de una conferencia magistral titulada \u00abBach y la \u00f3pera: una mirada profunda al Oratorio de Pascua\u00bb, una propuesta acad\u00e9mica que invita a explorar las dimensiones musicales, teol\u00f3gicas y dram\u00e1ticas de una de las obras m\u00e1s representativas del repertorio barroco.<!--more--><\/p>\n<p style=\"text-align: justify;\">La actividad se llevar\u00e1 a cabo este mi\u00e9rcoles 29 de abril, de 19:00 a 20:30, en el auditorio de la OSN, ubicado en Ayala Vel\u00e1zquez 376, en Asunci\u00f3n.<\/p>\n<p style=\"text-align: justify;\">La conferencia estar\u00e1 a cargo del director y compositor Diego S\u00e1nchez Haase y del pastor Michael Nachtrab, quienes abordar\u00e1n el Oratorio de Pascua BWV 249 del compositor alem\u00e1n Johann Sebastian Bach. El an\u00e1lisis combinar\u00e1 enfoques musicales y teol\u00f3gicos, permitiendo al p\u00fablico comprender tanto la estructura art\u00edstica como el trasfondo espiritual de la obra.<\/p>\n<p style=\"text-align: justify;\">Desde la OSN destacaron que se trata de una oportunidad \u00fanica para profundizar en la riqueza expresiva de esta composici\u00f3n, considerada una de las m\u00e1s emblem\u00e1ticas del per\u00edodo barroco, as\u00ed como en su relaci\u00f3n con elementos dram\u00e1ticos cercanos a la \u00f3pera.<\/p>\n<p style=\"text-align: justify;\">Los interesados en participar pueden completar <strong><a href=\"https:\/\/l.facebook.com\/l.php?u=https%3A%2F%2Fforms.gle%2FdVLn8tw3fuxh5dkD6%3Ffbclid%3DIwZXh0bgNhZW0CMTAAYnJpZBExNk1PVHYzcTlDZGlDUzBlYXNydGMGYXBwX2lkEDIyMjAzOTE3ODgyMDA4OTIAAR55xa5ya5Cthan2ceCI7wxWb2a2VcBs10Dz3cKuRFaL0APnRiEP3Ee45uKN0Q_aem_88x2lo0fagsfutQJ7vRU5g&amp;h=AT6pVIeL_M93QLzU2Wi-e1W7-gY354b5N7rbcQCz3Tj_1iLw86J4ux0Og9UdtYHpaWgkgnb3a_1QA0WYMKVNV1UVpEM2k5iLhuytObQfvPjWrIfyp-V8mhJ30BFH0ZTjzGURRKk-IgoxYmaw_txRFL7egCQWwXLc9TXLTw&amp;__tn__=-UK-R&amp;c[0]=AT7Jh0EzbLCDl8zC2oNJ2GoWFMI47MpqmTZxKwcq6kWsagoog4r-hermWICJY5UlClOnPndzmYdUDKxdD7WickP54TlHLSdsJreenAICBk2vb40_PwZ5kK0GNcD_DxY3weI_BPn-Z0ZcO_Lf5sQOFPSc7pPzZ7GVmIE35V4dtm87CtdVmAcSAvZmdUq79wU\">el formulario de inscripci\u00f3n habilitado por la organizaci\u00f3n<\/a><\/strong>. La iniciativa forma parte de las actividades de extensi\u00f3n cultural que buscan acercar la m\u00fasica acad\u00e9mica al p\u00fablico y fomentar espacios de reflexi\u00f3n en torno a grandes obras del repertorio universal.<\/p>\n","protected":false},"excerpt":{"rendered":"<p>Asunci\u00f3n, Agencia IP.- La Orquesta Sinf\u00f3nica Nacional del Paraguay (OSN) anunci\u00f3 la realizaci\u00f3n de una conferencia magistral titulada \u00abBach y la \u00f3pera: una mirada profunda al Oratorio de Pascua\u00bb, una propuesta acad\u00e9mica que invita a explorar las dimensiones musicales, teol\u00f3gicas y dram\u00e1ticas de una de las obras m\u00e1s representativas del repertorio barroco.<\/p>\n","protected":false},"author":38,"featured_media":579643,"comment_status":"closed","ping_status":"closed","sticky":false,"template":"","format":"standard","meta":{"_monsterinsights_skip_tracking":false,"_monsterinsights_sitenote_active":false,"_monsterinsights_sitenote_note":"","_monsterinsights_sitenote_category":0,"footnotes":""},"categories":[7],"tags":[],"class_list":{"0":"post-579642","1":"post","2":"type-post","3":"status-publish","4":"format-standard","5":"has-post-thumbnail","7":"category-cultura"},"yoast_head":"<!-- This site is optimized with the Yoast SEO plugin v27.5 - https:\/\/yoast.com\/product\/yoast-seo-wordpress\/ -->\n<title>Analizar\u00e1n el Oratorio de Pascua de Bach desde una mirada musical y teol\u00f3gica - .::Agencia IP::.<\/title>\n<meta name=\"robots\" content=\"index, follow, max-snippet:-1, max-image-preview:large, max-video-preview:-1\" \/>\n<link rel=\"canonical\" href=\"https:\/\/www.ip.gov.py\/ip\/2026\/04\/29\/analizaran-el-oratorio-de-pascua-de-bach-desde-una-mirada-musical-y-teologica\/\" \/>\n<meta property=\"og:locale\" content=\"es_ES\" \/>\n<meta property=\"og:type\" content=\"article\" \/>\n<meta property=\"og:title\" content=\"Analizar\u00e1n el Oratorio de Pascua de Bach desde una mirada musical y teol\u00f3gica - .::Agencia IP::.\" \/>\n<meta property=\"og:description\" content=\"Asunci\u00f3n, Agencia IP.- La Orquesta Sinf\u00f3nica Nacional del Paraguay (OSN) anunci\u00f3 la realizaci\u00f3n de una conferencia magistral titulada \u00abBach y la \u00f3pera: una mirada profunda al Oratorio de Pascua\u00bb, una propuesta acad\u00e9mica que invita a explorar las dimensiones musicales, teol\u00f3gicas y dram\u00e1ticas de una de las obras m\u00e1s representativas del repertorio barroco.\" \/>\n<meta property=\"og:url\" content=\"https:\/\/www.ip.gov.py\/ip\/2026\/04\/29\/analizaran-el-oratorio-de-pascua-de-bach-desde-una-mirada-musical-y-teologica\/\" \/>\n<meta property=\"og:site_name\" content=\".::Agencia IP::.\" \/>\n<meta property=\"article:publisher\" content=\"https:\/\/www.facebook.com\/IPParaguay\/\" \/>\n<meta property=\"article:published_time\" content=\"2026-04-29T19:22:08+00:00\" \/>\n<meta property=\"og:image\" content=\"https:\/\/www.ip.gov.py\/ip\/wp-content\/uploads\/2026\/04\/Bach.png\" \/>\n\t<meta property=\"og:image:width\" content=\"1176\" \/>\n\t<meta property=\"og:image:height\" content=\"634\" \/>\n\t<meta property=\"og:image:type\" content=\"image\/png\" \/>\n<meta name=\"author\" content=\"Jazm\u00edn Romero\" \/>\n<meta name=\"twitter:card\" content=\"summary_large_image\" \/>\n<meta name=\"twitter:creator\" content=\"@IPParaguay\" \/>\n<meta name=\"twitter:site\" content=\"@IPParaguay\" \/>\n<meta name=\"twitter:label1\" content=\"Escrito por\" \/>\n\t<meta name=\"twitter:data1\" content=\"Jazm\u00edn Romero\" \/>\n\t<meta name=\"twitter:label2\" content=\"Tiempo de lectura\" \/>\n\t<meta name=\"twitter:data2\" content=\"2 minutos\" \/>\n<script type=\"application\/ld+json\" class=\"yoast-schema-graph\">{\"@context\":\"https:\\\/\\\/schema.org\",\"@graph\":[{\"@type\":\"Article\",\"@id\":\"https:\\\/\\\/www.ip.gov.py\\\/ip\\\/2026\\\/04\\\/29\\\/analizaran-el-oratorio-de-pascua-de-bach-desde-una-mirada-musical-y-teologica\\\/#article\",\"isPartOf\":{\"@id\":\"https:\\\/\\\/www.ip.gov.py\\\/ip\\\/2026\\\/04\\\/29\\\/analizaran-el-oratorio-de-pascua-de-bach-desde-una-mirada-musical-y-teologica\\\/\"},\"author\":{\"name\":\"Jazm\u00edn Romero\",\"@id\":\"https:\\\/\\\/www.ip.gov.py\\\/ip\\\/#\\\/schema\\\/person\\\/d7339edf7d2cb522982203812abc7941\"},\"headline\":\"Analizar\u00e1n el Oratorio de Pascua de Bach desde una mirada musical y teol\u00f3gica\",\"datePublished\":\"2026-04-29T19:22:08+00:00\",\"mainEntityOfPage\":{\"@id\":\"https:\\\/\\\/www.ip.gov.py\\\/ip\\\/2026\\\/04\\\/29\\\/analizaran-el-oratorio-de-pascua-de-bach-desde-una-mirada-musical-y-teologica\\\/\"},\"wordCount\":260,\"publisher\":{\"@id\":\"https:\\\/\\\/www.ip.gov.py\\\/ip\\\/#organization\"},\"image\":{\"@id\":\"https:\\\/\\\/www.ip.gov.py\\\/ip\\\/2026\\\/04\\\/29\\\/analizaran-el-oratorio-de-pascua-de-bach-desde-una-mirada-musical-y-teologica\\\/#primaryimage\"},\"thumbnailUrl\":\"https:\\\/\\\/www.ip.gov.py\\\/ip\\\/wp-content\\\/uploads\\\/2026\\\/04\\\/Bach.png\",\"articleSection\":[\"Cultura\"],\"inLanguage\":\"es\"},{\"@type\":\"WebPage\",\"@id\":\"https:\\\/\\\/www.ip.gov.py\\\/ip\\\/2026\\\/04\\\/29\\\/analizaran-el-oratorio-de-pascua-de-bach-desde-una-mirada-musical-y-teologica\\\/\",\"url\":\"https:\\\/\\\/www.ip.gov.py\\\/ip\\\/2026\\\/04\\\/29\\\/analizaran-el-oratorio-de-pascua-de-bach-desde-una-mirada-musical-y-teologica\\\/\",\"name\":\"Analizar\u00e1n el Oratorio de Pascua de Bach desde una mirada musical y teol\u00f3gica - .::Agencia IP::.\",\"isPartOf\":{\"@id\":\"https:\\\/\\\/www.ip.gov.py\\\/ip\\\/#website\"},\"primaryImageOfPage\":{\"@id\":\"https:\\\/\\\/www.ip.gov.py\\\/ip\\\/2026\\\/04\\\/29\\\/analizaran-el-oratorio-de-pascua-de-bach-desde-una-mirada-musical-y-teologica\\\/#primaryimage\"},\"image\":{\"@id\":\"https:\\\/\\\/www.ip.gov.py\\\/ip\\\/2026\\\/04\\\/29\\\/analizaran-el-oratorio-de-pascua-de-bach-desde-una-mirada-musical-y-teologica\\\/#primaryimage\"},\"thumbnailUrl\":\"https:\\\/\\\/www.ip.gov.py\\\/ip\\\/wp-content\\\/uploads\\\/2026\\\/04\\\/Bach.png\",\"datePublished\":\"2026-04-29T19:22:08+00:00\",\"breadcrumb\":{\"@id\":\"https:\\\/\\\/www.ip.gov.py\\\/ip\\\/2026\\\/04\\\/29\\\/analizaran-el-oratorio-de-pascua-de-bach-desde-una-mirada-musical-y-teologica\\\/#breadcrumb\"},\"inLanguage\":\"es\",\"potentialAction\":[{\"@type\":\"ReadAction\",\"target\":[\"https:\\\/\\\/www.ip.gov.py\\\/ip\\\/2026\\\/04\\\/29\\\/analizaran-el-oratorio-de-pascua-de-bach-desde-una-mirada-musical-y-teologica\\\/\"]}]},{\"@type\":\"ImageObject\",\"inLanguage\":\"es\",\"@id\":\"https:\\\/\\\/www.ip.gov.py\\\/ip\\\/2026\\\/04\\\/29\\\/analizaran-el-oratorio-de-pascua-de-bach-desde-una-mirada-musical-y-teologica\\\/#primaryimage\",\"url\":\"https:\\\/\\\/www.ip.gov.py\\\/ip\\\/wp-content\\\/uploads\\\/2026\\\/04\\\/Bach.png\",\"contentUrl\":\"https:\\\/\\\/www.ip.gov.py\\\/ip\\\/wp-content\\\/uploads\\\/2026\\\/04\\\/Bach.png\",\"width\":1176,\"height\":634,\"caption\":\"Johann Sebastian Bach.\"},{\"@type\":\"BreadcrumbList\",\"@id\":\"https:\\\/\\\/www.ip.gov.py\\\/ip\\\/2026\\\/04\\\/29\\\/analizaran-el-oratorio-de-pascua-de-bach-desde-una-mirada-musical-y-teologica\\\/#breadcrumb\",\"itemListElement\":[{\"@type\":\"ListItem\",\"position\":1,\"name\":\"Portada\",\"item\":\"https:\\\/\\\/www.ip.gov.py\\\/ip\\\/\"},{\"@type\":\"ListItem\",\"position\":2,\"name\":\"Analizar\u00e1n el Oratorio de Pascua de Bach desde una mirada musical y teol\u00f3gica\"}]},{\"@type\":\"WebSite\",\"@id\":\"https:\\\/\\\/www.ip.gov.py\\\/ip\\\/#website\",\"url\":\"https:\\\/\\\/www.ip.gov.py\\\/ip\\\/\",\"name\":\".::Agencia IP::.\",\"description\":\"\",\"publisher\":{\"@id\":\"https:\\\/\\\/www.ip.gov.py\\\/ip\\\/#organization\"},\"potentialAction\":[{\"@type\":\"SearchAction\",\"target\":{\"@type\":\"EntryPoint\",\"urlTemplate\":\"https:\\\/\\\/www.ip.gov.py\\\/ip\\\/?s={search_term_string}\"},\"query-input\":{\"@type\":\"PropertyValueSpecification\",\"valueRequired\":true,\"valueName\":\"search_term_string\"}}],\"inLanguage\":\"es\"},{\"@type\":\"Organization\",\"@id\":\"https:\\\/\\\/www.ip.gov.py\\\/ip\\\/#organization\",\"name\":\"Agencia IP\",\"url\":\"https:\\\/\\\/www.ip.gov.py\\\/ip\\\/\",\"logo\":{\"@type\":\"ImageObject\",\"inLanguage\":\"es\",\"@id\":\"https:\\\/\\\/www.ip.gov.py\\\/ip\\\/#\\\/schema\\\/logo\\\/image\\\/\",\"url\":\"https:\\\/\\\/www.ip.gov.py\\\/ip\\\/wp-content\\\/uploads\\\/2018\\\/01\\\/Agencia-IP.jpg\",\"contentUrl\":\"https:\\\/\\\/www.ip.gov.py\\\/ip\\\/wp-content\\\/uploads\\\/2018\\\/01\\\/Agencia-IP.jpg\",\"width\":150,\"height\":150,\"caption\":\"Agencia IP\"},\"image\":{\"@id\":\"https:\\\/\\\/www.ip.gov.py\\\/ip\\\/#\\\/schema\\\/logo\\\/image\\\/\"},\"sameAs\":[\"https:\\\/\\\/www.facebook.com\\\/IPParaguay\\\/\",\"https:\\\/\\\/x.com\\\/IPParaguay\",\"https:\\\/\\\/www.instagram.com\\\/IPParaguay\"]},{\"@type\":\"Person\",\"@id\":\"https:\\\/\\\/www.ip.gov.py\\\/ip\\\/#\\\/schema\\\/person\\\/d7339edf7d2cb522982203812abc7941\",\"name\":\"Jazm\u00edn Romero\",\"url\":\"https:\\\/\\\/www.ip.gov.py\\\/ip\\\/author\\\/jromero\\\/\"}]}<\/script>\n<!-- \/ Yoast SEO plugin. -->","yoast_head_json":{"title":"Analizar\u00e1n el Oratorio de Pascua de Bach desde una mirada musical y teol\u00f3gica - .::Agencia IP::.","robots":{"index":"index","follow":"follow","max-snippet":"max-snippet:-1","max-image-preview":"max-image-preview:large","max-video-preview":"max-video-preview:-1"},"canonical":"https:\/\/www.ip.gov.py\/ip\/2026\/04\/29\/analizaran-el-oratorio-de-pascua-de-bach-desde-una-mirada-musical-y-teologica\/","og_locale":"es_ES","og_type":"article","og_title":"Analizar\u00e1n el Oratorio de Pascua de Bach desde una mirada musical y teol\u00f3gica - .::Agencia IP::.","og_description":"Asunci\u00f3n, Agencia IP.- La Orquesta Sinf\u00f3nica Nacional del Paraguay (OSN) anunci\u00f3 la realizaci\u00f3n de una conferencia magistral titulada \u00abBach y la \u00f3pera: una mirada profunda al Oratorio de Pascua\u00bb, una propuesta acad\u00e9mica que invita a explorar las dimensiones musicales, teol\u00f3gicas y dram\u00e1ticas de una de las obras m\u00e1s representativas del repertorio barroco.","og_url":"https:\/\/www.ip.gov.py\/ip\/2026\/04\/29\/analizaran-el-oratorio-de-pascua-de-bach-desde-una-mirada-musical-y-teologica\/","og_site_name":".::Agencia IP::.","article_publisher":"https:\/\/www.facebook.com\/IPParaguay\/","article_published_time":"2026-04-29T19:22:08+00:00","og_image":[{"width":1176,"height":634,"url":"https:\/\/www.ip.gov.py\/ip\/wp-content\/uploads\/2026\/04\/Bach.png","type":"image\/png"}],"author":"Jazm\u00edn Romero","twitter_card":"summary_large_image","twitter_creator":"@IPParaguay","twitter_site":"@IPParaguay","twitter_misc":{"Escrito por":"Jazm\u00edn Romero","Tiempo de lectura":"2 minutos"},"schema":{"@context":"https:\/\/schema.org","@graph":[{"@type":"Article","@id":"https:\/\/www.ip.gov.py\/ip\/2026\/04\/29\/analizaran-el-oratorio-de-pascua-de-bach-desde-una-mirada-musical-y-teologica\/#article","isPartOf":{"@id":"https:\/\/www.ip.gov.py\/ip\/2026\/04\/29\/analizaran-el-oratorio-de-pascua-de-bach-desde-una-mirada-musical-y-teologica\/"},"author":{"name":"Jazm\u00edn Romero","@id":"https:\/\/www.ip.gov.py\/ip\/#\/schema\/person\/d7339edf7d2cb522982203812abc7941"},"headline":"Analizar\u00e1n el Oratorio de Pascua de Bach desde una mirada musical y teol\u00f3gica","datePublished":"2026-04-29T19:22:08+00:00","mainEntityOfPage":{"@id":"https:\/\/www.ip.gov.py\/ip\/2026\/04\/29\/analizaran-el-oratorio-de-pascua-de-bach-desde-una-mirada-musical-y-teologica\/"},"wordCount":260,"publisher":{"@id":"https:\/\/www.ip.gov.py\/ip\/#organization"},"image":{"@id":"https:\/\/www.ip.gov.py\/ip\/2026\/04\/29\/analizaran-el-oratorio-de-pascua-de-bach-desde-una-mirada-musical-y-teologica\/#primaryimage"},"thumbnailUrl":"https:\/\/www.ip.gov.py\/ip\/wp-content\/uploads\/2026\/04\/Bach.png","articleSection":["Cultura"],"inLanguage":"es"},{"@type":"WebPage","@id":"https:\/\/www.ip.gov.py\/ip\/2026\/04\/29\/analizaran-el-oratorio-de-pascua-de-bach-desde-una-mirada-musical-y-teologica\/","url":"https:\/\/www.ip.gov.py\/ip\/2026\/04\/29\/analizaran-el-oratorio-de-pascua-de-bach-desde-una-mirada-musical-y-teologica\/","name":"Analizar\u00e1n el Oratorio de Pascua de Bach desde una mirada musical y teol\u00f3gica - .::Agencia IP::.","isPartOf":{"@id":"https:\/\/www.ip.gov.py\/ip\/#website"},"primaryImageOfPage":{"@id":"https:\/\/www.ip.gov.py\/ip\/2026\/04\/29\/analizaran-el-oratorio-de-pascua-de-bach-desde-una-mirada-musical-y-teologica\/#primaryimage"},"image":{"@id":"https:\/\/www.ip.gov.py\/ip\/2026\/04\/29\/analizaran-el-oratorio-de-pascua-de-bach-desde-una-mirada-musical-y-teologica\/#primaryimage"},"thumbnailUrl":"https:\/\/www.ip.gov.py\/ip\/wp-content\/uploads\/2026\/04\/Bach.png","datePublished":"2026-04-29T19:22:08+00:00","breadcrumb":{"@id":"https:\/\/www.ip.gov.py\/ip\/2026\/04\/29\/analizaran-el-oratorio-de-pascua-de-bach-desde-una-mirada-musical-y-teologica\/#breadcrumb"},"inLanguage":"es","potentialAction":[{"@type":"ReadAction","target":["https:\/\/www.ip.gov.py\/ip\/2026\/04\/29\/analizaran-el-oratorio-de-pascua-de-bach-desde-una-mirada-musical-y-teologica\/"]}]},{"@type":"ImageObject","inLanguage":"es","@id":"https:\/\/www.ip.gov.py\/ip\/2026\/04\/29\/analizaran-el-oratorio-de-pascua-de-bach-desde-una-mirada-musical-y-teologica\/#primaryimage","url":"https:\/\/www.ip.gov.py\/ip\/wp-content\/uploads\/2026\/04\/Bach.png","contentUrl":"https:\/\/www.ip.gov.py\/ip\/wp-content\/uploads\/2026\/04\/Bach.png","width":1176,"height":634,"caption":"Johann Sebastian Bach."},{"@type":"BreadcrumbList","@id":"https:\/\/www.ip.gov.py\/ip\/2026\/04\/29\/analizaran-el-oratorio-de-pascua-de-bach-desde-una-mirada-musical-y-teologica\/#breadcrumb","itemListElement":[{"@type":"ListItem","position":1,"name":"Portada","item":"https:\/\/www.ip.gov.py\/ip\/"},{"@type":"ListItem","position":2,"name":"Analizar\u00e1n el Oratorio de Pascua de Bach desde una mirada musical y teol\u00f3gica"}]},{"@type":"WebSite","@id":"https:\/\/www.ip.gov.py\/ip\/#website","url":"https:\/\/www.ip.gov.py\/ip\/","name":".::Agencia IP::.","description":"","publisher":{"@id":"https:\/\/www.ip.gov.py\/ip\/#organization"},"potentialAction":[{"@type":"SearchAction","target":{"@type":"EntryPoint","urlTemplate":"https:\/\/www.ip.gov.py\/ip\/?s={search_term_string}"},"query-input":{"@type":"PropertyValueSpecification","valueRequired":true,"valueName":"search_term_string"}}],"inLanguage":"es"},{"@type":"Organization","@id":"https:\/\/www.ip.gov.py\/ip\/#organization","name":"Agencia IP","url":"https:\/\/www.ip.gov.py\/ip\/","logo":{"@type":"ImageObject","inLanguage":"es","@id":"https:\/\/www.ip.gov.py\/ip\/#\/schema\/logo\/image\/","url":"https:\/\/www.ip.gov.py\/ip\/wp-content\/uploads\/2018\/01\/Agencia-IP.jpg","contentUrl":"https:\/\/www.ip.gov.py\/ip\/wp-content\/uploads\/2018\/01\/Agencia-IP.jpg","width":150,"height":150,"caption":"Agencia IP"},"image":{"@id":"https:\/\/www.ip.gov.py\/ip\/#\/schema\/logo\/image\/"},"sameAs":["https:\/\/www.facebook.com\/IPParaguay\/","https:\/\/x.com\/IPParaguay","https:\/\/www.instagram.com\/IPParaguay"]},{"@type":"Person","@id":"https:\/\/www.ip.gov.py\/ip\/#\/schema\/person\/d7339edf7d2cb522982203812abc7941","name":"Jazm\u00edn Romero","url":"https:\/\/www.ip.gov.py\/ip\/author\/jromero\/"}]}},"_links":{"self":[{"href":"https:\/\/www.ip.gov.py\/ip\/wp-json\/wp\/v2\/posts\/579642","targetHints":{"allow":["GET"]}}],"collection":[{"href":"https:\/\/www.ip.gov.py\/ip\/wp-json\/wp\/v2\/posts"}],"about":[{"href":"https:\/\/www.ip.gov.py\/ip\/wp-json\/wp\/v2\/types\/post"}],"author":[{"embeddable":true,"href":"https:\/\/www.ip.gov.py\/ip\/wp-json\/wp\/v2\/users\/38"}],"replies":[{"embeddable":true,"href":"https:\/\/www.ip.gov.py\/ip\/wp-json\/wp\/v2\/comments?post=579642"}],"version-history":[{"count":1,"href":"https:\/\/www.ip.gov.py\/ip\/wp-json\/wp\/v2\/posts\/579642\/revisions"}],"predecessor-version":[{"id":579644,"href":"https:\/\/www.ip.gov.py\/ip\/wp-json\/wp\/v2\/posts\/579642\/revisions\/579644"}],"wp:featuredmedia":[{"embeddable":true,"href":"https:\/\/www.ip.gov.py\/ip\/wp-json\/wp\/v2\/media\/579643"}],"wp:attachment":[{"href":"https:\/\/www.ip.gov.py\/ip\/wp-json\/wp\/v2\/media?parent=579642"}],"wp:term":[{"taxonomy":"category","embeddable":true,"href":"https:\/\/www.ip.gov.py\/ip\/wp-json\/wp\/v2\/categories?post=579642"},{"taxonomy":"post_tag","embeddable":true,"href":"https:\/\/www.ip.gov.py\/ip\/wp-json\/wp\/v2\/tags?post=579642"}],"curies":[{"name":"wp","href":"https:\/\/api.w.org\/{rel}","templated":true}]}}