{"id":579720,"date":"2026-04-30T10:27:37","date_gmt":"2026-04-30T13:27:37","guid":{"rendered":"https:\/\/www.ip.gov.py\/ip\/?p=579720"},"modified":"2026-04-30T17:01:05","modified_gmt":"2026-04-30T20:01:05","slug":"pena-exigio-al-consejo-de-ministros-acelerar-acciones-para-dar-resultados-concretos-en-favor-de-la-ciudadania","status":"publish","type":"post","link":"https:\/\/www.ip.gov.py\/ip\/2026\/04\/30\/pena-exigio-al-consejo-de-ministros-acelerar-acciones-para-dar-resultados-concretos-en-favor-de-la-ciudadania\/","title":{"rendered":"Pe\u00f1a exigi\u00f3 al Consejo de Ministros acelerar acciones para dar resultados concretos en favor de la ciudadan\u00eda"},"content":{"rendered":"<p style=\"text-align: justify;\"><em><strong>Asunci\u00f3n, Agencia IP.<\/strong><\/em>&#8211; El presidente de la Rep\u00fablica, Santiago Pe\u00f1a, encabez\u00f3 este jueves una reuni\u00f3n del Consejo de Ministros, en la que exigi\u00f3 a su gabinete resultados concretos que espera la ciudadan\u00eda en diferentes \u00e1reas. Anunci\u00f3 tambi\u00e9n una evaluaci\u00f3n permanente y rigurosa a los ministros.<\/p>\n<p style=\"text-align: justify;\"><!--more--><\/p>\n<p style=\"text-align: justify;\">\u00abHan sido dos a\u00f1os y medio de mucha planificaci\u00f3n, de sembrar muchas de las pol\u00edticas p\u00fablicas, pero necesitamos dar respuesta en algunas \u00e1reas que la ciudadan\u00eda y el pueblo paraguayo ya no puede esperar\u00bb, dijo el presidente a sus ministros reunidos en Palacio de Gobierno.<\/p>\n<p style=\"text-align: justify;\">Afirm\u00f3 que la ciudadan\u00eda reclama m\u00e1s resultados y que su convicci\u00f3n es responder a cada uno de esos reclamos. \u00abYo no estoy conforme, soy un convencido de que los esfuerzos tienen que duplicarse, no hay margen para cansarse porque la ciudadan\u00eda nos reclama\u00bb, dijo Pe\u00f1a.<\/p>\n<p style=\"text-align: justify;\">En ese sentido, se\u00f1al\u00f3 que \u00abeste ya no es momento de discursos ni de planes\u00bb, sino \u00abde gesti\u00f3n y de resultados\u00bb, y pidi\u00f3 a sus ministros saber comunicar esas acciones a la ciudadan\u00eda.<\/p>\n<p style=\"text-align: justify;\">\u00abMuchas veces los grandes planes de gobierno est\u00e1n muy lejos de conocimiento de la ciudadan\u00eda. Hay que ser cada vez m\u00e1s claros y contundentes. Tenemos que tomar un mayor protagonismo en la comunicaci\u00f3n y la construcci\u00f3n del relato\u00bb, manifest\u00f3.<\/p>\n<p style=\"text-align: justify;\">Reiter\u00f3 a sus ministros que cada uno de ellos est\u00e1n a prueba y que la evaluaci\u00f3n de su gesti\u00f3n ser\u00e1 cada vez m\u00e1s rigurosa. \u00abEste es el a\u00f1o donde vamos a tener que mostrar m\u00e1s resultados\u00bb, dijo el presidente.<\/p>\n<h3 style=\"text-align: justify;\"><strong>Lista de acciones prioritarias a los ministros<\/strong><\/h3>\n<p style=\"text-align: justify;\">Durante la reuni\u00f3n, el presidente Pe\u00f1a enumer\u00f3, mediante una lista que confeccion\u00f3, algunas acciones claves que espera se concreten en los diferentes ministerios.<\/p>\n<p style=\"text-align: justify;\">En ese sentido mencion\u00f3 que en \u00e1rea del Ministerio de Obras P\u00fablicas y Comunicaciones un tema prioritario es la transformaci\u00f3n del transporte p\u00fablico, ya que la gente quiere ver buses nuevos en las calles y tener un mejor servicio. \u00abNecesitamos apurar esos resultados\u00bb, dijo.<\/p>\n<p style=\"text-align: justify;\">En materia de Educaci\u00f3n pidi\u00f3 tener la capacidad de medir resultados concretos en la apuesta por la lectoescritura y se\u00f1al\u00f3 que la evaluaci\u00f3n de Pisa este a\u00f1o va a ser donde se demuestren esos resultados.<\/p>\n<p style=\"text-align: justify;\">En cuanto a la seguridad, pidi\u00f3 al Ministerio del Interior que cada barrio sienta la presencia de la polic\u00eda nacional y seguir ampliando cobertura de los Linces. As\u00ed tambi\u00e9n instruy\u00f3 que el plan Sumar aterrice al terreno, colaborando con la comunidad en la prevenci\u00f3n y la recuperaci\u00f3n de quienes han ca\u00eddo en la adicci\u00f3n.<\/p>\n<p style=\"text-align: justify;\">Por otro lado, al Ministerio de Tecnolog\u00edas de la Informaci\u00f3n y Comunicaci\u00f3n se\u00f1al\u00f3 que el gran desaf\u00edo es la comunicaci\u00f3n, ya que este es \u00abun gobierno que siente que est\u00e1 haciendo mucho pero que no toda la informaci\u00f3n le llega a la ciudadan\u00eda\u00bb. As\u00ed tambi\u00e9n, en materia de tecnolog\u00eda, pidi\u00f3 acelerar el trabajo de construcci\u00f3n del futuro distrito digital.<\/p>\n<p style=\"text-align: justify;\">Tambi\u00e9n dio instrucciones al Ministerio de Agricultura en seguir apostando a los peque\u00f1os agricultores, para brindarles m\u00e1s herramientas y tecnolog\u00edas, sumando a otros 10.000 productores m\u00e1s con apoyo, al Ministerio de Justicia en seguir mejorando el sistema penitenciario y al Ministerio de Salud en no bajar los brazos y redoblar los esfuerzos para hacer frente a las \u00abenormes deficiencias\u00bb.<\/p>\n<p style=\"text-align: justify;\">Al Ministerio de Desarrollo Social pidi\u00f3 seguir llegando a m\u00e1s territorios, aclarando que bajo su administraci\u00f3n jam\u00e1s se har\u00e1 ning\u00fan ajuste econ\u00f3mico a costa de los paraguayos m\u00e1s humildes.<\/p>\n<p style=\"text-align: justify;\">En materia de relaciones internacionales, pidi\u00f3 al Ministerio de Relacione Exteriores que el Paraguay defienda la distribuci\u00f3n equitativa de las cuotas a ser asignadas dentro del acuerdo UE-Mercosur.<\/p>\n<p style=\"text-align: justify;\">Al Ministerio de Urbanismo pidi\u00f3 seguir profundizando Che R\u00f3ga Pora y al Ministerio de Industria y Comercio que el Plan 2x pase \u00abdel <em>power point<\/em> a la acci\u00f3n\u00bb para hacer que la econom\u00eda crezca al 7% anual.<\/p>\n<p style=\"text-align: justify;\">Al Ministerio del Trabajo pidi\u00f3 defender los intereses de la clase trabajadora en el proceso de reajuste del salario m\u00ednimo. \u00abNo podemos ser indiferentes a estos reclamos genuinos de la clase trabajadora que necesita m\u00e1s\u00bb, dijo el presidente al pedir que \u00abel salario que reciba la clase trabajadora sea mejor sin poner en riesgo la generaci\u00f3n de empleo\u00bb.<\/p>\n<p style=\"text-align: justify;\">Finalmente pidi\u00f3 al Ministerio del Ambiente acelerar la implementaci\u00f3n de los cr\u00e9ditos de carbono, al Ministerio de la Ni\u00f1ez avanzar en la implementaci\u00f3n de centros para la primera infancia, al Ministerio de la Mujer fortalecer a la familia como un n\u00facleo central de la sociedad y al Ministerio de Econom\u00eda custodiar la estabilidad macroecon\u00f3mica y que las prioridades est\u00e9n plasmadas en el proyecto de presupuesto 2027.<\/p>\n","protected":false},"excerpt":{"rendered":"<p>Asunci\u00f3n, Agencia IP.&#8211; El presidente de la Rep\u00fablica, Santiago Pe\u00f1a, encabez\u00f3 este jueves una reuni\u00f3n del Consejo de Ministros, en la que exigi\u00f3 a su gabinete resultados concretos que espera la ciudadan\u00eda en diferentes \u00e1reas. Anunci\u00f3 tambi\u00e9n una evaluaci\u00f3n permanente y rigurosa a los ministros.<\/p>\n","protected":false},"author":2,"featured_media":561184,"comment_status":"closed","ping_status":"closed","sticky":false,"template":"","format":"standard","meta":{"_monsterinsights_skip_tracking":false,"_monsterinsights_sitenote_active":false,"_monsterinsights_sitenote_note":"","_monsterinsights_sitenote_category":0,"footnotes":""},"categories":[6],"tags":[],"class_list":{"0":"post-579720","1":"post","2":"type-post","3":"status-publish","4":"format-standard","5":"has-post-thumbnail","7":"category-politica"},"yoast_head":"<!-- This site is optimized with the Yoast SEO plugin v27.5 - https:\/\/yoast.com\/product\/yoast-seo-wordpress\/ -->\n<title>Pe\u00f1a exigi\u00f3 al Consejo de Ministros acelerar acciones para dar resultados concretos en favor de la ciudadan\u00eda - .::Agencia IP::.<\/title>\n<meta name=\"robots\" content=\"index, follow, max-snippet:-1, max-image-preview:large, max-video-preview:-1\" \/>\n<link rel=\"canonical\" href=\"https:\/\/www.ip.gov.py\/ip\/2026\/04\/30\/pena-exigio-al-consejo-de-ministros-acelerar-acciones-para-dar-resultados-concretos-en-favor-de-la-ciudadania\/\" \/>\n<meta property=\"og:locale\" content=\"es_ES\" \/>\n<meta property=\"og:type\" content=\"article\" \/>\n<meta property=\"og:title\" content=\"Pe\u00f1a exigi\u00f3 al Consejo de Ministros acelerar acciones para dar resultados concretos en favor de la ciudadan\u00eda - .::Agencia IP::.\" \/>\n<meta property=\"og:description\" content=\"Asunci\u00f3n, Agencia IP.&#8211; El presidente de la Rep\u00fablica, Santiago Pe\u00f1a, encabez\u00f3 este jueves una reuni\u00f3n del Consejo de Ministros, en la que exigi\u00f3 a su gabinete resultados concretos que espera la ciudadan\u00eda en diferentes \u00e1reas. Anunci\u00f3 tambi\u00e9n una evaluaci\u00f3n permanente y rigurosa a los ministros.\" \/>\n<meta property=\"og:url\" content=\"https:\/\/www.ip.gov.py\/ip\/2026\/04\/30\/pena-exigio-al-consejo-de-ministros-acelerar-acciones-para-dar-resultados-concretos-en-favor-de-la-ciudadania\/\" \/>\n<meta property=\"og:site_name\" content=\".::Agencia IP::.\" \/>\n<meta property=\"article:publisher\" content=\"https:\/\/www.facebook.com\/IPParaguay\/\" \/>\n<meta property=\"article:published_time\" content=\"2026-04-30T13:27:37+00:00\" \/>\n<meta property=\"article:modified_time\" content=\"2026-04-30T20:01:05+00:00\" \/>\n<meta property=\"og:image\" content=\"https:\/\/www.ip.gov.py\/ip\/wp-content\/uploads\/2025\/10\/Pena-3.jpeg\" \/>\n\t<meta property=\"og:image:width\" content=\"1280\" \/>\n\t<meta property=\"og:image:height\" content=\"853\" \/>\n\t<meta property=\"og:image:type\" content=\"image\/jpeg\" \/>\n<meta name=\"author\" content=\"Roque Mereles\" \/>\n<meta name=\"twitter:card\" content=\"summary_large_image\" \/>\n<meta name=\"twitter:creator\" content=\"@IPParaguay\" \/>\n<meta name=\"twitter:site\" content=\"@IPParaguay\" \/>\n<meta name=\"twitter:label1\" content=\"Escrito por\" \/>\n\t<meta name=\"twitter:data1\" content=\"Roque Mereles\" \/>\n\t<meta name=\"twitter:label2\" content=\"Tiempo de lectura\" \/>\n\t<meta name=\"twitter:data2\" content=\"4 minutos\" \/>\n<script type=\"application\/ld+json\" class=\"yoast-schema-graph\">{\"@context\":\"https:\\\/\\\/schema.org\",\"@graph\":[{\"@type\":\"Article\",\"@id\":\"https:\\\/\\\/www.ip.gov.py\\\/ip\\\/2026\\\/04\\\/30\\\/pena-exigio-al-consejo-de-ministros-acelerar-acciones-para-dar-resultados-concretos-en-favor-de-la-ciudadania\\\/#article\",\"isPartOf\":{\"@id\":\"https:\\\/\\\/www.ip.gov.py\\\/ip\\\/2026\\\/04\\\/30\\\/pena-exigio-al-consejo-de-ministros-acelerar-acciones-para-dar-resultados-concretos-en-favor-de-la-ciudadania\\\/\"},\"author\":{\"name\":\"Roque Mereles\",\"@id\":\"https:\\\/\\\/www.ip.gov.py\\\/ip\\\/#\\\/schema\\\/person\\\/7ec1ca00d0a9301ecc37fff902ff6741\"},\"headline\":\"Pe\u00f1a exigi\u00f3 al Consejo de Ministros acelerar acciones para dar resultados concretos en favor de la ciudadan\u00eda\",\"datePublished\":\"2026-04-30T13:27:37+00:00\",\"dateModified\":\"2026-04-30T20:01:05+00:00\",\"mainEntityOfPage\":{\"@id\":\"https:\\\/\\\/www.ip.gov.py\\\/ip\\\/2026\\\/04\\\/30\\\/pena-exigio-al-consejo-de-ministros-acelerar-acciones-para-dar-resultados-concretos-en-favor-de-la-ciudadania\\\/\"},\"wordCount\":845,\"publisher\":{\"@id\":\"https:\\\/\\\/www.ip.gov.py\\\/ip\\\/#organization\"},\"image\":{\"@id\":\"https:\\\/\\\/www.ip.gov.py\\\/ip\\\/2026\\\/04\\\/30\\\/pena-exigio-al-consejo-de-ministros-acelerar-acciones-para-dar-resultados-concretos-en-favor-de-la-ciudadania\\\/#primaryimage\"},\"thumbnailUrl\":\"https:\\\/\\\/www.ip.gov.py\\\/ip\\\/wp-content\\\/uploads\\\/2025\\\/10\\\/Pena-3.jpeg\",\"articleSection\":[\"Pol\u00edtica\"],\"inLanguage\":\"es\"},{\"@type\":\"WebPage\",\"@id\":\"https:\\\/\\\/www.ip.gov.py\\\/ip\\\/2026\\\/04\\\/30\\\/pena-exigio-al-consejo-de-ministros-acelerar-acciones-para-dar-resultados-concretos-en-favor-de-la-ciudadania\\\/\",\"url\":\"https:\\\/\\\/www.ip.gov.py\\\/ip\\\/2026\\\/04\\\/30\\\/pena-exigio-al-consejo-de-ministros-acelerar-acciones-para-dar-resultados-concretos-en-favor-de-la-ciudadania\\\/\",\"name\":\"Pe\u00f1a exigi\u00f3 al Consejo de Ministros acelerar acciones para dar resultados concretos en favor de la ciudadan\u00eda - .::Agencia IP::.\",\"isPartOf\":{\"@id\":\"https:\\\/\\\/www.ip.gov.py\\\/ip\\\/#website\"},\"primaryImageOfPage\":{\"@id\":\"https:\\\/\\\/www.ip.gov.py\\\/ip\\\/2026\\\/04\\\/30\\\/pena-exigio-al-consejo-de-ministros-acelerar-acciones-para-dar-resultados-concretos-en-favor-de-la-ciudadania\\\/#primaryimage\"},\"image\":{\"@id\":\"https:\\\/\\\/www.ip.gov.py\\\/ip\\\/2026\\\/04\\\/30\\\/pena-exigio-al-consejo-de-ministros-acelerar-acciones-para-dar-resultados-concretos-en-favor-de-la-ciudadania\\\/#primaryimage\"},\"thumbnailUrl\":\"https:\\\/\\\/www.ip.gov.py\\\/ip\\\/wp-content\\\/uploads\\\/2025\\\/10\\\/Pena-3.jpeg\",\"datePublished\":\"2026-04-30T13:27:37+00:00\",\"dateModified\":\"2026-04-30T20:01:05+00:00\",\"breadcrumb\":{\"@id\":\"https:\\\/\\\/www.ip.gov.py\\\/ip\\\/2026\\\/04\\\/30\\\/pena-exigio-al-consejo-de-ministros-acelerar-acciones-para-dar-resultados-concretos-en-favor-de-la-ciudadania\\\/#breadcrumb\"},\"inLanguage\":\"es\",\"potentialAction\":[{\"@type\":\"ReadAction\",\"target\":[\"https:\\\/\\\/www.ip.gov.py\\\/ip\\\/2026\\\/04\\\/30\\\/pena-exigio-al-consejo-de-ministros-acelerar-acciones-para-dar-resultados-concretos-en-favor-de-la-ciudadania\\\/\"]}]},{\"@type\":\"ImageObject\",\"inLanguage\":\"es\",\"@id\":\"https:\\\/\\\/www.ip.gov.py\\\/ip\\\/2026\\\/04\\\/30\\\/pena-exigio-al-consejo-de-ministros-acelerar-acciones-para-dar-resultados-concretos-en-favor-de-la-ciudadania\\\/#primaryimage\",\"url\":\"https:\\\/\\\/www.ip.gov.py\\\/ip\\\/wp-content\\\/uploads\\\/2025\\\/10\\\/Pena-3.jpeg\",\"contentUrl\":\"https:\\\/\\\/www.ip.gov.py\\\/ip\\\/wp-content\\\/uploads\\\/2025\\\/10\\\/Pena-3.jpeg\",\"width\":1280,\"height\":853},{\"@type\":\"BreadcrumbList\",\"@id\":\"https:\\\/\\\/www.ip.gov.py\\\/ip\\\/2026\\\/04\\\/30\\\/pena-exigio-al-consejo-de-ministros-acelerar-acciones-para-dar-resultados-concretos-en-favor-de-la-ciudadania\\\/#breadcrumb\",\"itemListElement\":[{\"@type\":\"ListItem\",\"position\":1,\"name\":\"Portada\",\"item\":\"https:\\\/\\\/www.ip.gov.py\\\/ip\\\/\"},{\"@type\":\"ListItem\",\"position\":2,\"name\":\"Pe\u00f1a exigi\u00f3 al Consejo de Ministros acelerar acciones para dar resultados concretos en favor de la ciudadan\u00eda\"}]},{\"@type\":\"WebSite\",\"@id\":\"https:\\\/\\\/www.ip.gov.py\\\/ip\\\/#website\",\"url\":\"https:\\\/\\\/www.ip.gov.py\\\/ip\\\/\",\"name\":\".::Agencia IP::.\",\"description\":\"\",\"publisher\":{\"@id\":\"https:\\\/\\\/www.ip.gov.py\\\/ip\\\/#organization\"},\"potentialAction\":[{\"@type\":\"SearchAction\",\"target\":{\"@type\":\"EntryPoint\",\"urlTemplate\":\"https:\\\/\\\/www.ip.gov.py\\\/ip\\\/?s={search_term_string}\"},\"query-input\":{\"@type\":\"PropertyValueSpecification\",\"valueRequired\":true,\"valueName\":\"search_term_string\"}}],\"inLanguage\":\"es\"},{\"@type\":\"Organization\",\"@id\":\"https:\\\/\\\/www.ip.gov.py\\\/ip\\\/#organization\",\"name\":\"Agencia IP\",\"url\":\"https:\\\/\\\/www.ip.gov.py\\\/ip\\\/\",\"logo\":{\"@type\":\"ImageObject\",\"inLanguage\":\"es\",\"@id\":\"https:\\\/\\\/www.ip.gov.py\\\/ip\\\/#\\\/schema\\\/logo\\\/image\\\/\",\"url\":\"https:\\\/\\\/www.ip.gov.py\\\/ip\\\/wp-content\\\/uploads\\\/2018\\\/01\\\/Agencia-IP.jpg\",\"contentUrl\":\"https:\\\/\\\/www.ip.gov.py\\\/ip\\\/wp-content\\\/uploads\\\/2018\\\/01\\\/Agencia-IP.jpg\",\"width\":150,\"height\":150,\"caption\":\"Agencia IP\"},\"image\":{\"@id\":\"https:\\\/\\\/www.ip.gov.py\\\/ip\\\/#\\\/schema\\\/logo\\\/image\\\/\"},\"sameAs\":[\"https:\\\/\\\/www.facebook.com\\\/IPParaguay\\\/\",\"https:\\\/\\\/x.com\\\/IPParaguay\",\"https:\\\/\\\/www.instagram.com\\\/IPParaguay\"]},{\"@type\":\"Person\",\"@id\":\"https:\\\/\\\/www.ip.gov.py\\\/ip\\\/#\\\/schema\\\/person\\\/7ec1ca00d0a9301ecc37fff902ff6741\",\"name\":\"Roque Mereles\",\"url\":\"https:\\\/\\\/www.ip.gov.py\\\/ip\\\/author\\\/rmereles\\\/\"}]}<\/script>\n<!-- \/ Yoast SEO plugin. -->","yoast_head_json":{"title":"Pe\u00f1a exigi\u00f3 al Consejo de Ministros acelerar acciones para dar resultados concretos en favor de la ciudadan\u00eda - .::Agencia IP::.","robots":{"index":"index","follow":"follow","max-snippet":"max-snippet:-1","max-image-preview":"max-image-preview:large","max-video-preview":"max-video-preview:-1"},"canonical":"https:\/\/www.ip.gov.py\/ip\/2026\/04\/30\/pena-exigio-al-consejo-de-ministros-acelerar-acciones-para-dar-resultados-concretos-en-favor-de-la-ciudadania\/","og_locale":"es_ES","og_type":"article","og_title":"Pe\u00f1a exigi\u00f3 al Consejo de Ministros acelerar acciones para dar resultados concretos en favor de la ciudadan\u00eda - .::Agencia IP::.","og_description":"Asunci\u00f3n, Agencia IP.&#8211; El presidente de la Rep\u00fablica, Santiago Pe\u00f1a, encabez\u00f3 este jueves una reuni\u00f3n del Consejo de Ministros, en la que exigi\u00f3 a su gabinete resultados concretos que espera la ciudadan\u00eda en diferentes \u00e1reas. Anunci\u00f3 tambi\u00e9n una evaluaci\u00f3n permanente y rigurosa a los ministros.","og_url":"https:\/\/www.ip.gov.py\/ip\/2026\/04\/30\/pena-exigio-al-consejo-de-ministros-acelerar-acciones-para-dar-resultados-concretos-en-favor-de-la-ciudadania\/","og_site_name":".::Agencia IP::.","article_publisher":"https:\/\/www.facebook.com\/IPParaguay\/","article_published_time":"2026-04-30T13:27:37+00:00","article_modified_time":"2026-04-30T20:01:05+00:00","og_image":[{"width":1280,"height":853,"url":"https:\/\/www.ip.gov.py\/ip\/wp-content\/uploads\/2025\/10\/Pena-3.jpeg","type":"image\/jpeg"}],"author":"Roque Mereles","twitter_card":"summary_large_image","twitter_creator":"@IPParaguay","twitter_site":"@IPParaguay","twitter_misc":{"Escrito por":"Roque Mereles","Tiempo de lectura":"4 minutos"},"schema":{"@context":"https:\/\/schema.org","@graph":[{"@type":"Article","@id":"https:\/\/www.ip.gov.py\/ip\/2026\/04\/30\/pena-exigio-al-consejo-de-ministros-acelerar-acciones-para-dar-resultados-concretos-en-favor-de-la-ciudadania\/#article","isPartOf":{"@id":"https:\/\/www.ip.gov.py\/ip\/2026\/04\/30\/pena-exigio-al-consejo-de-ministros-acelerar-acciones-para-dar-resultados-concretos-en-favor-de-la-ciudadania\/"},"author":{"name":"Roque Mereles","@id":"https:\/\/www.ip.gov.py\/ip\/#\/schema\/person\/7ec1ca00d0a9301ecc37fff902ff6741"},"headline":"Pe\u00f1a exigi\u00f3 al Consejo de Ministros acelerar acciones para dar resultados concretos en favor de la ciudadan\u00eda","datePublished":"2026-04-30T13:27:37+00:00","dateModified":"2026-04-30T20:01:05+00:00","mainEntityOfPage":{"@id":"https:\/\/www.ip.gov.py\/ip\/2026\/04\/30\/pena-exigio-al-consejo-de-ministros-acelerar-acciones-para-dar-resultados-concretos-en-favor-de-la-ciudadania\/"},"wordCount":845,"publisher":{"@id":"https:\/\/www.ip.gov.py\/ip\/#organization"},"image":{"@id":"https:\/\/www.ip.gov.py\/ip\/2026\/04\/30\/pena-exigio-al-consejo-de-ministros-acelerar-acciones-para-dar-resultados-concretos-en-favor-de-la-ciudadania\/#primaryimage"},"thumbnailUrl":"https:\/\/www.ip.gov.py\/ip\/wp-content\/uploads\/2025\/10\/Pena-3.jpeg","articleSection":["Pol\u00edtica"],"inLanguage":"es"},{"@type":"WebPage","@id":"https:\/\/www.ip.gov.py\/ip\/2026\/04\/30\/pena-exigio-al-consejo-de-ministros-acelerar-acciones-para-dar-resultados-concretos-en-favor-de-la-ciudadania\/","url":"https:\/\/www.ip.gov.py\/ip\/2026\/04\/30\/pena-exigio-al-consejo-de-ministros-acelerar-acciones-para-dar-resultados-concretos-en-favor-de-la-ciudadania\/","name":"Pe\u00f1a exigi\u00f3 al Consejo de Ministros acelerar acciones para dar resultados concretos en favor de la ciudadan\u00eda - .::Agencia IP::.","isPartOf":{"@id":"https:\/\/www.ip.gov.py\/ip\/#website"},"primaryImageOfPage":{"@id":"https:\/\/www.ip.gov.py\/ip\/2026\/04\/30\/pena-exigio-al-consejo-de-ministros-acelerar-acciones-para-dar-resultados-concretos-en-favor-de-la-ciudadania\/#primaryimage"},"image":{"@id":"https:\/\/www.ip.gov.py\/ip\/2026\/04\/30\/pena-exigio-al-consejo-de-ministros-acelerar-acciones-para-dar-resultados-concretos-en-favor-de-la-ciudadania\/#primaryimage"},"thumbnailUrl":"https:\/\/www.ip.gov.py\/ip\/wp-content\/uploads\/2025\/10\/Pena-3.jpeg","datePublished":"2026-04-30T13:27:37+00:00","dateModified":"2026-04-30T20:01:05+00:00","breadcrumb":{"@id":"https:\/\/www.ip.gov.py\/ip\/2026\/04\/30\/pena-exigio-al-consejo-de-ministros-acelerar-acciones-para-dar-resultados-concretos-en-favor-de-la-ciudadania\/#breadcrumb"},"inLanguage":"es","potentialAction":[{"@type":"ReadAction","target":["https:\/\/www.ip.gov.py\/ip\/2026\/04\/30\/pena-exigio-al-consejo-de-ministros-acelerar-acciones-para-dar-resultados-concretos-en-favor-de-la-ciudadania\/"]}]},{"@type":"ImageObject","inLanguage":"es","@id":"https:\/\/www.ip.gov.py\/ip\/2026\/04\/30\/pena-exigio-al-consejo-de-ministros-acelerar-acciones-para-dar-resultados-concretos-en-favor-de-la-ciudadania\/#primaryimage","url":"https:\/\/www.ip.gov.py\/ip\/wp-content\/uploads\/2025\/10\/Pena-3.jpeg","contentUrl":"https:\/\/www.ip.gov.py\/ip\/wp-content\/uploads\/2025\/10\/Pena-3.jpeg","width":1280,"height":853},{"@type":"BreadcrumbList","@id":"https:\/\/www.ip.gov.py\/ip\/2026\/04\/30\/pena-exigio-al-consejo-de-ministros-acelerar-acciones-para-dar-resultados-concretos-en-favor-de-la-ciudadania\/#breadcrumb","itemListElement":[{"@type":"ListItem","position":1,"name":"Portada","item":"https:\/\/www.ip.gov.py\/ip\/"},{"@type":"ListItem","position":2,"name":"Pe\u00f1a exigi\u00f3 al Consejo de Ministros acelerar acciones para dar resultados concretos en favor de la ciudadan\u00eda"}]},{"@type":"WebSite","@id":"https:\/\/www.ip.gov.py\/ip\/#website","url":"https:\/\/www.ip.gov.py\/ip\/","name":".::Agencia IP::.","description":"","publisher":{"@id":"https:\/\/www.ip.gov.py\/ip\/#organization"},"potentialAction":[{"@type":"SearchAction","target":{"@type":"EntryPoint","urlTemplate":"https:\/\/www.ip.gov.py\/ip\/?s={search_term_string}"},"query-input":{"@type":"PropertyValueSpecification","valueRequired":true,"valueName":"search_term_string"}}],"inLanguage":"es"},{"@type":"Organization","@id":"https:\/\/www.ip.gov.py\/ip\/#organization","name":"Agencia IP","url":"https:\/\/www.ip.gov.py\/ip\/","logo":{"@type":"ImageObject","inLanguage":"es","@id":"https:\/\/www.ip.gov.py\/ip\/#\/schema\/logo\/image\/","url":"https:\/\/www.ip.gov.py\/ip\/wp-content\/uploads\/2018\/01\/Agencia-IP.jpg","contentUrl":"https:\/\/www.ip.gov.py\/ip\/wp-content\/uploads\/2018\/01\/Agencia-IP.jpg","width":150,"height":150,"caption":"Agencia IP"},"image":{"@id":"https:\/\/www.ip.gov.py\/ip\/#\/schema\/logo\/image\/"},"sameAs":["https:\/\/www.facebook.com\/IPParaguay\/","https:\/\/x.com\/IPParaguay","https:\/\/www.instagram.com\/IPParaguay"]},{"@type":"Person","@id":"https:\/\/www.ip.gov.py\/ip\/#\/schema\/person\/7ec1ca00d0a9301ecc37fff902ff6741","name":"Roque Mereles","url":"https:\/\/www.ip.gov.py\/ip\/author\/rmereles\/"}]}},"_links":{"self":[{"href":"https:\/\/www.ip.gov.py\/ip\/wp-json\/wp\/v2\/posts\/579720","targetHints":{"allow":["GET"]}}],"collection":[{"href":"https:\/\/www.ip.gov.py\/ip\/wp-json\/wp\/v2\/posts"}],"about":[{"href":"https:\/\/www.ip.gov.py\/ip\/wp-json\/wp\/v2\/types\/post"}],"author":[{"embeddable":true,"href":"https:\/\/www.ip.gov.py\/ip\/wp-json\/wp\/v2\/users\/2"}],"replies":[{"embeddable":true,"href":"https:\/\/www.ip.gov.py\/ip\/wp-json\/wp\/v2\/comments?post=579720"}],"version-history":[{"count":1,"href":"https:\/\/www.ip.gov.py\/ip\/wp-json\/wp\/v2\/posts\/579720\/revisions"}],"predecessor-version":[{"id":579722,"href":"https:\/\/www.ip.gov.py\/ip\/wp-json\/wp\/v2\/posts\/579720\/revisions\/579722"}],"wp:featuredmedia":[{"embeddable":true,"href":"https:\/\/www.ip.gov.py\/ip\/wp-json\/wp\/v2\/media\/561184"}],"wp:attachment":[{"href":"https:\/\/www.ip.gov.py\/ip\/wp-json\/wp\/v2\/media?parent=579720"}],"wp:term":[{"taxonomy":"category","embeddable":true,"href":"https:\/\/www.ip.gov.py\/ip\/wp-json\/wp\/v2\/categories?post=579720"},{"taxonomy":"post_tag","embeddable":true,"href":"https:\/\/www.ip.gov.py\/ip\/wp-json\/wp\/v2\/tags?post=579720"}],"curies":[{"name":"wp","href":"https:\/\/api.w.org\/{rel}","templated":true}]}}