{"id":579723,"date":"2026-04-30T10:48:32","date_gmt":"2026-04-30T13:48:32","guid":{"rendered":"https:\/\/www.ip.gov.py\/ip\/?p=579723"},"modified":"2026-05-01T12:32:00","modified_gmt":"2026-05-01T15:32:00","slug":"lanzan-campana-embanderate-para-celebrar-los-215-anos-de-la-independencia-nacional","status":"publish","type":"post","link":"https:\/\/www.ip.gov.py\/ip\/2026\/04\/30\/lanzan-campana-embanderate-para-celebrar-los-215-anos-de-la-independencia-nacional\/","title":{"rendered":"Lanzan campa\u00f1a \u201cEmbanderate\u201d para celebrar los 215 a\u00f1os de la Independencia Nacional"},"content":{"rendered":"<p style=\"text-align: justify;\"><strong><em>Asunci\u00f3n, Agencia IP.\u2013<\/em><\/strong> En el marco de las celebraciones por los 215 a\u00f1os de la Independencia Nacional, el Centro Cultural de la Rep\u00fablica El Cabildo (CCR), acompa\u00f1a el inicio de la campa\u00f1a \u201cEmbanderate\u201d, una iniciativa que invita a la ciudadan\u00eda a exhibir la bandera paraguaya como s\u00edmbolo de identidad y pertenencia.<!--more--><\/p>\n<p style=\"text-align: justify;\">La campa\u00f1a se desarrolla en la antesala de las celebraciones del 14 y 15 de mayo, fechas en que Paraguay conmemora su independencia, y apunta a que viviendas, locales y espacios p\u00fablicos se sumen con la exhibici\u00f3n del pabell\u00f3n nacional.<\/p>\n<p style=\"text-align: justify;\">La iniciativa es impulsada de manera articulada por el Gobierno del Paraguay, la Oficina de la Primera Dama, la Municipalidad de Asunci\u00f3n, ASU 500, la Asociaci\u00f3n de la Movida del Centro Hist\u00f3rico de Asunci\u00f3n y el Cabildo, en un trabajo conjunto orientado a fortalecer la participaci\u00f3n ciudadana y revalorizar los s\u00edmbolos patrios.<\/p>\n<p style=\"text-align: justify;\">Adem\u00e1s, desde la organizaci\u00f3n destacan que la campa\u00f1a busca instalarse como una pr\u00e1ctica anual, incentivando a las nuevas generaciones a apropiarse de los valores hist\u00f3ricos y culturales del pa\u00eds, a trav\u00e9s de acciones simples pero significativas.<\/p>\n","protected":false},"excerpt":{"rendered":"<p>Asunci\u00f3n, Agencia IP.\u2013 En el marco de las celebraciones por los 215 a\u00f1os de la Independencia Nacional, el Centro Cultural de la Rep\u00fablica El Cabildo (CCR), acompa\u00f1a el inicio de la campa\u00f1a \u201cEmbanderate\u201d, una iniciativa que invita a la ciudadan\u00eda a exhibir la bandera paraguaya como s\u00edmbolo de identidad y pertenencia.<\/p>\n","protected":false},"author":48,"featured_media":579727,"comment_status":"closed","ping_status":"closed","sticky":false,"template":"","format":"standard","meta":{"_monsterinsights_skip_tracking":false,"_monsterinsights_sitenote_active":false,"_monsterinsights_sitenote_note":"","_monsterinsights_sitenote_category":0,"footnotes":""},"categories":[7],"tags":[],"class_list":{"0":"post-579723","1":"post","2":"type-post","3":"status-publish","4":"format-standard","5":"has-post-thumbnail","7":"category-cultura"},"yoast_head":"<!-- This site is optimized with the Yoast SEO plugin v27.5 - https:\/\/yoast.com\/product\/yoast-seo-wordpress\/ -->\n<title>Lanzan campa\u00f1a \u201cEmbanderate\u201d para celebrar los 215 a\u00f1os de la Independencia Nacional - .::Agencia IP::.<\/title>\n<meta name=\"robots\" content=\"index, follow, max-snippet:-1, max-image-preview:large, max-video-preview:-1\" \/>\n<link rel=\"canonical\" href=\"https:\/\/www.ip.gov.py\/ip\/2026\/04\/30\/lanzan-campana-embanderate-para-celebrar-los-215-anos-de-la-independencia-nacional\/\" \/>\n<meta property=\"og:locale\" content=\"es_ES\" \/>\n<meta property=\"og:type\" content=\"article\" \/>\n<meta property=\"og:title\" content=\"Lanzan campa\u00f1a \u201cEmbanderate\u201d para celebrar los 215 a\u00f1os de la Independencia Nacional - .::Agencia IP::.\" \/>\n<meta property=\"og:description\" content=\"Asunci\u00f3n, Agencia IP.\u2013 En el marco de las celebraciones por los 215 a\u00f1os de la Independencia Nacional, el Centro Cultural de la Rep\u00fablica El Cabildo (CCR), acompa\u00f1a el inicio de la campa\u00f1a \u201cEmbanderate\u201d, una iniciativa que invita a la ciudadan\u00eda a exhibir la bandera paraguaya como s\u00edmbolo de identidad y pertenencia.\" \/>\n<meta property=\"og:url\" content=\"https:\/\/www.ip.gov.py\/ip\/2026\/04\/30\/lanzan-campana-embanderate-para-celebrar-los-215-anos-de-la-independencia-nacional\/\" \/>\n<meta property=\"og:site_name\" content=\".::Agencia IP::.\" \/>\n<meta property=\"article:publisher\" content=\"https:\/\/www.facebook.com\/IPParaguay\/\" \/>\n<meta property=\"article:published_time\" content=\"2026-04-30T13:48:32+00:00\" \/>\n<meta property=\"article:modified_time\" content=\"2026-05-01T15:32:00+00:00\" \/>\n<meta property=\"og:image\" content=\"https:\/\/www.ip.gov.py\/ip\/wp-content\/uploads\/2026\/04\/4afd521d77158e02aed37e2274b90c9c_1-e1777573797443.jpg\" \/>\n\t<meta property=\"og:image:width\" content=\"730\" \/>\n\t<meta property=\"og:image:height\" content=\"339\" \/>\n\t<meta property=\"og:image:type\" content=\"image\/jpeg\" \/>\n<meta name=\"author\" content=\"Pamela Elizabeth Vargas\" \/>\n<meta name=\"twitter:card\" content=\"summary_large_image\" \/>\n<meta name=\"twitter:creator\" content=\"@IPParaguay\" \/>\n<meta name=\"twitter:site\" content=\"@IPParaguay\" \/>\n<meta name=\"twitter:label1\" content=\"Escrito por\" \/>\n\t<meta name=\"twitter:data1\" content=\"Pamela Elizabeth Vargas\" \/>\n\t<meta name=\"twitter:label2\" content=\"Tiempo de lectura\" \/>\n\t<meta name=\"twitter:data2\" content=\"2 minutos\" \/>\n<script type=\"application\/ld+json\" class=\"yoast-schema-graph\">{\"@context\":\"https:\\\/\\\/schema.org\",\"@graph\":[{\"@type\":\"Article\",\"@id\":\"https:\\\/\\\/www.ip.gov.py\\\/ip\\\/2026\\\/04\\\/30\\\/lanzan-campana-embanderate-para-celebrar-los-215-anos-de-la-independencia-nacional\\\/#article\",\"isPartOf\":{\"@id\":\"https:\\\/\\\/www.ip.gov.py\\\/ip\\\/2026\\\/04\\\/30\\\/lanzan-campana-embanderate-para-celebrar-los-215-anos-de-la-independencia-nacional\\\/\"},\"author\":{\"name\":\"Pamela Elizabeth Vargas\",\"@id\":\"https:\\\/\\\/www.ip.gov.py\\\/ip\\\/#\\\/schema\\\/person\\\/076ae5920afed658ff2785ebe6f903d1\"},\"headline\":\"Lanzan campa\u00f1a \u201cEmbanderate\u201d para celebrar los 215 a\u00f1os de la Independencia Nacional\",\"datePublished\":\"2026-04-30T13:48:32+00:00\",\"dateModified\":\"2026-05-01T15:32:00+00:00\",\"mainEntityOfPage\":{\"@id\":\"https:\\\/\\\/www.ip.gov.py\\\/ip\\\/2026\\\/04\\\/30\\\/lanzan-campana-embanderate-para-celebrar-los-215-anos-de-la-independencia-nacional\\\/\"},\"wordCount\":212,\"publisher\":{\"@id\":\"https:\\\/\\\/www.ip.gov.py\\\/ip\\\/#organization\"},\"image\":{\"@id\":\"https:\\\/\\\/www.ip.gov.py\\\/ip\\\/2026\\\/04\\\/30\\\/lanzan-campana-embanderate-para-celebrar-los-215-anos-de-la-independencia-nacional\\\/#primaryimage\"},\"thumbnailUrl\":\"https:\\\/\\\/www.ip.gov.py\\\/ip\\\/wp-content\\\/uploads\\\/2026\\\/04\\\/4afd521d77158e02aed37e2274b90c9c_1-e1777573797443.jpg\",\"articleSection\":[\"Cultura\"],\"inLanguage\":\"es\"},{\"@type\":\"WebPage\",\"@id\":\"https:\\\/\\\/www.ip.gov.py\\\/ip\\\/2026\\\/04\\\/30\\\/lanzan-campana-embanderate-para-celebrar-los-215-anos-de-la-independencia-nacional\\\/\",\"url\":\"https:\\\/\\\/www.ip.gov.py\\\/ip\\\/2026\\\/04\\\/30\\\/lanzan-campana-embanderate-para-celebrar-los-215-anos-de-la-independencia-nacional\\\/\",\"name\":\"Lanzan campa\u00f1a \u201cEmbanderate\u201d para celebrar los 215 a\u00f1os de la Independencia Nacional - .::Agencia IP::.\",\"isPartOf\":{\"@id\":\"https:\\\/\\\/www.ip.gov.py\\\/ip\\\/#website\"},\"primaryImageOfPage\":{\"@id\":\"https:\\\/\\\/www.ip.gov.py\\\/ip\\\/2026\\\/04\\\/30\\\/lanzan-campana-embanderate-para-celebrar-los-215-anos-de-la-independencia-nacional\\\/#primaryimage\"},\"image\":{\"@id\":\"https:\\\/\\\/www.ip.gov.py\\\/ip\\\/2026\\\/04\\\/30\\\/lanzan-campana-embanderate-para-celebrar-los-215-anos-de-la-independencia-nacional\\\/#primaryimage\"},\"thumbnailUrl\":\"https:\\\/\\\/www.ip.gov.py\\\/ip\\\/wp-content\\\/uploads\\\/2026\\\/04\\\/4afd521d77158e02aed37e2274b90c9c_1-e1777573797443.jpg\",\"datePublished\":\"2026-04-30T13:48:32+00:00\",\"dateModified\":\"2026-05-01T15:32:00+00:00\",\"breadcrumb\":{\"@id\":\"https:\\\/\\\/www.ip.gov.py\\\/ip\\\/2026\\\/04\\\/30\\\/lanzan-campana-embanderate-para-celebrar-los-215-anos-de-la-independencia-nacional\\\/#breadcrumb\"},\"inLanguage\":\"es\",\"potentialAction\":[{\"@type\":\"ReadAction\",\"target\":[\"https:\\\/\\\/www.ip.gov.py\\\/ip\\\/2026\\\/04\\\/30\\\/lanzan-campana-embanderate-para-celebrar-los-215-anos-de-la-independencia-nacional\\\/\"]}]},{\"@type\":\"ImageObject\",\"inLanguage\":\"es\",\"@id\":\"https:\\\/\\\/www.ip.gov.py\\\/ip\\\/2026\\\/04\\\/30\\\/lanzan-campana-embanderate-para-celebrar-los-215-anos-de-la-independencia-nacional\\\/#primaryimage\",\"url\":\"https:\\\/\\\/www.ip.gov.py\\\/ip\\\/wp-content\\\/uploads\\\/2026\\\/04\\\/4afd521d77158e02aed37e2274b90c9c_1-e1777573797443.jpg\",\"contentUrl\":\"https:\\\/\\\/www.ip.gov.py\\\/ip\\\/wp-content\\\/uploads\\\/2026\\\/04\\\/4afd521d77158e02aed37e2274b90c9c_1-e1777573797443.jpg\",\"width\":730,\"height\":339},{\"@type\":\"BreadcrumbList\",\"@id\":\"https:\\\/\\\/www.ip.gov.py\\\/ip\\\/2026\\\/04\\\/30\\\/lanzan-campana-embanderate-para-celebrar-los-215-anos-de-la-independencia-nacional\\\/#breadcrumb\",\"itemListElement\":[{\"@type\":\"ListItem\",\"position\":1,\"name\":\"Portada\",\"item\":\"https:\\\/\\\/www.ip.gov.py\\\/ip\\\/\"},{\"@type\":\"ListItem\",\"position\":2,\"name\":\"Lanzan campa\u00f1a \u201cEmbanderate\u201d para celebrar los 215 a\u00f1os de la Independencia Nacional\"}]},{\"@type\":\"WebSite\",\"@id\":\"https:\\\/\\\/www.ip.gov.py\\\/ip\\\/#website\",\"url\":\"https:\\\/\\\/www.ip.gov.py\\\/ip\\\/\",\"name\":\".::Agencia IP::.\",\"description\":\"\",\"publisher\":{\"@id\":\"https:\\\/\\\/www.ip.gov.py\\\/ip\\\/#organization\"},\"potentialAction\":[{\"@type\":\"SearchAction\",\"target\":{\"@type\":\"EntryPoint\",\"urlTemplate\":\"https:\\\/\\\/www.ip.gov.py\\\/ip\\\/?s={search_term_string}\"},\"query-input\":{\"@type\":\"PropertyValueSpecification\",\"valueRequired\":true,\"valueName\":\"search_term_string\"}}],\"inLanguage\":\"es\"},{\"@type\":\"Organization\",\"@id\":\"https:\\\/\\\/www.ip.gov.py\\\/ip\\\/#organization\",\"name\":\"Agencia IP\",\"url\":\"https:\\\/\\\/www.ip.gov.py\\\/ip\\\/\",\"logo\":{\"@type\":\"ImageObject\",\"inLanguage\":\"es\",\"@id\":\"https:\\\/\\\/www.ip.gov.py\\\/ip\\\/#\\\/schema\\\/logo\\\/image\\\/\",\"url\":\"https:\\\/\\\/www.ip.gov.py\\\/ip\\\/wp-content\\\/uploads\\\/2018\\\/01\\\/Agencia-IP.jpg\",\"contentUrl\":\"https:\\\/\\\/www.ip.gov.py\\\/ip\\\/wp-content\\\/uploads\\\/2018\\\/01\\\/Agencia-IP.jpg\",\"width\":150,\"height\":150,\"caption\":\"Agencia IP\"},\"image\":{\"@id\":\"https:\\\/\\\/www.ip.gov.py\\\/ip\\\/#\\\/schema\\\/logo\\\/image\\\/\"},\"sameAs\":[\"https:\\\/\\\/www.facebook.com\\\/IPParaguay\\\/\",\"https:\\\/\\\/x.com\\\/IPParaguay\",\"https:\\\/\\\/www.instagram.com\\\/IPParaguay\"]},{\"@type\":\"Person\",\"@id\":\"https:\\\/\\\/www.ip.gov.py\\\/ip\\\/#\\\/schema\\\/person\\\/076ae5920afed658ff2785ebe6f903d1\",\"name\":\"Pamela Elizabeth Vargas\",\"url\":\"https:\\\/\\\/www.ip.gov.py\\\/ip\\\/author\\\/pvargas\\\/\"}]}<\/script>\n<!-- \/ Yoast SEO plugin. -->","yoast_head_json":{"title":"Lanzan campa\u00f1a \u201cEmbanderate\u201d para celebrar los 215 a\u00f1os de la Independencia Nacional - .::Agencia IP::.","robots":{"index":"index","follow":"follow","max-snippet":"max-snippet:-1","max-image-preview":"max-image-preview:large","max-video-preview":"max-video-preview:-1"},"canonical":"https:\/\/www.ip.gov.py\/ip\/2026\/04\/30\/lanzan-campana-embanderate-para-celebrar-los-215-anos-de-la-independencia-nacional\/","og_locale":"es_ES","og_type":"article","og_title":"Lanzan campa\u00f1a \u201cEmbanderate\u201d para celebrar los 215 a\u00f1os de la Independencia Nacional - .::Agencia IP::.","og_description":"Asunci\u00f3n, Agencia IP.\u2013 En el marco de las celebraciones por los 215 a\u00f1os de la Independencia Nacional, el Centro Cultural de la Rep\u00fablica El Cabildo (CCR), acompa\u00f1a el inicio de la campa\u00f1a \u201cEmbanderate\u201d, una iniciativa que invita a la ciudadan\u00eda a exhibir la bandera paraguaya como s\u00edmbolo de identidad y pertenencia.","og_url":"https:\/\/www.ip.gov.py\/ip\/2026\/04\/30\/lanzan-campana-embanderate-para-celebrar-los-215-anos-de-la-independencia-nacional\/","og_site_name":".::Agencia IP::.","article_publisher":"https:\/\/www.facebook.com\/IPParaguay\/","article_published_time":"2026-04-30T13:48:32+00:00","article_modified_time":"2026-05-01T15:32:00+00:00","og_image":[{"width":730,"height":339,"url":"https:\/\/www.ip.gov.py\/ip\/wp-content\/uploads\/2026\/04\/4afd521d77158e02aed37e2274b90c9c_1-e1777573797443.jpg","type":"image\/jpeg"}],"author":"Pamela Elizabeth Vargas","twitter_card":"summary_large_image","twitter_creator":"@IPParaguay","twitter_site":"@IPParaguay","twitter_misc":{"Escrito por":"Pamela Elizabeth Vargas","Tiempo de lectura":"2 minutos"},"schema":{"@context":"https:\/\/schema.org","@graph":[{"@type":"Article","@id":"https:\/\/www.ip.gov.py\/ip\/2026\/04\/30\/lanzan-campana-embanderate-para-celebrar-los-215-anos-de-la-independencia-nacional\/#article","isPartOf":{"@id":"https:\/\/www.ip.gov.py\/ip\/2026\/04\/30\/lanzan-campana-embanderate-para-celebrar-los-215-anos-de-la-independencia-nacional\/"},"author":{"name":"Pamela Elizabeth Vargas","@id":"https:\/\/www.ip.gov.py\/ip\/#\/schema\/person\/076ae5920afed658ff2785ebe6f903d1"},"headline":"Lanzan campa\u00f1a \u201cEmbanderate\u201d para celebrar los 215 a\u00f1os de la Independencia Nacional","datePublished":"2026-04-30T13:48:32+00:00","dateModified":"2026-05-01T15:32:00+00:00","mainEntityOfPage":{"@id":"https:\/\/www.ip.gov.py\/ip\/2026\/04\/30\/lanzan-campana-embanderate-para-celebrar-los-215-anos-de-la-independencia-nacional\/"},"wordCount":212,"publisher":{"@id":"https:\/\/www.ip.gov.py\/ip\/#organization"},"image":{"@id":"https:\/\/www.ip.gov.py\/ip\/2026\/04\/30\/lanzan-campana-embanderate-para-celebrar-los-215-anos-de-la-independencia-nacional\/#primaryimage"},"thumbnailUrl":"https:\/\/www.ip.gov.py\/ip\/wp-content\/uploads\/2026\/04\/4afd521d77158e02aed37e2274b90c9c_1-e1777573797443.jpg","articleSection":["Cultura"],"inLanguage":"es"},{"@type":"WebPage","@id":"https:\/\/www.ip.gov.py\/ip\/2026\/04\/30\/lanzan-campana-embanderate-para-celebrar-los-215-anos-de-la-independencia-nacional\/","url":"https:\/\/www.ip.gov.py\/ip\/2026\/04\/30\/lanzan-campana-embanderate-para-celebrar-los-215-anos-de-la-independencia-nacional\/","name":"Lanzan campa\u00f1a \u201cEmbanderate\u201d para celebrar los 215 a\u00f1os de la Independencia Nacional - .::Agencia IP::.","isPartOf":{"@id":"https:\/\/www.ip.gov.py\/ip\/#website"},"primaryImageOfPage":{"@id":"https:\/\/www.ip.gov.py\/ip\/2026\/04\/30\/lanzan-campana-embanderate-para-celebrar-los-215-anos-de-la-independencia-nacional\/#primaryimage"},"image":{"@id":"https:\/\/www.ip.gov.py\/ip\/2026\/04\/30\/lanzan-campana-embanderate-para-celebrar-los-215-anos-de-la-independencia-nacional\/#primaryimage"},"thumbnailUrl":"https:\/\/www.ip.gov.py\/ip\/wp-content\/uploads\/2026\/04\/4afd521d77158e02aed37e2274b90c9c_1-e1777573797443.jpg","datePublished":"2026-04-30T13:48:32+00:00","dateModified":"2026-05-01T15:32:00+00:00","breadcrumb":{"@id":"https:\/\/www.ip.gov.py\/ip\/2026\/04\/30\/lanzan-campana-embanderate-para-celebrar-los-215-anos-de-la-independencia-nacional\/#breadcrumb"},"inLanguage":"es","potentialAction":[{"@type":"ReadAction","target":["https:\/\/www.ip.gov.py\/ip\/2026\/04\/30\/lanzan-campana-embanderate-para-celebrar-los-215-anos-de-la-independencia-nacional\/"]}]},{"@type":"ImageObject","inLanguage":"es","@id":"https:\/\/www.ip.gov.py\/ip\/2026\/04\/30\/lanzan-campana-embanderate-para-celebrar-los-215-anos-de-la-independencia-nacional\/#primaryimage","url":"https:\/\/www.ip.gov.py\/ip\/wp-content\/uploads\/2026\/04\/4afd521d77158e02aed37e2274b90c9c_1-e1777573797443.jpg","contentUrl":"https:\/\/www.ip.gov.py\/ip\/wp-content\/uploads\/2026\/04\/4afd521d77158e02aed37e2274b90c9c_1-e1777573797443.jpg","width":730,"height":339},{"@type":"BreadcrumbList","@id":"https:\/\/www.ip.gov.py\/ip\/2026\/04\/30\/lanzan-campana-embanderate-para-celebrar-los-215-anos-de-la-independencia-nacional\/#breadcrumb","itemListElement":[{"@type":"ListItem","position":1,"name":"Portada","item":"https:\/\/www.ip.gov.py\/ip\/"},{"@type":"ListItem","position":2,"name":"Lanzan campa\u00f1a \u201cEmbanderate\u201d para celebrar los 215 a\u00f1os de la Independencia Nacional"}]},{"@type":"WebSite","@id":"https:\/\/www.ip.gov.py\/ip\/#website","url":"https:\/\/www.ip.gov.py\/ip\/","name":".::Agencia IP::.","description":"","publisher":{"@id":"https:\/\/www.ip.gov.py\/ip\/#organization"},"potentialAction":[{"@type":"SearchAction","target":{"@type":"EntryPoint","urlTemplate":"https:\/\/www.ip.gov.py\/ip\/?s={search_term_string}"},"query-input":{"@type":"PropertyValueSpecification","valueRequired":true,"valueName":"search_term_string"}}],"inLanguage":"es"},{"@type":"Organization","@id":"https:\/\/www.ip.gov.py\/ip\/#organization","name":"Agencia IP","url":"https:\/\/www.ip.gov.py\/ip\/","logo":{"@type":"ImageObject","inLanguage":"es","@id":"https:\/\/www.ip.gov.py\/ip\/#\/schema\/logo\/image\/","url":"https:\/\/www.ip.gov.py\/ip\/wp-content\/uploads\/2018\/01\/Agencia-IP.jpg","contentUrl":"https:\/\/www.ip.gov.py\/ip\/wp-content\/uploads\/2018\/01\/Agencia-IP.jpg","width":150,"height":150,"caption":"Agencia IP"},"image":{"@id":"https:\/\/www.ip.gov.py\/ip\/#\/schema\/logo\/image\/"},"sameAs":["https:\/\/www.facebook.com\/IPParaguay\/","https:\/\/x.com\/IPParaguay","https:\/\/www.instagram.com\/IPParaguay"]},{"@type":"Person","@id":"https:\/\/www.ip.gov.py\/ip\/#\/schema\/person\/076ae5920afed658ff2785ebe6f903d1","name":"Pamela Elizabeth Vargas","url":"https:\/\/www.ip.gov.py\/ip\/author\/pvargas\/"}]}},"_links":{"self":[{"href":"https:\/\/www.ip.gov.py\/ip\/wp-json\/wp\/v2\/posts\/579723","targetHints":{"allow":["GET"]}}],"collection":[{"href":"https:\/\/www.ip.gov.py\/ip\/wp-json\/wp\/v2\/posts"}],"about":[{"href":"https:\/\/www.ip.gov.py\/ip\/wp-json\/wp\/v2\/types\/post"}],"author":[{"embeddable":true,"href":"https:\/\/www.ip.gov.py\/ip\/wp-json\/wp\/v2\/users\/48"}],"replies":[{"embeddable":true,"href":"https:\/\/www.ip.gov.py\/ip\/wp-json\/wp\/v2\/comments?post=579723"}],"version-history":[{"count":3,"href":"https:\/\/www.ip.gov.py\/ip\/wp-json\/wp\/v2\/posts\/579723\/revisions"}],"predecessor-version":[{"id":579731,"href":"https:\/\/www.ip.gov.py\/ip\/wp-json\/wp\/v2\/posts\/579723\/revisions\/579731"}],"wp:featuredmedia":[{"embeddable":true,"href":"https:\/\/www.ip.gov.py\/ip\/wp-json\/wp\/v2\/media\/579727"}],"wp:attachment":[{"href":"https:\/\/www.ip.gov.py\/ip\/wp-json\/wp\/v2\/media?parent=579723"}],"wp:term":[{"taxonomy":"category","embeddable":true,"href":"https:\/\/www.ip.gov.py\/ip\/wp-json\/wp\/v2\/categories?post=579723"},{"taxonomy":"post_tag","embeddable":true,"href":"https:\/\/www.ip.gov.py\/ip\/wp-json\/wp\/v2\/tags?post=579723"}],"curies":[{"name":"wp","href":"https:\/\/api.w.org\/{rel}","templated":true}]}}