{"id":579752,"date":"2026-04-30T12:29:45","date_gmt":"2026-04-30T15:29:45","guid":{"rendered":"https:\/\/www.ip.gov.py\/ip\/?p=579752"},"modified":"2026-05-01T11:48:34","modified_gmt":"2026-05-01T14:48:34","slug":"salario-minimo-no-podemos-ser-indiferentes-al-reclamo-de-la-clase-trabajadora-afirma-pena","status":"publish","type":"post","link":"https:\/\/www.ip.gov.py\/ip\/2026\/04\/30\/salario-minimo-no-podemos-ser-indiferentes-al-reclamo-de-la-clase-trabajadora-afirma-pena\/","title":{"rendered":"Salario m\u00ednimo: No podemos ser indiferentes al reclamo de la clase trabajadora, afirma Pe\u00f1a"},"content":{"rendered":"<p style=\"text-align: justify;\"><em><strong>Asunci\u00f3n, Agencia IP.-<\/strong><\/em> El presidente de la Rep\u00fablica, Santiago Pe\u00f1a, consider\u00f3 como un reclamo genuino el pedido de recuperaci\u00f3n del poder adquisitivo por parte de la clase trabajadora, dentro del proceso de reajuste del salario m\u00ednimo. \u00abNo podemos ser indiferentes al reclamo\u00bb, indic\u00f3 el mandatario.<\/p>\n<p style=\"text-align: justify;\"><!--more--><\/p>\n<p style=\"text-align: justify;\">En ese sentido, instruy\u00f3 a la ministra de Trabajo, Empleo y Seguridad Social, M\u00f3nica Recalde, quien encabeza las reuniones del Consejo Tripartito, definir un nuevo sistema de ajuste del salario m\u00ednimo para \u00abdefender a quienes m\u00e1s necesitan ser defendidos, que son a los trabajadores\u00bb.<\/p>\n<p style=\"text-align: justify;\">Durante una <strong><a href=\"https:\/\/www.ip.gov.py\/ip\/2026\/04\/30\/pena-exigio-al-consejo-de-ministros-acelerar-acciones-para-dar-resultados-concretos-en-favor-de-la-ciudadania\/\">reuni\u00f3n del Consejo de Ministros<\/a><\/strong>, indic\u00f3 que el Gobierno juega un papel de \u00e1rbitro en la discusi\u00f3n que se da entre trabajadores y empresarios, y que el di\u00e1logo tiene que ser la herramienta para encontrar acuerdos.<\/p>\n<p style=\"text-align: justify;\">Remarc\u00f3 que, pese a que se est\u00e1 generando empleo y aumentando la ocupaci\u00f3n, es necesario asegurar la calidad de vida a trav\u00e9s del salario que recibe la clase trabajadora, sin poner en riesgo la generaci\u00f3n de empleo.<\/p>\n<p style=\"text-align: justify;\">En conferencia de prensa, la ministra se\u00f1al\u00f3 que el presidente Pe\u00f1a dej\u00f3 bastante claro que \u00abmientras el desarrollo econ\u00f3mico no se vea reflejado en el bolsillo de la gente no vamos a parar\u00bb y reconoci\u00f3 que el tema del salario m\u00ednimo va a ser central durante todo el mes de mayo.<\/p>\n<p style=\"text-align: justify;\">\u00abVamos a llevar una discusi\u00f3n donde trabajadores y empresarios van a sentarse a negociar por primera vez en base a todas las evidencias posibles que tanto el Ministerio del Trabajo, como Ministerio de Industria, el Ministerio de Econom\u00eda y el Banco Central del Paraguay van a poner a disposici\u00f3n de las partes\u00bb, dijo.<\/p>\n<p style=\"text-align: justify;\">Se\u00f1al\u00f3 que el Gobierno lo que buscar\u00e1 es \u00abequilibrar esas discusiones\u00bb pero que el inter\u00e9s oficial es \u00abque el salario real crezca y que la plata le alcance a la gente\u00bb, de modo que m\u00e1s personas salgan de la pobreza mediante su trabajo.<\/p>\n<p style=\"text-align: justify;\">La ministra afirm\u00f3 que el monto que resultar\u00eda del actual m\u00e9todo de reajuste del salario m\u00ednimo, de aproximadamente 60.000 guaran\u00edes, es un monto insuficiente e injusto, pero aclar\u00f3 que el Ejecutivo no puede imponer un monto.<\/p>\n<p style=\"text-align: justify;\">\u00abLa negociaci\u00f3n, los acuerdos y los an\u00e1lisis van a ser importantes y lo que vamos a hacer es construir un di\u00e1logo social claro con los sectores, pero por sobre todo justo con la reivindicaci\u00f3n de los ingresos y que esto pueda impactar en la p\u00e9rdida del poder adquisitivo que ha venido soportando la gente\u00bb, expres\u00f3.<\/p>\n<h3 style=\"text-align: justify;\"><strong>Desvincular el salario m\u00ednimo para evitar efecto arrastre<\/strong><\/h3>\n<p style=\"text-align: justify;\">Por otro lado, la ministra indic\u00f3 que el Consejo Consultivo ha llegado por unanimidad a un acuerdo para que se presente un proyecto de ley sobre la desindexaci\u00f3n de precios vinculados al salario m\u00ednimo.<\/p>\n<p style=\"text-align: justify;\">Explic\u00f3 que el proyecto de ley plantear\u00e1 la desindexaci\u00f3n del salario m\u00ednimo de todos los impuestos, tasas, contribuciones y otros mecanismos que se ven\u00edan ajustando autom\u00e1ticamente con la modificaci\u00f3n del salario m\u00ednimo.<\/p>\n<p style=\"text-align: justify;\">Se\u00f1al\u00f3 que con la nueva disposici\u00f3n legal se buscar\u00e1 establecer una nueva unidad de medida para que estos conceptos tengan su propio c\u00e1lculo de ajuste y as\u00ed evitar el efecto arrastre que genera el aumento del salario m\u00ednimo.<\/p>\n<p style=\"text-align: justify;\">Indic\u00f3 que esta medida estar\u00e1 contemplada en un art\u00edculo espec\u00edfico, dentro de un conjunto de medidas de protecci\u00f3n al salario m\u00ednimo vital y m\u00f3vil, que incluye la reducci\u00f3n de los niveles de embargabilidad de los salarios.<\/p>\n<p style=\"text-align: justify;\">\u00abNosotros como gobierno vamos a trabajar para que la pr\u00f3xima semana esto ya pueda ser oficializado ante el Congreso Nacional\u00bb, anunci\u00f3.<\/p>\n","protected":false},"excerpt":{"rendered":"<p>Asunci\u00f3n, Agencia IP.- El presidente de la Rep\u00fablica, Santiago Pe\u00f1a, consider\u00f3 como un reclamo genuino el pedido de recuperaci\u00f3n del poder adquisitivo por parte de la clase trabajadora, dentro del proceso de reajuste del salario m\u00ednimo. \u00abNo podemos ser indiferentes al reclamo\u00bb, indic\u00f3 el mandatario.<\/p>\n","protected":false},"author":2,"featured_media":579753,"comment_status":"closed","ping_status":"closed","sticky":false,"template":"","format":"standard","meta":{"_monsterinsights_skip_tracking":false,"_monsterinsights_sitenote_active":false,"_monsterinsights_sitenote_note":"","_monsterinsights_sitenote_category":0,"footnotes":""},"categories":[9],"tags":[],"class_list":{"0":"post-579752","1":"post","2":"type-post","3":"status-publish","4":"format-standard","5":"has-post-thumbnail","7":"category-economia"},"yoast_head":"<!-- This site is optimized with the Yoast SEO plugin v27.5 - https:\/\/yoast.com\/product\/yoast-seo-wordpress\/ -->\n<title>Salario m\u00ednimo: No podemos ser indiferentes al reclamo de la clase trabajadora, afirma Pe\u00f1a - .::Agencia IP::.<\/title>\n<meta name=\"robots\" content=\"index, follow, max-snippet:-1, max-image-preview:large, max-video-preview:-1\" \/>\n<link rel=\"canonical\" href=\"https:\/\/www.ip.gov.py\/ip\/2026\/04\/30\/salario-minimo-no-podemos-ser-indiferentes-al-reclamo-de-la-clase-trabajadora-afirma-pena\/\" \/>\n<meta property=\"og:locale\" content=\"es_ES\" \/>\n<meta property=\"og:type\" content=\"article\" \/>\n<meta property=\"og:title\" content=\"Salario m\u00ednimo: No podemos ser indiferentes al reclamo de la clase trabajadora, afirma Pe\u00f1a - .::Agencia IP::.\" \/>\n<meta property=\"og:description\" content=\"Asunci\u00f3n, Agencia IP.- El presidente de la Rep\u00fablica, Santiago Pe\u00f1a, consider\u00f3 como un reclamo genuino el pedido de recuperaci\u00f3n del poder adquisitivo por parte de la clase trabajadora, dentro del proceso de reajuste del salario m\u00ednimo. \u00abNo podemos ser indiferentes al reclamo\u00bb, indic\u00f3 el mandatario.\" \/>\n<meta property=\"og:url\" content=\"https:\/\/www.ip.gov.py\/ip\/2026\/04\/30\/salario-minimo-no-podemos-ser-indiferentes-al-reclamo-de-la-clase-trabajadora-afirma-pena\/\" \/>\n<meta property=\"og:site_name\" content=\".::Agencia IP::.\" \/>\n<meta property=\"article:publisher\" content=\"https:\/\/www.facebook.com\/IPParaguay\/\" \/>\n<meta property=\"article:published_time\" content=\"2026-04-30T15:29:45+00:00\" \/>\n<meta property=\"article:modified_time\" content=\"2026-05-01T14:48:34+00:00\" \/>\n<meta property=\"og:image\" content=\"https:\/\/www.ip.gov.py\/ip\/wp-content\/uploads\/2026\/04\/pena-consejo-de-ministros-2-e1777572348674.jpeg\" \/>\n\t<meta property=\"og:image:width\" content=\"902\" \/>\n\t<meta property=\"og:image:height\" content=\"546\" \/>\n\t<meta property=\"og:image:type\" content=\"image\/jpeg\" \/>\n<meta name=\"author\" content=\"Roque Mereles\" \/>\n<meta name=\"twitter:card\" content=\"summary_large_image\" \/>\n<meta name=\"twitter:creator\" content=\"@IPParaguay\" \/>\n<meta name=\"twitter:site\" content=\"@IPParaguay\" \/>\n<meta name=\"twitter:label1\" content=\"Escrito por\" \/>\n\t<meta name=\"twitter:data1\" content=\"Roque Mereles\" \/>\n\t<meta name=\"twitter:label2\" content=\"Tiempo de lectura\" \/>\n\t<meta name=\"twitter:data2\" content=\"3 minutos\" \/>\n<script type=\"application\/ld+json\" class=\"yoast-schema-graph\">{\"@context\":\"https:\\\/\\\/schema.org\",\"@graph\":[{\"@type\":\"Article\",\"@id\":\"https:\\\/\\\/www.ip.gov.py\\\/ip\\\/2026\\\/04\\\/30\\\/salario-minimo-no-podemos-ser-indiferentes-al-reclamo-de-la-clase-trabajadora-afirma-pena\\\/#article\",\"isPartOf\":{\"@id\":\"https:\\\/\\\/www.ip.gov.py\\\/ip\\\/2026\\\/04\\\/30\\\/salario-minimo-no-podemos-ser-indiferentes-al-reclamo-de-la-clase-trabajadora-afirma-pena\\\/\"},\"author\":{\"name\":\"Roque Mereles\",\"@id\":\"https:\\\/\\\/www.ip.gov.py\\\/ip\\\/#\\\/schema\\\/person\\\/7ec1ca00d0a9301ecc37fff902ff6741\"},\"headline\":\"Salario m\u00ednimo: No podemos ser indiferentes al reclamo de la clase trabajadora, afirma Pe\u00f1a\",\"datePublished\":\"2026-04-30T15:29:45+00:00\",\"dateModified\":\"2026-05-01T14:48:34+00:00\",\"mainEntityOfPage\":{\"@id\":\"https:\\\/\\\/www.ip.gov.py\\\/ip\\\/2026\\\/04\\\/30\\\/salario-minimo-no-podemos-ser-indiferentes-al-reclamo-de-la-clase-trabajadora-afirma-pena\\\/\"},\"wordCount\":640,\"publisher\":{\"@id\":\"https:\\\/\\\/www.ip.gov.py\\\/ip\\\/#organization\"},\"image\":{\"@id\":\"https:\\\/\\\/www.ip.gov.py\\\/ip\\\/2026\\\/04\\\/30\\\/salario-minimo-no-podemos-ser-indiferentes-al-reclamo-de-la-clase-trabajadora-afirma-pena\\\/#primaryimage\"},\"thumbnailUrl\":\"https:\\\/\\\/www.ip.gov.py\\\/ip\\\/wp-content\\\/uploads\\\/2026\\\/04\\\/pena-consejo-de-ministros-2-e1777572348674.jpeg\",\"articleSection\":[\"Econom\u00eda\"],\"inLanguage\":\"es\"},{\"@type\":\"WebPage\",\"@id\":\"https:\\\/\\\/www.ip.gov.py\\\/ip\\\/2026\\\/04\\\/30\\\/salario-minimo-no-podemos-ser-indiferentes-al-reclamo-de-la-clase-trabajadora-afirma-pena\\\/\",\"url\":\"https:\\\/\\\/www.ip.gov.py\\\/ip\\\/2026\\\/04\\\/30\\\/salario-minimo-no-podemos-ser-indiferentes-al-reclamo-de-la-clase-trabajadora-afirma-pena\\\/\",\"name\":\"Salario m\u00ednimo: No podemos ser indiferentes al reclamo de la clase trabajadora, afirma Pe\u00f1a - .::Agencia IP::.\",\"isPartOf\":{\"@id\":\"https:\\\/\\\/www.ip.gov.py\\\/ip\\\/#website\"},\"primaryImageOfPage\":{\"@id\":\"https:\\\/\\\/www.ip.gov.py\\\/ip\\\/2026\\\/04\\\/30\\\/salario-minimo-no-podemos-ser-indiferentes-al-reclamo-de-la-clase-trabajadora-afirma-pena\\\/#primaryimage\"},\"image\":{\"@id\":\"https:\\\/\\\/www.ip.gov.py\\\/ip\\\/2026\\\/04\\\/30\\\/salario-minimo-no-podemos-ser-indiferentes-al-reclamo-de-la-clase-trabajadora-afirma-pena\\\/#primaryimage\"},\"thumbnailUrl\":\"https:\\\/\\\/www.ip.gov.py\\\/ip\\\/wp-content\\\/uploads\\\/2026\\\/04\\\/pena-consejo-de-ministros-2-e1777572348674.jpeg\",\"datePublished\":\"2026-04-30T15:29:45+00:00\",\"dateModified\":\"2026-05-01T14:48:34+00:00\",\"breadcrumb\":{\"@id\":\"https:\\\/\\\/www.ip.gov.py\\\/ip\\\/2026\\\/04\\\/30\\\/salario-minimo-no-podemos-ser-indiferentes-al-reclamo-de-la-clase-trabajadora-afirma-pena\\\/#breadcrumb\"},\"inLanguage\":\"es\",\"potentialAction\":[{\"@type\":\"ReadAction\",\"target\":[\"https:\\\/\\\/www.ip.gov.py\\\/ip\\\/2026\\\/04\\\/30\\\/salario-minimo-no-podemos-ser-indiferentes-al-reclamo-de-la-clase-trabajadora-afirma-pena\\\/\"]}]},{\"@type\":\"ImageObject\",\"inLanguage\":\"es\",\"@id\":\"https:\\\/\\\/www.ip.gov.py\\\/ip\\\/2026\\\/04\\\/30\\\/salario-minimo-no-podemos-ser-indiferentes-al-reclamo-de-la-clase-trabajadora-afirma-pena\\\/#primaryimage\",\"url\":\"https:\\\/\\\/www.ip.gov.py\\\/ip\\\/wp-content\\\/uploads\\\/2026\\\/04\\\/pena-consejo-de-ministros-2-e1777572348674.jpeg\",\"contentUrl\":\"https:\\\/\\\/www.ip.gov.py\\\/ip\\\/wp-content\\\/uploads\\\/2026\\\/04\\\/pena-consejo-de-ministros-2-e1777572348674.jpeg\",\"width\":902,\"height\":546,\"caption\":\"Foto Presidencia.\"},{\"@type\":\"BreadcrumbList\",\"@id\":\"https:\\\/\\\/www.ip.gov.py\\\/ip\\\/2026\\\/04\\\/30\\\/salario-minimo-no-podemos-ser-indiferentes-al-reclamo-de-la-clase-trabajadora-afirma-pena\\\/#breadcrumb\",\"itemListElement\":[{\"@type\":\"ListItem\",\"position\":1,\"name\":\"Portada\",\"item\":\"https:\\\/\\\/www.ip.gov.py\\\/ip\\\/\"},{\"@type\":\"ListItem\",\"position\":2,\"name\":\"Salario m\u00ednimo: No podemos ser indiferentes al reclamo de la clase trabajadora, afirma Pe\u00f1a\"}]},{\"@type\":\"WebSite\",\"@id\":\"https:\\\/\\\/www.ip.gov.py\\\/ip\\\/#website\",\"url\":\"https:\\\/\\\/www.ip.gov.py\\\/ip\\\/\",\"name\":\".::Agencia IP::.\",\"description\":\"\",\"publisher\":{\"@id\":\"https:\\\/\\\/www.ip.gov.py\\\/ip\\\/#organization\"},\"potentialAction\":[{\"@type\":\"SearchAction\",\"target\":{\"@type\":\"EntryPoint\",\"urlTemplate\":\"https:\\\/\\\/www.ip.gov.py\\\/ip\\\/?s={search_term_string}\"},\"query-input\":{\"@type\":\"PropertyValueSpecification\",\"valueRequired\":true,\"valueName\":\"search_term_string\"}}],\"inLanguage\":\"es\"},{\"@type\":\"Organization\",\"@id\":\"https:\\\/\\\/www.ip.gov.py\\\/ip\\\/#organization\",\"name\":\"Agencia IP\",\"url\":\"https:\\\/\\\/www.ip.gov.py\\\/ip\\\/\",\"logo\":{\"@type\":\"ImageObject\",\"inLanguage\":\"es\",\"@id\":\"https:\\\/\\\/www.ip.gov.py\\\/ip\\\/#\\\/schema\\\/logo\\\/image\\\/\",\"url\":\"https:\\\/\\\/www.ip.gov.py\\\/ip\\\/wp-content\\\/uploads\\\/2018\\\/01\\\/Agencia-IP.jpg\",\"contentUrl\":\"https:\\\/\\\/www.ip.gov.py\\\/ip\\\/wp-content\\\/uploads\\\/2018\\\/01\\\/Agencia-IP.jpg\",\"width\":150,\"height\":150,\"caption\":\"Agencia IP\"},\"image\":{\"@id\":\"https:\\\/\\\/www.ip.gov.py\\\/ip\\\/#\\\/schema\\\/logo\\\/image\\\/\"},\"sameAs\":[\"https:\\\/\\\/www.facebook.com\\\/IPParaguay\\\/\",\"https:\\\/\\\/x.com\\\/IPParaguay\",\"https:\\\/\\\/www.instagram.com\\\/IPParaguay\"]},{\"@type\":\"Person\",\"@id\":\"https:\\\/\\\/www.ip.gov.py\\\/ip\\\/#\\\/schema\\\/person\\\/7ec1ca00d0a9301ecc37fff902ff6741\",\"name\":\"Roque Mereles\",\"url\":\"https:\\\/\\\/www.ip.gov.py\\\/ip\\\/author\\\/rmereles\\\/\"}]}<\/script>\n<!-- \/ Yoast SEO plugin. -->","yoast_head_json":{"title":"Salario m\u00ednimo: No podemos ser indiferentes al reclamo de la clase trabajadora, afirma Pe\u00f1a - .::Agencia IP::.","robots":{"index":"index","follow":"follow","max-snippet":"max-snippet:-1","max-image-preview":"max-image-preview:large","max-video-preview":"max-video-preview:-1"},"canonical":"https:\/\/www.ip.gov.py\/ip\/2026\/04\/30\/salario-minimo-no-podemos-ser-indiferentes-al-reclamo-de-la-clase-trabajadora-afirma-pena\/","og_locale":"es_ES","og_type":"article","og_title":"Salario m\u00ednimo: No podemos ser indiferentes al reclamo de la clase trabajadora, afirma Pe\u00f1a - .::Agencia IP::.","og_description":"Asunci\u00f3n, Agencia IP.- El presidente de la Rep\u00fablica, Santiago Pe\u00f1a, consider\u00f3 como un reclamo genuino el pedido de recuperaci\u00f3n del poder adquisitivo por parte de la clase trabajadora, dentro del proceso de reajuste del salario m\u00ednimo. \u00abNo podemos ser indiferentes al reclamo\u00bb, indic\u00f3 el mandatario.","og_url":"https:\/\/www.ip.gov.py\/ip\/2026\/04\/30\/salario-minimo-no-podemos-ser-indiferentes-al-reclamo-de-la-clase-trabajadora-afirma-pena\/","og_site_name":".::Agencia IP::.","article_publisher":"https:\/\/www.facebook.com\/IPParaguay\/","article_published_time":"2026-04-30T15:29:45+00:00","article_modified_time":"2026-05-01T14:48:34+00:00","og_image":[{"width":902,"height":546,"url":"https:\/\/www.ip.gov.py\/ip\/wp-content\/uploads\/2026\/04\/pena-consejo-de-ministros-2-e1777572348674.jpeg","type":"image\/jpeg"}],"author":"Roque Mereles","twitter_card":"summary_large_image","twitter_creator":"@IPParaguay","twitter_site":"@IPParaguay","twitter_misc":{"Escrito por":"Roque Mereles","Tiempo de lectura":"3 minutos"},"schema":{"@context":"https:\/\/schema.org","@graph":[{"@type":"Article","@id":"https:\/\/www.ip.gov.py\/ip\/2026\/04\/30\/salario-minimo-no-podemos-ser-indiferentes-al-reclamo-de-la-clase-trabajadora-afirma-pena\/#article","isPartOf":{"@id":"https:\/\/www.ip.gov.py\/ip\/2026\/04\/30\/salario-minimo-no-podemos-ser-indiferentes-al-reclamo-de-la-clase-trabajadora-afirma-pena\/"},"author":{"name":"Roque Mereles","@id":"https:\/\/www.ip.gov.py\/ip\/#\/schema\/person\/7ec1ca00d0a9301ecc37fff902ff6741"},"headline":"Salario m\u00ednimo: No podemos ser indiferentes al reclamo de la clase trabajadora, afirma Pe\u00f1a","datePublished":"2026-04-30T15:29:45+00:00","dateModified":"2026-05-01T14:48:34+00:00","mainEntityOfPage":{"@id":"https:\/\/www.ip.gov.py\/ip\/2026\/04\/30\/salario-minimo-no-podemos-ser-indiferentes-al-reclamo-de-la-clase-trabajadora-afirma-pena\/"},"wordCount":640,"publisher":{"@id":"https:\/\/www.ip.gov.py\/ip\/#organization"},"image":{"@id":"https:\/\/www.ip.gov.py\/ip\/2026\/04\/30\/salario-minimo-no-podemos-ser-indiferentes-al-reclamo-de-la-clase-trabajadora-afirma-pena\/#primaryimage"},"thumbnailUrl":"https:\/\/www.ip.gov.py\/ip\/wp-content\/uploads\/2026\/04\/pena-consejo-de-ministros-2-e1777572348674.jpeg","articleSection":["Econom\u00eda"],"inLanguage":"es"},{"@type":"WebPage","@id":"https:\/\/www.ip.gov.py\/ip\/2026\/04\/30\/salario-minimo-no-podemos-ser-indiferentes-al-reclamo-de-la-clase-trabajadora-afirma-pena\/","url":"https:\/\/www.ip.gov.py\/ip\/2026\/04\/30\/salario-minimo-no-podemos-ser-indiferentes-al-reclamo-de-la-clase-trabajadora-afirma-pena\/","name":"Salario m\u00ednimo: No podemos ser indiferentes al reclamo de la clase trabajadora, afirma Pe\u00f1a - .::Agencia IP::.","isPartOf":{"@id":"https:\/\/www.ip.gov.py\/ip\/#website"},"primaryImageOfPage":{"@id":"https:\/\/www.ip.gov.py\/ip\/2026\/04\/30\/salario-minimo-no-podemos-ser-indiferentes-al-reclamo-de-la-clase-trabajadora-afirma-pena\/#primaryimage"},"image":{"@id":"https:\/\/www.ip.gov.py\/ip\/2026\/04\/30\/salario-minimo-no-podemos-ser-indiferentes-al-reclamo-de-la-clase-trabajadora-afirma-pena\/#primaryimage"},"thumbnailUrl":"https:\/\/www.ip.gov.py\/ip\/wp-content\/uploads\/2026\/04\/pena-consejo-de-ministros-2-e1777572348674.jpeg","datePublished":"2026-04-30T15:29:45+00:00","dateModified":"2026-05-01T14:48:34+00:00","breadcrumb":{"@id":"https:\/\/www.ip.gov.py\/ip\/2026\/04\/30\/salario-minimo-no-podemos-ser-indiferentes-al-reclamo-de-la-clase-trabajadora-afirma-pena\/#breadcrumb"},"inLanguage":"es","potentialAction":[{"@type":"ReadAction","target":["https:\/\/www.ip.gov.py\/ip\/2026\/04\/30\/salario-minimo-no-podemos-ser-indiferentes-al-reclamo-de-la-clase-trabajadora-afirma-pena\/"]}]},{"@type":"ImageObject","inLanguage":"es","@id":"https:\/\/www.ip.gov.py\/ip\/2026\/04\/30\/salario-minimo-no-podemos-ser-indiferentes-al-reclamo-de-la-clase-trabajadora-afirma-pena\/#primaryimage","url":"https:\/\/www.ip.gov.py\/ip\/wp-content\/uploads\/2026\/04\/pena-consejo-de-ministros-2-e1777572348674.jpeg","contentUrl":"https:\/\/www.ip.gov.py\/ip\/wp-content\/uploads\/2026\/04\/pena-consejo-de-ministros-2-e1777572348674.jpeg","width":902,"height":546,"caption":"Foto Presidencia."},{"@type":"BreadcrumbList","@id":"https:\/\/www.ip.gov.py\/ip\/2026\/04\/30\/salario-minimo-no-podemos-ser-indiferentes-al-reclamo-de-la-clase-trabajadora-afirma-pena\/#breadcrumb","itemListElement":[{"@type":"ListItem","position":1,"name":"Portada","item":"https:\/\/www.ip.gov.py\/ip\/"},{"@type":"ListItem","position":2,"name":"Salario m\u00ednimo: No podemos ser indiferentes al reclamo de la clase trabajadora, afirma Pe\u00f1a"}]},{"@type":"WebSite","@id":"https:\/\/www.ip.gov.py\/ip\/#website","url":"https:\/\/www.ip.gov.py\/ip\/","name":".::Agencia IP::.","description":"","publisher":{"@id":"https:\/\/www.ip.gov.py\/ip\/#organization"},"potentialAction":[{"@type":"SearchAction","target":{"@type":"EntryPoint","urlTemplate":"https:\/\/www.ip.gov.py\/ip\/?s={search_term_string}"},"query-input":{"@type":"PropertyValueSpecification","valueRequired":true,"valueName":"search_term_string"}}],"inLanguage":"es"},{"@type":"Organization","@id":"https:\/\/www.ip.gov.py\/ip\/#organization","name":"Agencia IP","url":"https:\/\/www.ip.gov.py\/ip\/","logo":{"@type":"ImageObject","inLanguage":"es","@id":"https:\/\/www.ip.gov.py\/ip\/#\/schema\/logo\/image\/","url":"https:\/\/www.ip.gov.py\/ip\/wp-content\/uploads\/2018\/01\/Agencia-IP.jpg","contentUrl":"https:\/\/www.ip.gov.py\/ip\/wp-content\/uploads\/2018\/01\/Agencia-IP.jpg","width":150,"height":150,"caption":"Agencia IP"},"image":{"@id":"https:\/\/www.ip.gov.py\/ip\/#\/schema\/logo\/image\/"},"sameAs":["https:\/\/www.facebook.com\/IPParaguay\/","https:\/\/x.com\/IPParaguay","https:\/\/www.instagram.com\/IPParaguay"]},{"@type":"Person","@id":"https:\/\/www.ip.gov.py\/ip\/#\/schema\/person\/7ec1ca00d0a9301ecc37fff902ff6741","name":"Roque Mereles","url":"https:\/\/www.ip.gov.py\/ip\/author\/rmereles\/"}]}},"_links":{"self":[{"href":"https:\/\/www.ip.gov.py\/ip\/wp-json\/wp\/v2\/posts\/579752","targetHints":{"allow":["GET"]}}],"collection":[{"href":"https:\/\/www.ip.gov.py\/ip\/wp-json\/wp\/v2\/posts"}],"about":[{"href":"https:\/\/www.ip.gov.py\/ip\/wp-json\/wp\/v2\/types\/post"}],"author":[{"embeddable":true,"href":"https:\/\/www.ip.gov.py\/ip\/wp-json\/wp\/v2\/users\/2"}],"replies":[{"embeddable":true,"href":"https:\/\/www.ip.gov.py\/ip\/wp-json\/wp\/v2\/comments?post=579752"}],"version-history":[{"count":2,"href":"https:\/\/www.ip.gov.py\/ip\/wp-json\/wp\/v2\/posts\/579752\/revisions"}],"predecessor-version":[{"id":579780,"href":"https:\/\/www.ip.gov.py\/ip\/wp-json\/wp\/v2\/posts\/579752\/revisions\/579780"}],"wp:featuredmedia":[{"embeddable":true,"href":"https:\/\/www.ip.gov.py\/ip\/wp-json\/wp\/v2\/media\/579753"}],"wp:attachment":[{"href":"https:\/\/www.ip.gov.py\/ip\/wp-json\/wp\/v2\/media?parent=579752"}],"wp:term":[{"taxonomy":"category","embeddable":true,"href":"https:\/\/www.ip.gov.py\/ip\/wp-json\/wp\/v2\/categories?post=579752"},{"taxonomy":"post_tag","embeddable":true,"href":"https:\/\/www.ip.gov.py\/ip\/wp-json\/wp\/v2\/tags?post=579752"}],"curies":[{"name":"wp","href":"https:\/\/api.w.org\/{rel}","templated":true}]}}