{"id":621,"date":"2015-01-30T21:32:50","date_gmt":"2015-01-30T21:32:50","guid":{"rendered":"http:\/\/desarrollo.ip.gov.py\/ip\/?p=621"},"modified":"2015-02-04T16:53:05","modified_gmt":"2015-02-04T16:53:05","slug":"presentaran-muestra-fotografica-y-trofeos-de-guerra-de-la-triple-alianza","status":"publish","type":"post","link":"https:\/\/www.ip.gov.py\/ip\/2015\/01\/30\/presentaran-muestra-fotografica-y-trofeos-de-guerra-de-la-triple-alianza\/","title":{"rendered":"Presentar\u00e1n muestra fotogr\u00e1fica y trofeos de guerra de la Triple Alianza"},"content":{"rendered":"<p style=\"text-align: justify;\"><em><strong>Asunci\u00f3n, IP.-<\/strong><\/em>\u00a0El Centro Cultural de la Rep\u00fablica El Cabildo, habilitar\u00e1, el jueves, 5 de febrero, una exposici\u00f3n fotogr\u00e1fica y de trofeos de guerra devueltos por el Gobierno del Uruguay al Paraguay. La muestra, denominada\u00a0\u201cMemoria viva de una Deuda Hist\u00f3rica. Guerra de la Triple Alianza\u201d, estar\u00e1 a cargo de la directora del Centro Cultural, Margarita Morselli y del\u00a0embajador de la Rep\u00fablica Oriental del Uruguay, \u00a0Federico Perazza.<!--more--><\/p>\n<p style=\"text-align: justify;\">\u00a0\u201cSon 21 fotograf\u00edas que est\u00e1n en poder de la Biblioteca Nacional del Uruguay y que van a ser expuestas en El Cabildo, al igual que los trofeos que Uruguay devolviera oficialmente en 1885 al gobierno paraguayo. Creemos que es una muestra que va a poner en valor cu\u00e1l es la postura del gobierno uruguayo sobre ese conflicto b\u00e9lico\u201d, expres\u00f3 Federico Perazza.<\/p>\n<p style=\"text-align: justify;\"><strong>Una de las primeras guerras fotografiadas<\/strong><\/p>\n<p style=\"text-align: justify;\">Tambi\u00e9n agreg\u00f3 que\u00a0 una de las principales caracter\u00edsticas de la guerra del Paraguay es que fue una de las primeras guerras fotografiadas en la historia de la humanidad \u201cjunto con la guerra de Crimea y con la guerra de Secesi\u00f3n de los Estados Unidos. Entonces parece importante que el pueblo uruguayo contribuya a reconstruir esa memoria hist\u00f3rica exponiendo 21 fotograf\u00edas de las m\u00e1s de 3.000 que tiene en su poder\u201d.<\/p>\n<p style=\"text-align: justify;\">\u201cEn el marco del 150 aniversario del inicio de las hostilidades que condujeron a las guerra del Paraguay, y a 130 a\u00f1os de la entrega oficial de los trofeos de guerra del gobierno uruguayo a Paraguay, creo que son dos fechas que encajan muy bien en esta muestra fotogr\u00e1fica\u201d, explic\u00f3.<\/p>\n<p style=\"text-align: justify;\">El criterio de selecci\u00f3n estuvo a cargo de la propia Biblioteca Nacional del Uruguay que identific\u00f3 las 21 fotograf\u00edas m\u00e1s acordes a las dos fechas recordadas.<\/p>\n<p style=\"text-align: justify;\">\u201cSon fotograf\u00edas que tocan varios aspectos importantes: est\u00e1 la muerte del General Valleja, en la batalla de Boquer\u00f3n, que es muy importante para la historia militar uruguaya, hay fotos sobre prisioneros de guerra, hay fotos crueles que demuestran lo que fue este conflicto, cad\u00e1veres que est\u00e1n expuestos, tambi\u00e9n hay fotos sobre los hospitales, hay fotos sobre distintos pasajes de la guerra que me parece que son conocidos y que ser\u00eda bueno que tanto uruguayos como paraguayos pudieran conocer con mayor profundidad en esta muestra\u201d, finaliz\u00f3.<\/p>\n","protected":false},"excerpt":{"rendered":"<p>Asunci\u00f3n, IP.-\u00a0El Centro Cultural de la Rep\u00fablica El Cabildo, habilitar\u00e1, el jueves, 5 de febrero, una exposici\u00f3n fotogr\u00e1fica y de trofeos de guerra devueltos por el Gobierno del Uruguay al Paraguay. La muestra, denominada\u00a0\u201cMemoria viva de una Deuda Hist\u00f3rica. Guerra de la Triple Alianza\u201d, estar\u00e1 a cargo de la directora del Centro Cultural, Margarita Morselli [&hellip;]<\/p>\n","protected":false},"author":8,"featured_media":622,"comment_status":"closed","ping_status":"closed","sticky":false,"template":"","format":"standard","meta":{"_monsterinsights_skip_tracking":false,"_monsterinsights_sitenote_active":false,"_monsterinsights_sitenote_note":"","_monsterinsights_sitenote_category":0,"footnotes":""},"categories":[7],"tags":[],"class_list":{"0":"post-621","1":"post","2":"type-post","3":"status-publish","4":"format-standard","5":"has-post-thumbnail","7":"category-cultura"},"yoast_head":"<!-- This site is optimized with the Yoast SEO plugin v27.5 - https:\/\/yoast.com\/product\/yoast-seo-wordpress\/ -->\n<title>Presentar\u00e1n muestra fotogr\u00e1fica y trofeos de guerra de la Triple Alianza - .::Agencia IP::.<\/title>\n<meta name=\"robots\" content=\"index, follow, max-snippet:-1, max-image-preview:large, max-video-preview:-1\" \/>\n<link rel=\"canonical\" href=\"https:\/\/www.ip.gov.py\/ip\/2015\/01\/30\/presentaran-muestra-fotografica-y-trofeos-de-guerra-de-la-triple-alianza\/\" \/>\n<meta property=\"og:locale\" content=\"es_ES\" \/>\n<meta property=\"og:type\" content=\"article\" \/>\n<meta property=\"og:title\" content=\"Presentar\u00e1n muestra fotogr\u00e1fica y trofeos de guerra de la Triple Alianza - .::Agencia IP::.\" \/>\n<meta property=\"og:description\" content=\"Asunci\u00f3n, IP.-\u00a0El Centro Cultural de la Rep\u00fablica El Cabildo, habilitar\u00e1, el jueves, 5 de febrero, una exposici\u00f3n fotogr\u00e1fica y de trofeos de guerra devueltos por el Gobierno del Uruguay al Paraguay. La muestra, denominada\u00a0\u201cMemoria viva de una Deuda Hist\u00f3rica. Guerra de la Triple Alianza\u201d, estar\u00e1 a cargo de la directora del Centro Cultural, Margarita Morselli [&hellip;]\" \/>\n<meta property=\"og:url\" content=\"https:\/\/www.ip.gov.py\/ip\/2015\/01\/30\/presentaran-muestra-fotografica-y-trofeos-de-guerra-de-la-triple-alianza\/\" \/>\n<meta property=\"og:site_name\" content=\".::Agencia IP::.\" \/>\n<meta property=\"article:publisher\" content=\"https:\/\/www.facebook.com\/IPParaguay\/\" \/>\n<meta property=\"article:published_time\" content=\"2015-01-30T21:32:50+00:00\" \/>\n<meta property=\"article:modified_time\" content=\"2015-02-04T16:53:05+00:00\" \/>\n<meta property=\"og:image\" content=\"https:\/\/www.ip.gov.py\/ip\/wp-content\/uploads\/2015\/01\/Fotos_de_la_Triple_Alianza_2.jpg\" \/>\n\t<meta property=\"og:image:width\" content=\"389\" \/>\n\t<meta property=\"og:image:height\" content=\"336\" \/>\n\t<meta property=\"og:image:type\" content=\"image\/jpeg\" \/>\n<meta name=\"author\" content=\"E A\" \/>\n<meta name=\"twitter:card\" content=\"summary_large_image\" \/>\n<meta name=\"twitter:creator\" content=\"@IPParaguay\" \/>\n<meta name=\"twitter:site\" content=\"@IPParaguay\" \/>\n<meta name=\"twitter:label1\" content=\"Escrito por\" \/>\n\t<meta name=\"twitter:data1\" content=\"E A\" \/>\n\t<meta name=\"twitter:label2\" content=\"Tiempo de lectura\" \/>\n\t<meta name=\"twitter:data2\" content=\"2 minutos\" \/>\n<script type=\"application\/ld+json\" class=\"yoast-schema-graph\">{\"@context\":\"https:\\\/\\\/schema.org\",\"@graph\":[{\"@type\":\"Article\",\"@id\":\"https:\\\/\\\/www.ip.gov.py\\\/ip\\\/2015\\\/01\\\/30\\\/presentaran-muestra-fotografica-y-trofeos-de-guerra-de-la-triple-alianza\\\/#article\",\"isPartOf\":{\"@id\":\"https:\\\/\\\/www.ip.gov.py\\\/ip\\\/2015\\\/01\\\/30\\\/presentaran-muestra-fotografica-y-trofeos-de-guerra-de-la-triple-alianza\\\/\"},\"author\":{\"name\":\"E A\",\"@id\":\"https:\\\/\\\/www.ip.gov.py\\\/ip\\\/#\\\/schema\\\/person\\\/a9b440601a6e62f72bfc545c0387470f\"},\"headline\":\"Presentar\u00e1n muestra fotogr\u00e1fica y trofeos de guerra de la Triple Alianza\",\"datePublished\":\"2015-01-30T21:32:50+00:00\",\"dateModified\":\"2015-02-04T16:53:05+00:00\",\"mainEntityOfPage\":{\"@id\":\"https:\\\/\\\/www.ip.gov.py\\\/ip\\\/2015\\\/01\\\/30\\\/presentaran-muestra-fotografica-y-trofeos-de-guerra-de-la-triple-alianza\\\/\"},\"wordCount\":399,\"publisher\":{\"@id\":\"https:\\\/\\\/www.ip.gov.py\\\/ip\\\/#organization\"},\"image\":{\"@id\":\"https:\\\/\\\/www.ip.gov.py\\\/ip\\\/2015\\\/01\\\/30\\\/presentaran-muestra-fotografica-y-trofeos-de-guerra-de-la-triple-alianza\\\/#primaryimage\"},\"thumbnailUrl\":\"https:\\\/\\\/www.ip.gov.py\\\/ip\\\/wp-content\\\/uploads\\\/2015\\\/01\\\/Fotos_de_la_Triple_Alianza_2.jpg\",\"articleSection\":[\"Cultura\"],\"inLanguage\":\"es\"},{\"@type\":\"WebPage\",\"@id\":\"https:\\\/\\\/www.ip.gov.py\\\/ip\\\/2015\\\/01\\\/30\\\/presentaran-muestra-fotografica-y-trofeos-de-guerra-de-la-triple-alianza\\\/\",\"url\":\"https:\\\/\\\/www.ip.gov.py\\\/ip\\\/2015\\\/01\\\/30\\\/presentaran-muestra-fotografica-y-trofeos-de-guerra-de-la-triple-alianza\\\/\",\"name\":\"Presentar\u00e1n muestra fotogr\u00e1fica y trofeos de guerra de la Triple Alianza - .::Agencia IP::.\",\"isPartOf\":{\"@id\":\"https:\\\/\\\/www.ip.gov.py\\\/ip\\\/#website\"},\"primaryImageOfPage\":{\"@id\":\"https:\\\/\\\/www.ip.gov.py\\\/ip\\\/2015\\\/01\\\/30\\\/presentaran-muestra-fotografica-y-trofeos-de-guerra-de-la-triple-alianza\\\/#primaryimage\"},\"image\":{\"@id\":\"https:\\\/\\\/www.ip.gov.py\\\/ip\\\/2015\\\/01\\\/30\\\/presentaran-muestra-fotografica-y-trofeos-de-guerra-de-la-triple-alianza\\\/#primaryimage\"},\"thumbnailUrl\":\"https:\\\/\\\/www.ip.gov.py\\\/ip\\\/wp-content\\\/uploads\\\/2015\\\/01\\\/Fotos_de_la_Triple_Alianza_2.jpg\",\"datePublished\":\"2015-01-30T21:32:50+00:00\",\"dateModified\":\"2015-02-04T16:53:05+00:00\",\"breadcrumb\":{\"@id\":\"https:\\\/\\\/www.ip.gov.py\\\/ip\\\/2015\\\/01\\\/30\\\/presentaran-muestra-fotografica-y-trofeos-de-guerra-de-la-triple-alianza\\\/#breadcrumb\"},\"inLanguage\":\"es\",\"potentialAction\":[{\"@type\":\"ReadAction\",\"target\":[\"https:\\\/\\\/www.ip.gov.py\\\/ip\\\/2015\\\/01\\\/30\\\/presentaran-muestra-fotografica-y-trofeos-de-guerra-de-la-triple-alianza\\\/\"]}]},{\"@type\":\"ImageObject\",\"inLanguage\":\"es\",\"@id\":\"https:\\\/\\\/www.ip.gov.py\\\/ip\\\/2015\\\/01\\\/30\\\/presentaran-muestra-fotografica-y-trofeos-de-guerra-de-la-triple-alianza\\\/#primaryimage\",\"url\":\"https:\\\/\\\/www.ip.gov.py\\\/ip\\\/wp-content\\\/uploads\\\/2015\\\/01\\\/Fotos_de_la_Triple_Alianza_2.jpg\",\"contentUrl\":\"https:\\\/\\\/www.ip.gov.py\\\/ip\\\/wp-content\\\/uploads\\\/2015\\\/01\\\/Fotos_de_la_Triple_Alianza_2.jpg\",\"width\":389,\"height\":336,\"caption\":\"Fotograf\u00edas de la Guerra de la Triple Alianza. Foto Ilustraci\u00f3n.\"},{\"@type\":\"BreadcrumbList\",\"@id\":\"https:\\\/\\\/www.ip.gov.py\\\/ip\\\/2015\\\/01\\\/30\\\/presentaran-muestra-fotografica-y-trofeos-de-guerra-de-la-triple-alianza\\\/#breadcrumb\",\"itemListElement\":[{\"@type\":\"ListItem\",\"position\":1,\"name\":\"Portada\",\"item\":\"https:\\\/\\\/www.ip.gov.py\\\/ip\\\/\"},{\"@type\":\"ListItem\",\"position\":2,\"name\":\"Presentar\u00e1n muestra fotogr\u00e1fica y trofeos de guerra de la Triple Alianza\"}]},{\"@type\":\"WebSite\",\"@id\":\"https:\\\/\\\/www.ip.gov.py\\\/ip\\\/#website\",\"url\":\"https:\\\/\\\/www.ip.gov.py\\\/ip\\\/\",\"name\":\".::Agencia IP::.\",\"description\":\"\",\"publisher\":{\"@id\":\"https:\\\/\\\/www.ip.gov.py\\\/ip\\\/#organization\"},\"potentialAction\":[{\"@type\":\"SearchAction\",\"target\":{\"@type\":\"EntryPoint\",\"urlTemplate\":\"https:\\\/\\\/www.ip.gov.py\\\/ip\\\/?s={search_term_string}\"},\"query-input\":{\"@type\":\"PropertyValueSpecification\",\"valueRequired\":true,\"valueName\":\"search_term_string\"}}],\"inLanguage\":\"es\"},{\"@type\":\"Organization\",\"@id\":\"https:\\\/\\\/www.ip.gov.py\\\/ip\\\/#organization\",\"name\":\"Agencia IP\",\"url\":\"https:\\\/\\\/www.ip.gov.py\\\/ip\\\/\",\"logo\":{\"@type\":\"ImageObject\",\"inLanguage\":\"es\",\"@id\":\"https:\\\/\\\/www.ip.gov.py\\\/ip\\\/#\\\/schema\\\/logo\\\/image\\\/\",\"url\":\"https:\\\/\\\/www.ip.gov.py\\\/ip\\\/wp-content\\\/uploads\\\/2018\\\/01\\\/Agencia-IP.jpg\",\"contentUrl\":\"https:\\\/\\\/www.ip.gov.py\\\/ip\\\/wp-content\\\/uploads\\\/2018\\\/01\\\/Agencia-IP.jpg\",\"width\":150,\"height\":150,\"caption\":\"Agencia IP\"},\"image\":{\"@id\":\"https:\\\/\\\/www.ip.gov.py\\\/ip\\\/#\\\/schema\\\/logo\\\/image\\\/\"},\"sameAs\":[\"https:\\\/\\\/www.facebook.com\\\/IPParaguay\\\/\",\"https:\\\/\\\/x.com\\\/IPParaguay\",\"https:\\\/\\\/www.instagram.com\\\/IPParaguay\"]},{\"@type\":\"Person\",\"@id\":\"https:\\\/\\\/www.ip.gov.py\\\/ip\\\/#\\\/schema\\\/person\\\/a9b440601a6e62f72bfc545c0387470f\",\"name\":\"E A\",\"url\":\"https:\\\/\\\/www.ip.gov.py\\\/ip\\\/author\\\/eayala\\\/\"}]}<\/script>\n<!-- \/ Yoast SEO plugin. -->","yoast_head_json":{"title":"Presentar\u00e1n muestra fotogr\u00e1fica y trofeos de guerra de la Triple Alianza - .::Agencia IP::.","robots":{"index":"index","follow":"follow","max-snippet":"max-snippet:-1","max-image-preview":"max-image-preview:large","max-video-preview":"max-video-preview:-1"},"canonical":"https:\/\/www.ip.gov.py\/ip\/2015\/01\/30\/presentaran-muestra-fotografica-y-trofeos-de-guerra-de-la-triple-alianza\/","og_locale":"es_ES","og_type":"article","og_title":"Presentar\u00e1n muestra fotogr\u00e1fica y trofeos de guerra de la Triple Alianza - .::Agencia IP::.","og_description":"Asunci\u00f3n, IP.-\u00a0El Centro Cultural de la Rep\u00fablica El Cabildo, habilitar\u00e1, el jueves, 5 de febrero, una exposici\u00f3n fotogr\u00e1fica y de trofeos de guerra devueltos por el Gobierno del Uruguay al Paraguay. La muestra, denominada\u00a0\u201cMemoria viva de una Deuda Hist\u00f3rica. Guerra de la Triple Alianza\u201d, estar\u00e1 a cargo de la directora del Centro Cultural, Margarita Morselli [&hellip;]","og_url":"https:\/\/www.ip.gov.py\/ip\/2015\/01\/30\/presentaran-muestra-fotografica-y-trofeos-de-guerra-de-la-triple-alianza\/","og_site_name":".::Agencia IP::.","article_publisher":"https:\/\/www.facebook.com\/IPParaguay\/","article_published_time":"2015-01-30T21:32:50+00:00","article_modified_time":"2015-02-04T16:53:05+00:00","og_image":[{"width":389,"height":336,"url":"https:\/\/www.ip.gov.py\/ip\/wp-content\/uploads\/2015\/01\/Fotos_de_la_Triple_Alianza_2.jpg","type":"image\/jpeg"}],"author":"E A","twitter_card":"summary_large_image","twitter_creator":"@IPParaguay","twitter_site":"@IPParaguay","twitter_misc":{"Escrito por":"E A","Tiempo de lectura":"2 minutos"},"schema":{"@context":"https:\/\/schema.org","@graph":[{"@type":"Article","@id":"https:\/\/www.ip.gov.py\/ip\/2015\/01\/30\/presentaran-muestra-fotografica-y-trofeos-de-guerra-de-la-triple-alianza\/#article","isPartOf":{"@id":"https:\/\/www.ip.gov.py\/ip\/2015\/01\/30\/presentaran-muestra-fotografica-y-trofeos-de-guerra-de-la-triple-alianza\/"},"author":{"name":"E A","@id":"https:\/\/www.ip.gov.py\/ip\/#\/schema\/person\/a9b440601a6e62f72bfc545c0387470f"},"headline":"Presentar\u00e1n muestra fotogr\u00e1fica y trofeos de guerra de la Triple Alianza","datePublished":"2015-01-30T21:32:50+00:00","dateModified":"2015-02-04T16:53:05+00:00","mainEntityOfPage":{"@id":"https:\/\/www.ip.gov.py\/ip\/2015\/01\/30\/presentaran-muestra-fotografica-y-trofeos-de-guerra-de-la-triple-alianza\/"},"wordCount":399,"publisher":{"@id":"https:\/\/www.ip.gov.py\/ip\/#organization"},"image":{"@id":"https:\/\/www.ip.gov.py\/ip\/2015\/01\/30\/presentaran-muestra-fotografica-y-trofeos-de-guerra-de-la-triple-alianza\/#primaryimage"},"thumbnailUrl":"https:\/\/www.ip.gov.py\/ip\/wp-content\/uploads\/2015\/01\/Fotos_de_la_Triple_Alianza_2.jpg","articleSection":["Cultura"],"inLanguage":"es"},{"@type":"WebPage","@id":"https:\/\/www.ip.gov.py\/ip\/2015\/01\/30\/presentaran-muestra-fotografica-y-trofeos-de-guerra-de-la-triple-alianza\/","url":"https:\/\/www.ip.gov.py\/ip\/2015\/01\/30\/presentaran-muestra-fotografica-y-trofeos-de-guerra-de-la-triple-alianza\/","name":"Presentar\u00e1n muestra fotogr\u00e1fica y trofeos de guerra de la Triple Alianza - .::Agencia IP::.","isPartOf":{"@id":"https:\/\/www.ip.gov.py\/ip\/#website"},"primaryImageOfPage":{"@id":"https:\/\/www.ip.gov.py\/ip\/2015\/01\/30\/presentaran-muestra-fotografica-y-trofeos-de-guerra-de-la-triple-alianza\/#primaryimage"},"image":{"@id":"https:\/\/www.ip.gov.py\/ip\/2015\/01\/30\/presentaran-muestra-fotografica-y-trofeos-de-guerra-de-la-triple-alianza\/#primaryimage"},"thumbnailUrl":"https:\/\/www.ip.gov.py\/ip\/wp-content\/uploads\/2015\/01\/Fotos_de_la_Triple_Alianza_2.jpg","datePublished":"2015-01-30T21:32:50+00:00","dateModified":"2015-02-04T16:53:05+00:00","breadcrumb":{"@id":"https:\/\/www.ip.gov.py\/ip\/2015\/01\/30\/presentaran-muestra-fotografica-y-trofeos-de-guerra-de-la-triple-alianza\/#breadcrumb"},"inLanguage":"es","potentialAction":[{"@type":"ReadAction","target":["https:\/\/www.ip.gov.py\/ip\/2015\/01\/30\/presentaran-muestra-fotografica-y-trofeos-de-guerra-de-la-triple-alianza\/"]}]},{"@type":"ImageObject","inLanguage":"es","@id":"https:\/\/www.ip.gov.py\/ip\/2015\/01\/30\/presentaran-muestra-fotografica-y-trofeos-de-guerra-de-la-triple-alianza\/#primaryimage","url":"https:\/\/www.ip.gov.py\/ip\/wp-content\/uploads\/2015\/01\/Fotos_de_la_Triple_Alianza_2.jpg","contentUrl":"https:\/\/www.ip.gov.py\/ip\/wp-content\/uploads\/2015\/01\/Fotos_de_la_Triple_Alianza_2.jpg","width":389,"height":336,"caption":"Fotograf\u00edas de la Guerra de la Triple Alianza. Foto Ilustraci\u00f3n."},{"@type":"BreadcrumbList","@id":"https:\/\/www.ip.gov.py\/ip\/2015\/01\/30\/presentaran-muestra-fotografica-y-trofeos-de-guerra-de-la-triple-alianza\/#breadcrumb","itemListElement":[{"@type":"ListItem","position":1,"name":"Portada","item":"https:\/\/www.ip.gov.py\/ip\/"},{"@type":"ListItem","position":2,"name":"Presentar\u00e1n muestra fotogr\u00e1fica y trofeos de guerra de la Triple Alianza"}]},{"@type":"WebSite","@id":"https:\/\/www.ip.gov.py\/ip\/#website","url":"https:\/\/www.ip.gov.py\/ip\/","name":".::Agencia IP::.","description":"","publisher":{"@id":"https:\/\/www.ip.gov.py\/ip\/#organization"},"potentialAction":[{"@type":"SearchAction","target":{"@type":"EntryPoint","urlTemplate":"https:\/\/www.ip.gov.py\/ip\/?s={search_term_string}"},"query-input":{"@type":"PropertyValueSpecification","valueRequired":true,"valueName":"search_term_string"}}],"inLanguage":"es"},{"@type":"Organization","@id":"https:\/\/www.ip.gov.py\/ip\/#organization","name":"Agencia IP","url":"https:\/\/www.ip.gov.py\/ip\/","logo":{"@type":"ImageObject","inLanguage":"es","@id":"https:\/\/www.ip.gov.py\/ip\/#\/schema\/logo\/image\/","url":"https:\/\/www.ip.gov.py\/ip\/wp-content\/uploads\/2018\/01\/Agencia-IP.jpg","contentUrl":"https:\/\/www.ip.gov.py\/ip\/wp-content\/uploads\/2018\/01\/Agencia-IP.jpg","width":150,"height":150,"caption":"Agencia IP"},"image":{"@id":"https:\/\/www.ip.gov.py\/ip\/#\/schema\/logo\/image\/"},"sameAs":["https:\/\/www.facebook.com\/IPParaguay\/","https:\/\/x.com\/IPParaguay","https:\/\/www.instagram.com\/IPParaguay"]},{"@type":"Person","@id":"https:\/\/www.ip.gov.py\/ip\/#\/schema\/person\/a9b440601a6e62f72bfc545c0387470f","name":"E A","url":"https:\/\/www.ip.gov.py\/ip\/author\/eayala\/"}]}},"_links":{"self":[{"href":"https:\/\/www.ip.gov.py\/ip\/wp-json\/wp\/v2\/posts\/621","targetHints":{"allow":["GET"]}}],"collection":[{"href":"https:\/\/www.ip.gov.py\/ip\/wp-json\/wp\/v2\/posts"}],"about":[{"href":"https:\/\/www.ip.gov.py\/ip\/wp-json\/wp\/v2\/types\/post"}],"author":[{"embeddable":true,"href":"https:\/\/www.ip.gov.py\/ip\/wp-json\/wp\/v2\/users\/8"}],"replies":[{"embeddable":true,"href":"https:\/\/www.ip.gov.py\/ip\/wp-json\/wp\/v2\/comments?post=621"}],"version-history":[{"count":0,"href":"https:\/\/www.ip.gov.py\/ip\/wp-json\/wp\/v2\/posts\/621\/revisions"}],"wp:featuredmedia":[{"embeddable":true,"href":"https:\/\/www.ip.gov.py\/ip\/wp-json\/wp\/v2\/media\/622"}],"wp:attachment":[{"href":"https:\/\/www.ip.gov.py\/ip\/wp-json\/wp\/v2\/media?parent=621"}],"wp:term":[{"taxonomy":"category","embeddable":true,"href":"https:\/\/www.ip.gov.py\/ip\/wp-json\/wp\/v2\/categories?post=621"},{"taxonomy":"post_tag","embeddable":true,"href":"https:\/\/www.ip.gov.py\/ip\/wp-json\/wp\/v2\/tags?post=621"}],"curies":[{"name":"wp","href":"https:\/\/api.w.org\/{rel}","templated":true}]}}