{"id":70968,"date":"2015-12-14T17:27:57","date_gmt":"2015-12-14T20:27:57","guid":{"rendered":"http:\/\/desarrollo.ip.gov.py\/ip\/?p=70968"},"modified":"2015-12-14T20:40:30","modified_gmt":"2015-12-14T23:40:30","slug":"central-unitaras-de-trabajadores-suspende-huelga-general-del-21-de-diciembre","status":"publish","type":"post","link":"https:\/\/www.ip.gov.py\/ip\/2015\/12\/14\/central-unitaras-de-trabajadores-suspende-huelga-general-del-21-de-diciembre\/","title":{"rendered":"Central Unitaria de Trabajadores llega a un acuerdo con Gobierno"},"content":{"rendered":"<p><b><i>Asunci\u00f3n<\/i><\/b><strong><em>, IP.-<\/em> <\/strong>Mediante un acuerdo entre el gobierno nacional, la Central Unitaria de Trabajadores (CUT) decidi\u00f3 no participar de la huelga general marcada en principio para el 21 de diciembre. \u00abNosotros hemos apostado al dialogo porque el gobierno nacional ha demostrado una buena voluntad para solucionar el conflicto\u00bb, se\u00f1al\u00f3 Aldo Snead de la CUT.<!--more--><\/p>\n<p style=\"text-align: justify;\">\u201cHemos firmado un acuerdo de compromiso, donde hemos manifestado y hemos dialogado\u00a0con \u00e9l (presidente Cartes), sobre las necesidades que vive el pueblo a nivel de trabajadores\u201d, apunt\u00f3 Snead.<\/p>\n<p style=\"text-align: justify;\">El sindicalista explic\u00f3 que son en total 7 federaciones de trasportes y 3 centrales obreras las componentes de la CUT, que firmaron el acuerdo con el gobierno nacional y empresarios.<\/p>\n<p style=\"text-align: justify;\">\u201cHoy hemos acordado dialogar sobre la pol\u00edtica del trasporte, acompa\u00f1ar el proceso del sector trasporte donde hemos pedido garant\u00eda para los trabajadores del trasporte, adem\u00e1s de proyectos a nivel pa\u00eds que beneficien a los trabajadores\u201d, afirm\u00f3.<\/p>\n<p style=\"text-align: justify;\">En ese sentido, Snead refiri\u00f3 que se elaborar\u00e1 mediante el gobierno \u201cuna pol\u00edtica de reajuste salarial a nivel pa\u00eds, para que se pueda discutir esa situaci\u00f3n, \u00a0porque para nosotros es justo y necesario un reajuste\u201d.<\/p>\n<p style=\"text-align: justify;\">Asimismo, el ministro de Trabajo, Guillermo Sosa, celebr\u00f3 el acuerdo y manifest\u00f3 que este martes convocar\u00e1 a una mesa de \u201cconciliaci\u00f3n\u201d con otras centrales obreras.<\/p>\n","protected":false},"excerpt":{"rendered":"<p>Asunci\u00f3n, IP.- Mediante un acuerdo entre el gobierno nacional, la Central Unitaria de Trabajadores (CUT) decidi\u00f3 no participar de la huelga general marcada en principio para el 21 de diciembre. \u00abNosotros hemos apostado al dialogo porque el gobierno nacional ha demostrado una buena voluntad para solucionar el conflicto\u00bb, se\u00f1al\u00f3 Aldo Snead de la CUT.<\/p>\n","protected":false},"author":16,"featured_media":71013,"comment_status":"closed","ping_status":"closed","sticky":false,"template":"","format":"standard","meta":{"_monsterinsights_skip_tracking":false,"_monsterinsights_sitenote_active":false,"_monsterinsights_sitenote_note":"","_monsterinsights_sitenote_category":0,"footnotes":""},"categories":[6],"tags":[],"class_list":{"0":"post-70968","1":"post","2":"type-post","3":"status-publish","4":"format-standard","5":"has-post-thumbnail","7":"category-politica"},"yoast_head":"<!-- This site is optimized with the Yoast SEO plugin v27.5 - https:\/\/yoast.com\/product\/yoast-seo-wordpress\/ -->\n<title>Central Unitaria de Trabajadores llega a un acuerdo con Gobierno - .::Agencia IP::.<\/title>\n<meta name=\"robots\" content=\"index, follow, max-snippet:-1, max-image-preview:large, max-video-preview:-1\" \/>\n<link rel=\"canonical\" href=\"https:\/\/www.ip.gov.py\/ip\/2015\/12\/14\/central-unitaras-de-trabajadores-suspende-huelga-general-del-21-de-diciembre\/\" \/>\n<meta property=\"og:locale\" content=\"es_ES\" \/>\n<meta property=\"og:type\" content=\"article\" \/>\n<meta property=\"og:title\" content=\"Central Unitaria de Trabajadores llega a un acuerdo con Gobierno - .::Agencia IP::.\" \/>\n<meta property=\"og:description\" content=\"Asunci\u00f3n, IP.- Mediante un acuerdo entre el gobierno nacional, la Central Unitaria de Trabajadores (CUT) decidi\u00f3 no participar de la huelga general marcada en principio para el 21 de diciembre. \u00abNosotros hemos apostado al dialogo porque el gobierno nacional ha demostrado una buena voluntad para solucionar el conflicto\u00bb, se\u00f1al\u00f3 Aldo Snead de la CUT.\" \/>\n<meta property=\"og:url\" content=\"https:\/\/www.ip.gov.py\/ip\/2015\/12\/14\/central-unitaras-de-trabajadores-suspende-huelga-general-del-21-de-diciembre\/\" \/>\n<meta property=\"og:site_name\" content=\".::Agencia IP::.\" \/>\n<meta property=\"article:publisher\" content=\"https:\/\/www.facebook.com\/IPParaguay\/\" \/>\n<meta property=\"article:published_time\" content=\"2015-12-14T20:27:57+00:00\" \/>\n<meta property=\"article:modified_time\" content=\"2015-12-14T23:40:30+00:00\" \/>\n<meta property=\"og:image\" content=\"https:\/\/www.ip.gov.py\/ip\/wp-content\/uploads\/2015\/12\/trabajadores1.jpg\" \/>\n\t<meta property=\"og:image:width\" content=\"1200\" \/>\n\t<meta property=\"og:image:height\" content=\"1083\" \/>\n\t<meta property=\"og:image:type\" content=\"image\/jpeg\" \/>\n<meta name=\"author\" content=\"Mieres Carlos\" \/>\n<meta name=\"twitter:card\" content=\"summary_large_image\" \/>\n<meta name=\"twitter:creator\" content=\"@IPParaguay\" \/>\n<meta name=\"twitter:site\" content=\"@IPParaguay\" \/>\n<meta name=\"twitter:label1\" content=\"Escrito por\" \/>\n\t<meta name=\"twitter:data1\" content=\"Mieres Carlos\" \/>\n\t<meta name=\"twitter:label2\" content=\"Tiempo de lectura\" \/>\n\t<meta name=\"twitter:data2\" content=\"1 minuto\" \/>\n<script type=\"application\/ld+json\" class=\"yoast-schema-graph\">{\"@context\":\"https:\\\/\\\/schema.org\",\"@graph\":[{\"@type\":\"Article\",\"@id\":\"https:\\\/\\\/www.ip.gov.py\\\/ip\\\/2015\\\/12\\\/14\\\/central-unitaras-de-trabajadores-suspende-huelga-general-del-21-de-diciembre\\\/#article\",\"isPartOf\":{\"@id\":\"https:\\\/\\\/www.ip.gov.py\\\/ip\\\/2015\\\/12\\\/14\\\/central-unitaras-de-trabajadores-suspende-huelga-general-del-21-de-diciembre\\\/\"},\"author\":{\"name\":\"Mieres Carlos\",\"@id\":\"https:\\\/\\\/www.ip.gov.py\\\/ip\\\/#\\\/schema\\\/person\\\/d296ada7587138eee5286479faa715bf\"},\"headline\":\"Central Unitaria de Trabajadores llega a un acuerdo con Gobierno\",\"datePublished\":\"2015-12-14T20:27:57+00:00\",\"dateModified\":\"2015-12-14T23:40:30+00:00\",\"mainEntityOfPage\":{\"@id\":\"https:\\\/\\\/www.ip.gov.py\\\/ip\\\/2015\\\/12\\\/14\\\/central-unitaras-de-trabajadores-suspende-huelga-general-del-21-de-diciembre\\\/\"},\"wordCount\":228,\"publisher\":{\"@id\":\"https:\\\/\\\/www.ip.gov.py\\\/ip\\\/#organization\"},\"image\":{\"@id\":\"https:\\\/\\\/www.ip.gov.py\\\/ip\\\/2015\\\/12\\\/14\\\/central-unitaras-de-trabajadores-suspende-huelga-general-del-21-de-diciembre\\\/#primaryimage\"},\"thumbnailUrl\":\"https:\\\/\\\/www.ip.gov.py\\\/ip\\\/wp-content\\\/uploads\\\/2015\\\/12\\\/trabajadores1.jpg\",\"articleSection\":[\"Pol\u00edtica\"],\"inLanguage\":\"es\"},{\"@type\":\"WebPage\",\"@id\":\"https:\\\/\\\/www.ip.gov.py\\\/ip\\\/2015\\\/12\\\/14\\\/central-unitaras-de-trabajadores-suspende-huelga-general-del-21-de-diciembre\\\/\",\"url\":\"https:\\\/\\\/www.ip.gov.py\\\/ip\\\/2015\\\/12\\\/14\\\/central-unitaras-de-trabajadores-suspende-huelga-general-del-21-de-diciembre\\\/\",\"name\":\"Central Unitaria de Trabajadores llega a un acuerdo con Gobierno - .::Agencia IP::.\",\"isPartOf\":{\"@id\":\"https:\\\/\\\/www.ip.gov.py\\\/ip\\\/#website\"},\"primaryImageOfPage\":{\"@id\":\"https:\\\/\\\/www.ip.gov.py\\\/ip\\\/2015\\\/12\\\/14\\\/central-unitaras-de-trabajadores-suspende-huelga-general-del-21-de-diciembre\\\/#primaryimage\"},\"image\":{\"@id\":\"https:\\\/\\\/www.ip.gov.py\\\/ip\\\/2015\\\/12\\\/14\\\/central-unitaras-de-trabajadores-suspende-huelga-general-del-21-de-diciembre\\\/#primaryimage\"},\"thumbnailUrl\":\"https:\\\/\\\/www.ip.gov.py\\\/ip\\\/wp-content\\\/uploads\\\/2015\\\/12\\\/trabajadores1.jpg\",\"datePublished\":\"2015-12-14T20:27:57+00:00\",\"dateModified\":\"2015-12-14T23:40:30+00:00\",\"breadcrumb\":{\"@id\":\"https:\\\/\\\/www.ip.gov.py\\\/ip\\\/2015\\\/12\\\/14\\\/central-unitaras-de-trabajadores-suspende-huelga-general-del-21-de-diciembre\\\/#breadcrumb\"},\"inLanguage\":\"es\",\"potentialAction\":[{\"@type\":\"ReadAction\",\"target\":[\"https:\\\/\\\/www.ip.gov.py\\\/ip\\\/2015\\\/12\\\/14\\\/central-unitaras-de-trabajadores-suspende-huelga-general-del-21-de-diciembre\\\/\"]}]},{\"@type\":\"ImageObject\",\"inLanguage\":\"es\",\"@id\":\"https:\\\/\\\/www.ip.gov.py\\\/ip\\\/2015\\\/12\\\/14\\\/central-unitaras-de-trabajadores-suspende-huelga-general-del-21-de-diciembre\\\/#primaryimage\",\"url\":\"https:\\\/\\\/www.ip.gov.py\\\/ip\\\/wp-content\\\/uploads\\\/2015\\\/12\\\/trabajadores1.jpg\",\"contentUrl\":\"https:\\\/\\\/www.ip.gov.py\\\/ip\\\/wp-content\\\/uploads\\\/2015\\\/12\\\/trabajadores1.jpg\",\"width\":1200,\"height\":1083,\"caption\":\"Conferencia de prensa tras audiencia. (Foto: V\u00edctor Caballero.)\"},{\"@type\":\"BreadcrumbList\",\"@id\":\"https:\\\/\\\/www.ip.gov.py\\\/ip\\\/2015\\\/12\\\/14\\\/central-unitaras-de-trabajadores-suspende-huelga-general-del-21-de-diciembre\\\/#breadcrumb\",\"itemListElement\":[{\"@type\":\"ListItem\",\"position\":1,\"name\":\"Portada\",\"item\":\"https:\\\/\\\/www.ip.gov.py\\\/ip\\\/\"},{\"@type\":\"ListItem\",\"position\":2,\"name\":\"Central Unitaria de Trabajadores llega a un acuerdo con Gobierno\"}]},{\"@type\":\"WebSite\",\"@id\":\"https:\\\/\\\/www.ip.gov.py\\\/ip\\\/#website\",\"url\":\"https:\\\/\\\/www.ip.gov.py\\\/ip\\\/\",\"name\":\".::Agencia IP::.\",\"description\":\"\",\"publisher\":{\"@id\":\"https:\\\/\\\/www.ip.gov.py\\\/ip\\\/#organization\"},\"potentialAction\":[{\"@type\":\"SearchAction\",\"target\":{\"@type\":\"EntryPoint\",\"urlTemplate\":\"https:\\\/\\\/www.ip.gov.py\\\/ip\\\/?s={search_term_string}\"},\"query-input\":{\"@type\":\"PropertyValueSpecification\",\"valueRequired\":true,\"valueName\":\"search_term_string\"}}],\"inLanguage\":\"es\"},{\"@type\":\"Organization\",\"@id\":\"https:\\\/\\\/www.ip.gov.py\\\/ip\\\/#organization\",\"name\":\"Agencia IP\",\"url\":\"https:\\\/\\\/www.ip.gov.py\\\/ip\\\/\",\"logo\":{\"@type\":\"ImageObject\",\"inLanguage\":\"es\",\"@id\":\"https:\\\/\\\/www.ip.gov.py\\\/ip\\\/#\\\/schema\\\/logo\\\/image\\\/\",\"url\":\"https:\\\/\\\/www.ip.gov.py\\\/ip\\\/wp-content\\\/uploads\\\/2018\\\/01\\\/Agencia-IP.jpg\",\"contentUrl\":\"https:\\\/\\\/www.ip.gov.py\\\/ip\\\/wp-content\\\/uploads\\\/2018\\\/01\\\/Agencia-IP.jpg\",\"width\":150,\"height\":150,\"caption\":\"Agencia IP\"},\"image\":{\"@id\":\"https:\\\/\\\/www.ip.gov.py\\\/ip\\\/#\\\/schema\\\/logo\\\/image\\\/\"},\"sameAs\":[\"https:\\\/\\\/www.facebook.com\\\/IPParaguay\\\/\",\"https:\\\/\\\/x.com\\\/IPParaguay\",\"https:\\\/\\\/www.instagram.com\\\/IPParaguay\"]},{\"@type\":\"Person\",\"@id\":\"https:\\\/\\\/www.ip.gov.py\\\/ip\\\/#\\\/schema\\\/person\\\/d296ada7587138eee5286479faa715bf\",\"name\":\"Mieres Carlos\",\"url\":\"https:\\\/\\\/www.ip.gov.py\\\/ip\\\/author\\\/cmieres\\\/\"}]}<\/script>\n<!-- \/ Yoast SEO plugin. -->","yoast_head_json":{"title":"Central Unitaria de Trabajadores llega a un acuerdo con Gobierno - .::Agencia IP::.","robots":{"index":"index","follow":"follow","max-snippet":"max-snippet:-1","max-image-preview":"max-image-preview:large","max-video-preview":"max-video-preview:-1"},"canonical":"https:\/\/www.ip.gov.py\/ip\/2015\/12\/14\/central-unitaras-de-trabajadores-suspende-huelga-general-del-21-de-diciembre\/","og_locale":"es_ES","og_type":"article","og_title":"Central Unitaria de Trabajadores llega a un acuerdo con Gobierno - .::Agencia IP::.","og_description":"Asunci\u00f3n, IP.- Mediante un acuerdo entre el gobierno nacional, la Central Unitaria de Trabajadores (CUT) decidi\u00f3 no participar de la huelga general marcada en principio para el 21 de diciembre. \u00abNosotros hemos apostado al dialogo porque el gobierno nacional ha demostrado una buena voluntad para solucionar el conflicto\u00bb, se\u00f1al\u00f3 Aldo Snead de la CUT.","og_url":"https:\/\/www.ip.gov.py\/ip\/2015\/12\/14\/central-unitaras-de-trabajadores-suspende-huelga-general-del-21-de-diciembre\/","og_site_name":".::Agencia IP::.","article_publisher":"https:\/\/www.facebook.com\/IPParaguay\/","article_published_time":"2015-12-14T20:27:57+00:00","article_modified_time":"2015-12-14T23:40:30+00:00","og_image":[{"width":1200,"height":1083,"url":"https:\/\/www.ip.gov.py\/ip\/wp-content\/uploads\/2015\/12\/trabajadores1.jpg","type":"image\/jpeg"}],"author":"Mieres Carlos","twitter_card":"summary_large_image","twitter_creator":"@IPParaguay","twitter_site":"@IPParaguay","twitter_misc":{"Escrito por":"Mieres Carlos","Tiempo de lectura":"1 minuto"},"schema":{"@context":"https:\/\/schema.org","@graph":[{"@type":"Article","@id":"https:\/\/www.ip.gov.py\/ip\/2015\/12\/14\/central-unitaras-de-trabajadores-suspende-huelga-general-del-21-de-diciembre\/#article","isPartOf":{"@id":"https:\/\/www.ip.gov.py\/ip\/2015\/12\/14\/central-unitaras-de-trabajadores-suspende-huelga-general-del-21-de-diciembre\/"},"author":{"name":"Mieres Carlos","@id":"https:\/\/www.ip.gov.py\/ip\/#\/schema\/person\/d296ada7587138eee5286479faa715bf"},"headline":"Central Unitaria de Trabajadores llega a un acuerdo con Gobierno","datePublished":"2015-12-14T20:27:57+00:00","dateModified":"2015-12-14T23:40:30+00:00","mainEntityOfPage":{"@id":"https:\/\/www.ip.gov.py\/ip\/2015\/12\/14\/central-unitaras-de-trabajadores-suspende-huelga-general-del-21-de-diciembre\/"},"wordCount":228,"publisher":{"@id":"https:\/\/www.ip.gov.py\/ip\/#organization"},"image":{"@id":"https:\/\/www.ip.gov.py\/ip\/2015\/12\/14\/central-unitaras-de-trabajadores-suspende-huelga-general-del-21-de-diciembre\/#primaryimage"},"thumbnailUrl":"https:\/\/www.ip.gov.py\/ip\/wp-content\/uploads\/2015\/12\/trabajadores1.jpg","articleSection":["Pol\u00edtica"],"inLanguage":"es"},{"@type":"WebPage","@id":"https:\/\/www.ip.gov.py\/ip\/2015\/12\/14\/central-unitaras-de-trabajadores-suspende-huelga-general-del-21-de-diciembre\/","url":"https:\/\/www.ip.gov.py\/ip\/2015\/12\/14\/central-unitaras-de-trabajadores-suspende-huelga-general-del-21-de-diciembre\/","name":"Central Unitaria de Trabajadores llega a un acuerdo con Gobierno - .::Agencia IP::.","isPartOf":{"@id":"https:\/\/www.ip.gov.py\/ip\/#website"},"primaryImageOfPage":{"@id":"https:\/\/www.ip.gov.py\/ip\/2015\/12\/14\/central-unitaras-de-trabajadores-suspende-huelga-general-del-21-de-diciembre\/#primaryimage"},"image":{"@id":"https:\/\/www.ip.gov.py\/ip\/2015\/12\/14\/central-unitaras-de-trabajadores-suspende-huelga-general-del-21-de-diciembre\/#primaryimage"},"thumbnailUrl":"https:\/\/www.ip.gov.py\/ip\/wp-content\/uploads\/2015\/12\/trabajadores1.jpg","datePublished":"2015-12-14T20:27:57+00:00","dateModified":"2015-12-14T23:40:30+00:00","breadcrumb":{"@id":"https:\/\/www.ip.gov.py\/ip\/2015\/12\/14\/central-unitaras-de-trabajadores-suspende-huelga-general-del-21-de-diciembre\/#breadcrumb"},"inLanguage":"es","potentialAction":[{"@type":"ReadAction","target":["https:\/\/www.ip.gov.py\/ip\/2015\/12\/14\/central-unitaras-de-trabajadores-suspende-huelga-general-del-21-de-diciembre\/"]}]},{"@type":"ImageObject","inLanguage":"es","@id":"https:\/\/www.ip.gov.py\/ip\/2015\/12\/14\/central-unitaras-de-trabajadores-suspende-huelga-general-del-21-de-diciembre\/#primaryimage","url":"https:\/\/www.ip.gov.py\/ip\/wp-content\/uploads\/2015\/12\/trabajadores1.jpg","contentUrl":"https:\/\/www.ip.gov.py\/ip\/wp-content\/uploads\/2015\/12\/trabajadores1.jpg","width":1200,"height":1083,"caption":"Conferencia de prensa tras audiencia. (Foto: V\u00edctor Caballero.)"},{"@type":"BreadcrumbList","@id":"https:\/\/www.ip.gov.py\/ip\/2015\/12\/14\/central-unitaras-de-trabajadores-suspende-huelga-general-del-21-de-diciembre\/#breadcrumb","itemListElement":[{"@type":"ListItem","position":1,"name":"Portada","item":"https:\/\/www.ip.gov.py\/ip\/"},{"@type":"ListItem","position":2,"name":"Central Unitaria de Trabajadores llega a un acuerdo con Gobierno"}]},{"@type":"WebSite","@id":"https:\/\/www.ip.gov.py\/ip\/#website","url":"https:\/\/www.ip.gov.py\/ip\/","name":".::Agencia IP::.","description":"","publisher":{"@id":"https:\/\/www.ip.gov.py\/ip\/#organization"},"potentialAction":[{"@type":"SearchAction","target":{"@type":"EntryPoint","urlTemplate":"https:\/\/www.ip.gov.py\/ip\/?s={search_term_string}"},"query-input":{"@type":"PropertyValueSpecification","valueRequired":true,"valueName":"search_term_string"}}],"inLanguage":"es"},{"@type":"Organization","@id":"https:\/\/www.ip.gov.py\/ip\/#organization","name":"Agencia IP","url":"https:\/\/www.ip.gov.py\/ip\/","logo":{"@type":"ImageObject","inLanguage":"es","@id":"https:\/\/www.ip.gov.py\/ip\/#\/schema\/logo\/image\/","url":"https:\/\/www.ip.gov.py\/ip\/wp-content\/uploads\/2018\/01\/Agencia-IP.jpg","contentUrl":"https:\/\/www.ip.gov.py\/ip\/wp-content\/uploads\/2018\/01\/Agencia-IP.jpg","width":150,"height":150,"caption":"Agencia IP"},"image":{"@id":"https:\/\/www.ip.gov.py\/ip\/#\/schema\/logo\/image\/"},"sameAs":["https:\/\/www.facebook.com\/IPParaguay\/","https:\/\/x.com\/IPParaguay","https:\/\/www.instagram.com\/IPParaguay"]},{"@type":"Person","@id":"https:\/\/www.ip.gov.py\/ip\/#\/schema\/person\/d296ada7587138eee5286479faa715bf","name":"Mieres Carlos","url":"https:\/\/www.ip.gov.py\/ip\/author\/cmieres\/"}]}},"_links":{"self":[{"href":"https:\/\/www.ip.gov.py\/ip\/wp-json\/wp\/v2\/posts\/70968","targetHints":{"allow":["GET"]}}],"collection":[{"href":"https:\/\/www.ip.gov.py\/ip\/wp-json\/wp\/v2\/posts"}],"about":[{"href":"https:\/\/www.ip.gov.py\/ip\/wp-json\/wp\/v2\/types\/post"}],"author":[{"embeddable":true,"href":"https:\/\/www.ip.gov.py\/ip\/wp-json\/wp\/v2\/users\/16"}],"replies":[{"embeddable":true,"href":"https:\/\/www.ip.gov.py\/ip\/wp-json\/wp\/v2\/comments?post=70968"}],"version-history":[{"count":0,"href":"https:\/\/www.ip.gov.py\/ip\/wp-json\/wp\/v2\/posts\/70968\/revisions"}],"wp:featuredmedia":[{"embeddable":true,"href":"https:\/\/www.ip.gov.py\/ip\/wp-json\/wp\/v2\/media\/71013"}],"wp:attachment":[{"href":"https:\/\/www.ip.gov.py\/ip\/wp-json\/wp\/v2\/media?parent=70968"}],"wp:term":[{"taxonomy":"category","embeddable":true,"href":"https:\/\/www.ip.gov.py\/ip\/wp-json\/wp\/v2\/categories?post=70968"},{"taxonomy":"post_tag","embeddable":true,"href":"https:\/\/www.ip.gov.py\/ip\/wp-json\/wp\/v2\/tags?post=70968"}],"curies":[{"name":"wp","href":"https:\/\/api.w.org\/{rel}","templated":true}]}}