{"id":72145,"date":"2015-12-20T14:24:16","date_gmt":"2015-12-20T17:24:16","guid":{"rendered":"http:\/\/desarrollo.ip.gov.py\/ip\/?p=72145"},"modified":"2015-12-20T14:24:37","modified_gmt":"2015-12-20T17:24:37","slug":"cancilleres-coinciden-en-la-necesidad-de-consolidar-la-institucionalidad-del-mercosur","status":"publish","type":"post","link":"https:\/\/www.ip.gov.py\/ip\/2015\/12\/20\/cancilleres-coinciden-en-la-necesidad-de-consolidar-la-institucionalidad-del-mercosur\/","title":{"rendered":"Cancilleres coinciden en la necesidad de consolidar la institucionalidad del Mercosur"},"content":{"rendered":"<p style=\"text-align: justify;\"><strong><em>Luque, IP.-<\/em><\/strong> En la primera sesi\u00f3n de ministros de Relaciones Exteriores, que se desarrolla este domingo en la sala de Convenciones de la Conmebol, los cancilleres concordaron en la necesidad de ir consolidando la institucionalidad del Mercosur. En tal sentido \u00a0buscan un Tribunal de Revisi\u00f3n Permanente que pueda dar garant\u00edas jur\u00eddicas al bloque.<!--more--><\/p>\n<p style=\"text-align: justify;\">El canciller paraguayo, Eladio Loizaga, explic\u00f3 en conferencia de prensa que se hizo un repaso de c\u00f3mo encontraron el bloque en este semestre y todas las actividades de Paraguay como presidencia pro tempore.<\/p>\n<p style=\"text-align: justify;\">\u201cHa sido un debate muy importante, se hizo una presentaci\u00f3n de cada estado parte sobre la visi\u00f3n que tenemos de estos seis meses del Mercosur, debate enriquecedor que est\u00e1 dando una nueva din\u00e1mica al bloque\u201d, manifest\u00f3.<\/p>\n<p style=\"text-align: justify;\">Declar\u00f3 \u00a0adem\u00e1s que han informado sobre el trabajo que se estaba haciendo en base a la decisi\u00f3n n\u00famero 15 que fue aprobada en Brasilia, sobre el plan de revisi\u00f3n de las medidas econ\u00f3micas, \u00a0todo lo que hace a la aplicaci\u00f3n de barreras arancelarias y no arancelarias y lo que es la Uni\u00f3n Aduanera.<\/p>\n<p style=\"text-align: justify;\">Coment\u00f3 que\u00a0 coincidieron en la necesidad de darle un vuelco al Mercosur de retornar a sus or\u00edgenes, dando mayor preeminencia al libe transito de bienes y personas, que ayudar\u00e1 al desarrollo de todos los estados miembros del bloque y traer un poco mas de bienestar a la ciudadan\u00eda.<\/p>\n<p style=\"text-align: justify;\">\u201cHicimos una referencia al reglamento del Fondo para la Convergencia Estructural del Mercosur\u00a0 (Focem) \u00a0\u00a0que est\u00e1 en un proceso de internalizaci\u00f3n para que se consolide en cada estado. Tambi\u00e9n se aprob\u00f3 la pr\u00f3rroga del reglamento actual a los efectos de que los proyectos ejecutados no tengan demoras\u201d, refiri\u00f3 Loizaga.<\/p>\n<p style=\"text-align: justify;\">En cuanto a la institucionalizaci\u00f3n del Mercosur dijo que se busca un Tribunal de Revisi\u00f3n Permanente que se refiere al \u00f3rgano de soluci\u00f3n de diferencia \u00a0que se pueda constituir cuando un estado parte lo requiera, \u201ceso nos dar\u00e1 una garant\u00eda jur\u00eddica al Mercosur y consideramos que es muy importante\u201d.<\/p>\n<p style=\"text-align: justify;\">Tambi\u00e9n hablaron de la necesidad de avanzar en el acuerdo birregional Uni\u00f3n Europea \u2013 Mercosur, el bloque sudamericano ya tiene su oferta hecha, \u00a0la decisi\u00f3n pol\u00edtica de iniciar este intercambio de oferta est\u00e1 ahora en mano de la UE.<\/p>\n<p style=\"text-align: justify;\">\u201cUruguay seguir\u00e1 este proceso que imprimi\u00f3 el Paraguay en esta presidencia pro tempore\u201d, resalt\u00f3.<\/p>\n<p style=\"text-align: justify;\">Por \u00faltimo menciono que tambi\u00e9n se refirieron a la integraci\u00f3n fronteriza teniendo en cuenta que son nuestros compatriotas de frontera \u00a0los que conocen las dificultades que pueden enfrentar y se ha conformado un grupo de trabajo sobre este tema.<\/p>\n<p style=\"text-align: justify;\">Despu\u00e9s del cuarto intermedio, a las 15:15 continuara la reuni\u00f3n de los cancilleres para la aprobaci\u00f3n de lo que implica la declaraci\u00f3n conjunta.<\/p>\n","protected":false},"excerpt":{"rendered":"<p>Luque, IP.- En la primera sesi\u00f3n de ministros de Relaciones Exteriores, que se desarrolla este domingo en la sala de Convenciones de la Conmebol, los cancilleres concordaron en la necesidad de ir consolidando la institucionalidad del Mercosur. En tal sentido \u00a0buscan un Tribunal de Revisi\u00f3n Permanente que pueda dar garant\u00edas jur\u00eddicas al bloque.<\/p>\n","protected":false},"author":5,"featured_media":72125,"comment_status":"closed","ping_status":"closed","sticky":false,"template":"","format":"standard","meta":{"_monsterinsights_skip_tracking":false,"_monsterinsights_sitenote_active":false,"_monsterinsights_sitenote_note":"","_monsterinsights_sitenote_category":0,"footnotes":""},"categories":[6],"tags":[],"class_list":{"0":"post-72145","1":"post","2":"type-post","3":"status-publish","4":"format-standard","5":"has-post-thumbnail","7":"category-politica"},"yoast_head":"<!-- This site is optimized with the Yoast SEO plugin v27.5 - https:\/\/yoast.com\/product\/yoast-seo-wordpress\/ -->\n<title>Cancilleres coinciden en la necesidad de consolidar la institucionalidad del Mercosur - .::Agencia IP::.<\/title>\n<meta name=\"robots\" content=\"index, follow, max-snippet:-1, max-image-preview:large, max-video-preview:-1\" \/>\n<link rel=\"canonical\" href=\"https:\/\/www.ip.gov.py\/ip\/2015\/12\/20\/cancilleres-coinciden-en-la-necesidad-de-consolidar-la-institucionalidad-del-mercosur\/\" \/>\n<meta property=\"og:locale\" content=\"es_ES\" \/>\n<meta property=\"og:type\" content=\"article\" \/>\n<meta property=\"og:title\" content=\"Cancilleres coinciden en la necesidad de consolidar la institucionalidad del Mercosur - .::Agencia IP::.\" \/>\n<meta property=\"og:description\" content=\"Luque, IP.- En la primera sesi\u00f3n de ministros de Relaciones Exteriores, que se desarrolla este domingo en la sala de Convenciones de la Conmebol, los cancilleres concordaron en la necesidad de ir consolidando la institucionalidad del Mercosur. En tal sentido \u00a0buscan un Tribunal de Revisi\u00f3n Permanente que pueda dar garant\u00edas jur\u00eddicas al bloque.\" \/>\n<meta property=\"og:url\" content=\"https:\/\/www.ip.gov.py\/ip\/2015\/12\/20\/cancilleres-coinciden-en-la-necesidad-de-consolidar-la-institucionalidad-del-mercosur\/\" \/>\n<meta property=\"og:site_name\" content=\".::Agencia IP::.\" \/>\n<meta property=\"article:publisher\" content=\"https:\/\/www.facebook.com\/IPParaguay\/\" \/>\n<meta property=\"article:published_time\" content=\"2015-12-20T17:24:16+00:00\" \/>\n<meta property=\"article:modified_time\" content=\"2015-12-20T17:24:37+00:00\" \/>\n<meta property=\"og:image\" content=\"https:\/\/www.ip.gov.py\/ip\/wp-content\/uploads\/2015\/12\/MERCOSUR-2015-_-PARAGUAY-canciller-LOIZAGA.jpg\" \/>\n\t<meta property=\"og:image:width\" content=\"1000\" \/>\n\t<meta property=\"og:image:height\" content=\"654\" \/>\n\t<meta property=\"og:image:type\" content=\"image\/jpeg\" \/>\n<meta name=\"author\" content=\"L. Q\" \/>\n<meta name=\"twitter:card\" content=\"summary_large_image\" \/>\n<meta name=\"twitter:creator\" content=\"@IPParaguay\" \/>\n<meta name=\"twitter:site\" content=\"@IPParaguay\" \/>\n<meta name=\"twitter:label1\" content=\"Escrito por\" \/>\n\t<meta name=\"twitter:data1\" content=\"L. Q\" \/>\n\t<meta name=\"twitter:label2\" content=\"Tiempo de lectura\" \/>\n\t<meta name=\"twitter:data2\" content=\"2 minutos\" \/>\n<script type=\"application\/ld+json\" class=\"yoast-schema-graph\">{\"@context\":\"https:\\\/\\\/schema.org\",\"@graph\":[{\"@type\":\"Article\",\"@id\":\"https:\\\/\\\/www.ip.gov.py\\\/ip\\\/2015\\\/12\\\/20\\\/cancilleres-coinciden-en-la-necesidad-de-consolidar-la-institucionalidad-del-mercosur\\\/#article\",\"isPartOf\":{\"@id\":\"https:\\\/\\\/www.ip.gov.py\\\/ip\\\/2015\\\/12\\\/20\\\/cancilleres-coinciden-en-la-necesidad-de-consolidar-la-institucionalidad-del-mercosur\\\/\"},\"author\":{\"name\":\"L. Q\",\"@id\":\"https:\\\/\\\/www.ip.gov.py\\\/ip\\\/#\\\/schema\\\/person\\\/e80828ea341031e783b9df2fe5a5f4f4\"},\"headline\":\"Cancilleres coinciden en la necesidad de consolidar la institucionalidad del Mercosur\",\"datePublished\":\"2015-12-20T17:24:16+00:00\",\"dateModified\":\"2015-12-20T17:24:37+00:00\",\"mainEntityOfPage\":{\"@id\":\"https:\\\/\\\/www.ip.gov.py\\\/ip\\\/2015\\\/12\\\/20\\\/cancilleres-coinciden-en-la-necesidad-de-consolidar-la-institucionalidad-del-mercosur\\\/\"},\"wordCount\":480,\"publisher\":{\"@id\":\"https:\\\/\\\/www.ip.gov.py\\\/ip\\\/#organization\"},\"image\":{\"@id\":\"https:\\\/\\\/www.ip.gov.py\\\/ip\\\/2015\\\/12\\\/20\\\/cancilleres-coinciden-en-la-necesidad-de-consolidar-la-institucionalidad-del-mercosur\\\/#primaryimage\"},\"thumbnailUrl\":\"https:\\\/\\\/www.ip.gov.py\\\/ip\\\/wp-content\\\/uploads\\\/2015\\\/12\\\/MERCOSUR-2015-_-PARAGUAY-canciller-LOIZAGA.jpg\",\"articleSection\":[\"Pol\u00edtica\"],\"inLanguage\":\"es\"},{\"@type\":\"WebPage\",\"@id\":\"https:\\\/\\\/www.ip.gov.py\\\/ip\\\/2015\\\/12\\\/20\\\/cancilleres-coinciden-en-la-necesidad-de-consolidar-la-institucionalidad-del-mercosur\\\/\",\"url\":\"https:\\\/\\\/www.ip.gov.py\\\/ip\\\/2015\\\/12\\\/20\\\/cancilleres-coinciden-en-la-necesidad-de-consolidar-la-institucionalidad-del-mercosur\\\/\",\"name\":\"Cancilleres coinciden en la necesidad de consolidar la institucionalidad del Mercosur - .::Agencia IP::.\",\"isPartOf\":{\"@id\":\"https:\\\/\\\/www.ip.gov.py\\\/ip\\\/#website\"},\"primaryImageOfPage\":{\"@id\":\"https:\\\/\\\/www.ip.gov.py\\\/ip\\\/2015\\\/12\\\/20\\\/cancilleres-coinciden-en-la-necesidad-de-consolidar-la-institucionalidad-del-mercosur\\\/#primaryimage\"},\"image\":{\"@id\":\"https:\\\/\\\/www.ip.gov.py\\\/ip\\\/2015\\\/12\\\/20\\\/cancilleres-coinciden-en-la-necesidad-de-consolidar-la-institucionalidad-del-mercosur\\\/#primaryimage\"},\"thumbnailUrl\":\"https:\\\/\\\/www.ip.gov.py\\\/ip\\\/wp-content\\\/uploads\\\/2015\\\/12\\\/MERCOSUR-2015-_-PARAGUAY-canciller-LOIZAGA.jpg\",\"datePublished\":\"2015-12-20T17:24:16+00:00\",\"dateModified\":\"2015-12-20T17:24:37+00:00\",\"breadcrumb\":{\"@id\":\"https:\\\/\\\/www.ip.gov.py\\\/ip\\\/2015\\\/12\\\/20\\\/cancilleres-coinciden-en-la-necesidad-de-consolidar-la-institucionalidad-del-mercosur\\\/#breadcrumb\"},\"inLanguage\":\"es\",\"potentialAction\":[{\"@type\":\"ReadAction\",\"target\":[\"https:\\\/\\\/www.ip.gov.py\\\/ip\\\/2015\\\/12\\\/20\\\/cancilleres-coinciden-en-la-necesidad-de-consolidar-la-institucionalidad-del-mercosur\\\/\"]}]},{\"@type\":\"ImageObject\",\"inLanguage\":\"es\",\"@id\":\"https:\\\/\\\/www.ip.gov.py\\\/ip\\\/2015\\\/12\\\/20\\\/cancilleres-coinciden-en-la-necesidad-de-consolidar-la-institucionalidad-del-mercosur\\\/#primaryimage\",\"url\":\"https:\\\/\\\/www.ip.gov.py\\\/ip\\\/wp-content\\\/uploads\\\/2015\\\/12\\\/MERCOSUR-2015-_-PARAGUAY-canciller-LOIZAGA.jpg\",\"contentUrl\":\"https:\\\/\\\/www.ip.gov.py\\\/ip\\\/wp-content\\\/uploads\\\/2015\\\/12\\\/MERCOSUR-2015-_-PARAGUAY-canciller-LOIZAGA.jpg\",\"width\":1000,\"height\":654},{\"@type\":\"BreadcrumbList\",\"@id\":\"https:\\\/\\\/www.ip.gov.py\\\/ip\\\/2015\\\/12\\\/20\\\/cancilleres-coinciden-en-la-necesidad-de-consolidar-la-institucionalidad-del-mercosur\\\/#breadcrumb\",\"itemListElement\":[{\"@type\":\"ListItem\",\"position\":1,\"name\":\"Portada\",\"item\":\"https:\\\/\\\/www.ip.gov.py\\\/ip\\\/\"},{\"@type\":\"ListItem\",\"position\":2,\"name\":\"Cancilleres coinciden en la necesidad de consolidar la institucionalidad del Mercosur\"}]},{\"@type\":\"WebSite\",\"@id\":\"https:\\\/\\\/www.ip.gov.py\\\/ip\\\/#website\",\"url\":\"https:\\\/\\\/www.ip.gov.py\\\/ip\\\/\",\"name\":\".::Agencia IP::.\",\"description\":\"\",\"publisher\":{\"@id\":\"https:\\\/\\\/www.ip.gov.py\\\/ip\\\/#organization\"},\"potentialAction\":[{\"@type\":\"SearchAction\",\"target\":{\"@type\":\"EntryPoint\",\"urlTemplate\":\"https:\\\/\\\/www.ip.gov.py\\\/ip\\\/?s={search_term_string}\"},\"query-input\":{\"@type\":\"PropertyValueSpecification\",\"valueRequired\":true,\"valueName\":\"search_term_string\"}}],\"inLanguage\":\"es\"},{\"@type\":\"Organization\",\"@id\":\"https:\\\/\\\/www.ip.gov.py\\\/ip\\\/#organization\",\"name\":\"Agencia IP\",\"url\":\"https:\\\/\\\/www.ip.gov.py\\\/ip\\\/\",\"logo\":{\"@type\":\"ImageObject\",\"inLanguage\":\"es\",\"@id\":\"https:\\\/\\\/www.ip.gov.py\\\/ip\\\/#\\\/schema\\\/logo\\\/image\\\/\",\"url\":\"https:\\\/\\\/www.ip.gov.py\\\/ip\\\/wp-content\\\/uploads\\\/2018\\\/01\\\/Agencia-IP.jpg\",\"contentUrl\":\"https:\\\/\\\/www.ip.gov.py\\\/ip\\\/wp-content\\\/uploads\\\/2018\\\/01\\\/Agencia-IP.jpg\",\"width\":150,\"height\":150,\"caption\":\"Agencia IP\"},\"image\":{\"@id\":\"https:\\\/\\\/www.ip.gov.py\\\/ip\\\/#\\\/schema\\\/logo\\\/image\\\/\"},\"sameAs\":[\"https:\\\/\\\/www.facebook.com\\\/IPParaguay\\\/\",\"https:\\\/\\\/x.com\\\/IPParaguay\",\"https:\\\/\\\/www.instagram.com\\\/IPParaguay\"]},{\"@type\":\"Person\",\"@id\":\"https:\\\/\\\/www.ip.gov.py\\\/ip\\\/#\\\/schema\\\/person\\\/e80828ea341031e783b9df2fe5a5f4f4\",\"name\":\"L. Q\",\"url\":\"https:\\\/\\\/www.ip.gov.py\\\/ip\\\/author\\\/lquinonez\\\/\"}]}<\/script>\n<!-- \/ Yoast SEO plugin. -->","yoast_head_json":{"title":"Cancilleres coinciden en la necesidad de consolidar la institucionalidad del Mercosur - .::Agencia IP::.","robots":{"index":"index","follow":"follow","max-snippet":"max-snippet:-1","max-image-preview":"max-image-preview:large","max-video-preview":"max-video-preview:-1"},"canonical":"https:\/\/www.ip.gov.py\/ip\/2015\/12\/20\/cancilleres-coinciden-en-la-necesidad-de-consolidar-la-institucionalidad-del-mercosur\/","og_locale":"es_ES","og_type":"article","og_title":"Cancilleres coinciden en la necesidad de consolidar la institucionalidad del Mercosur - .::Agencia IP::.","og_description":"Luque, IP.- En la primera sesi\u00f3n de ministros de Relaciones Exteriores, que se desarrolla este domingo en la sala de Convenciones de la Conmebol, los cancilleres concordaron en la necesidad de ir consolidando la institucionalidad del Mercosur. En tal sentido \u00a0buscan un Tribunal de Revisi\u00f3n Permanente que pueda dar garant\u00edas jur\u00eddicas al bloque.","og_url":"https:\/\/www.ip.gov.py\/ip\/2015\/12\/20\/cancilleres-coinciden-en-la-necesidad-de-consolidar-la-institucionalidad-del-mercosur\/","og_site_name":".::Agencia IP::.","article_publisher":"https:\/\/www.facebook.com\/IPParaguay\/","article_published_time":"2015-12-20T17:24:16+00:00","article_modified_time":"2015-12-20T17:24:37+00:00","og_image":[{"width":1000,"height":654,"url":"https:\/\/www.ip.gov.py\/ip\/wp-content\/uploads\/2015\/12\/MERCOSUR-2015-_-PARAGUAY-canciller-LOIZAGA.jpg","type":"image\/jpeg"}],"author":"L. Q","twitter_card":"summary_large_image","twitter_creator":"@IPParaguay","twitter_site":"@IPParaguay","twitter_misc":{"Escrito por":"L. Q","Tiempo de lectura":"2 minutos"},"schema":{"@context":"https:\/\/schema.org","@graph":[{"@type":"Article","@id":"https:\/\/www.ip.gov.py\/ip\/2015\/12\/20\/cancilleres-coinciden-en-la-necesidad-de-consolidar-la-institucionalidad-del-mercosur\/#article","isPartOf":{"@id":"https:\/\/www.ip.gov.py\/ip\/2015\/12\/20\/cancilleres-coinciden-en-la-necesidad-de-consolidar-la-institucionalidad-del-mercosur\/"},"author":{"name":"L. Q","@id":"https:\/\/www.ip.gov.py\/ip\/#\/schema\/person\/e80828ea341031e783b9df2fe5a5f4f4"},"headline":"Cancilleres coinciden en la necesidad de consolidar la institucionalidad del Mercosur","datePublished":"2015-12-20T17:24:16+00:00","dateModified":"2015-12-20T17:24:37+00:00","mainEntityOfPage":{"@id":"https:\/\/www.ip.gov.py\/ip\/2015\/12\/20\/cancilleres-coinciden-en-la-necesidad-de-consolidar-la-institucionalidad-del-mercosur\/"},"wordCount":480,"publisher":{"@id":"https:\/\/www.ip.gov.py\/ip\/#organization"},"image":{"@id":"https:\/\/www.ip.gov.py\/ip\/2015\/12\/20\/cancilleres-coinciden-en-la-necesidad-de-consolidar-la-institucionalidad-del-mercosur\/#primaryimage"},"thumbnailUrl":"https:\/\/www.ip.gov.py\/ip\/wp-content\/uploads\/2015\/12\/MERCOSUR-2015-_-PARAGUAY-canciller-LOIZAGA.jpg","articleSection":["Pol\u00edtica"],"inLanguage":"es"},{"@type":"WebPage","@id":"https:\/\/www.ip.gov.py\/ip\/2015\/12\/20\/cancilleres-coinciden-en-la-necesidad-de-consolidar-la-institucionalidad-del-mercosur\/","url":"https:\/\/www.ip.gov.py\/ip\/2015\/12\/20\/cancilleres-coinciden-en-la-necesidad-de-consolidar-la-institucionalidad-del-mercosur\/","name":"Cancilleres coinciden en la necesidad de consolidar la institucionalidad del Mercosur - .::Agencia IP::.","isPartOf":{"@id":"https:\/\/www.ip.gov.py\/ip\/#website"},"primaryImageOfPage":{"@id":"https:\/\/www.ip.gov.py\/ip\/2015\/12\/20\/cancilleres-coinciden-en-la-necesidad-de-consolidar-la-institucionalidad-del-mercosur\/#primaryimage"},"image":{"@id":"https:\/\/www.ip.gov.py\/ip\/2015\/12\/20\/cancilleres-coinciden-en-la-necesidad-de-consolidar-la-institucionalidad-del-mercosur\/#primaryimage"},"thumbnailUrl":"https:\/\/www.ip.gov.py\/ip\/wp-content\/uploads\/2015\/12\/MERCOSUR-2015-_-PARAGUAY-canciller-LOIZAGA.jpg","datePublished":"2015-12-20T17:24:16+00:00","dateModified":"2015-12-20T17:24:37+00:00","breadcrumb":{"@id":"https:\/\/www.ip.gov.py\/ip\/2015\/12\/20\/cancilleres-coinciden-en-la-necesidad-de-consolidar-la-institucionalidad-del-mercosur\/#breadcrumb"},"inLanguage":"es","potentialAction":[{"@type":"ReadAction","target":["https:\/\/www.ip.gov.py\/ip\/2015\/12\/20\/cancilleres-coinciden-en-la-necesidad-de-consolidar-la-institucionalidad-del-mercosur\/"]}]},{"@type":"ImageObject","inLanguage":"es","@id":"https:\/\/www.ip.gov.py\/ip\/2015\/12\/20\/cancilleres-coinciden-en-la-necesidad-de-consolidar-la-institucionalidad-del-mercosur\/#primaryimage","url":"https:\/\/www.ip.gov.py\/ip\/wp-content\/uploads\/2015\/12\/MERCOSUR-2015-_-PARAGUAY-canciller-LOIZAGA.jpg","contentUrl":"https:\/\/www.ip.gov.py\/ip\/wp-content\/uploads\/2015\/12\/MERCOSUR-2015-_-PARAGUAY-canciller-LOIZAGA.jpg","width":1000,"height":654},{"@type":"BreadcrumbList","@id":"https:\/\/www.ip.gov.py\/ip\/2015\/12\/20\/cancilleres-coinciden-en-la-necesidad-de-consolidar-la-institucionalidad-del-mercosur\/#breadcrumb","itemListElement":[{"@type":"ListItem","position":1,"name":"Portada","item":"https:\/\/www.ip.gov.py\/ip\/"},{"@type":"ListItem","position":2,"name":"Cancilleres coinciden en la necesidad de consolidar la institucionalidad del Mercosur"}]},{"@type":"WebSite","@id":"https:\/\/www.ip.gov.py\/ip\/#website","url":"https:\/\/www.ip.gov.py\/ip\/","name":".::Agencia IP::.","description":"","publisher":{"@id":"https:\/\/www.ip.gov.py\/ip\/#organization"},"potentialAction":[{"@type":"SearchAction","target":{"@type":"EntryPoint","urlTemplate":"https:\/\/www.ip.gov.py\/ip\/?s={search_term_string}"},"query-input":{"@type":"PropertyValueSpecification","valueRequired":true,"valueName":"search_term_string"}}],"inLanguage":"es"},{"@type":"Organization","@id":"https:\/\/www.ip.gov.py\/ip\/#organization","name":"Agencia IP","url":"https:\/\/www.ip.gov.py\/ip\/","logo":{"@type":"ImageObject","inLanguage":"es","@id":"https:\/\/www.ip.gov.py\/ip\/#\/schema\/logo\/image\/","url":"https:\/\/www.ip.gov.py\/ip\/wp-content\/uploads\/2018\/01\/Agencia-IP.jpg","contentUrl":"https:\/\/www.ip.gov.py\/ip\/wp-content\/uploads\/2018\/01\/Agencia-IP.jpg","width":150,"height":150,"caption":"Agencia IP"},"image":{"@id":"https:\/\/www.ip.gov.py\/ip\/#\/schema\/logo\/image\/"},"sameAs":["https:\/\/www.facebook.com\/IPParaguay\/","https:\/\/x.com\/IPParaguay","https:\/\/www.instagram.com\/IPParaguay"]},{"@type":"Person","@id":"https:\/\/www.ip.gov.py\/ip\/#\/schema\/person\/e80828ea341031e783b9df2fe5a5f4f4","name":"L. Q","url":"https:\/\/www.ip.gov.py\/ip\/author\/lquinonez\/"}]}},"_links":{"self":[{"href":"https:\/\/www.ip.gov.py\/ip\/wp-json\/wp\/v2\/posts\/72145","targetHints":{"allow":["GET"]}}],"collection":[{"href":"https:\/\/www.ip.gov.py\/ip\/wp-json\/wp\/v2\/posts"}],"about":[{"href":"https:\/\/www.ip.gov.py\/ip\/wp-json\/wp\/v2\/types\/post"}],"author":[{"embeddable":true,"href":"https:\/\/www.ip.gov.py\/ip\/wp-json\/wp\/v2\/users\/5"}],"replies":[{"embeddable":true,"href":"https:\/\/www.ip.gov.py\/ip\/wp-json\/wp\/v2\/comments?post=72145"}],"version-history":[{"count":0,"href":"https:\/\/www.ip.gov.py\/ip\/wp-json\/wp\/v2\/posts\/72145\/revisions"}],"wp:featuredmedia":[{"embeddable":true,"href":"https:\/\/www.ip.gov.py\/ip\/wp-json\/wp\/v2\/media\/72125"}],"wp:attachment":[{"href":"https:\/\/www.ip.gov.py\/ip\/wp-json\/wp\/v2\/media?parent=72145"}],"wp:term":[{"taxonomy":"category","embeddable":true,"href":"https:\/\/www.ip.gov.py\/ip\/wp-json\/wp\/v2\/categories?post=72145"},{"taxonomy":"post_tag","embeddable":true,"href":"https:\/\/www.ip.gov.py\/ip\/wp-json\/wp\/v2\/tags?post=72145"}],"curies":[{"name":"wp","href":"https:\/\/api.w.org\/{rel}","templated":true}]}}