{"id":72998,"date":"2015-12-24T09:55:31","date_gmt":"2015-12-24T12:55:31","guid":{"rendered":"http:\/\/desarrollo.ip.gov.py\/ip\/?p=72998"},"modified":"2015-12-24T10:01:11","modified_gmt":"2015-12-24T13:01:11","slug":"reportan-cuatro-fallecidos-a-raiz-del-temporal-de-esta-madrugada","status":"publish","type":"post","link":"https:\/\/www.ip.gov.py\/ip\/2015\/12\/24\/reportan-cuatro-fallecidos-a-raiz-del-temporal-de-esta-madrugada\/","title":{"rendered":"Reportan cuatro fallecidos a ra\u00edz del temporal de esta madrugada"},"content":{"rendered":"<p><em><strong>Asunci\u00f3n, IP.-\u00a0<\/strong><\/em> La jefa de Relaciones P\u00fablicas de la Polic\u00eda, Elisa Ledesma, confirm\u00f3 la muerte de cuatro personas a ra\u00edz del fuerte temporal que afect\u00f3 a gran parte del pa\u00eds durante la madrugada de este jueves.<!--more--><\/p>\n<p>El deceso de las personas se produjo por la ca\u00edda de \u00e1rboles, uno de ellos ocurri\u00f3 en el kil\u00f3metro 48 de la ruta 2, ciudad de Caacup\u00e9, donde el conocido locutor Gabriel Santa Cruz Ca\u00f1ete Vera, m\u00e1s conocido como Gabriel Gabo, su esposa, Elizabeth de Ca\u00f1ete, y su asistente, Luis Alberto Sosa Palma, perdieron la vida.<\/p>\n<p>La otra v\u00edctima por ca\u00edda de un \u00e1rbol fue identificada como Marta Rotela, quien se desplazaba en su motocicleta y en la zona de la avenida General Santos y Azara perdi\u00f3 la vida.<\/p>\n<p>Por su parte, el director de la Polic\u00eda Municipal de Tr\u00e1nsito (PMT), Oscar Leguizam\u00f3n, pidi\u00f3 prudencia a los automovilistas a la hora de circular, los puntos cr\u00edticos son Fernando de la Mora y\u00a0 La Victoria, Fernando de la Mora y Bartolom\u00e9 de las Casas, General Santos y San Antonio.<\/p>\n<p>Tambi\u00e9n la zona de la avenida Artigas y Mburicao, Eusebio Ayala y Boggiani, Rep\u00fablica Argentina y Caaguaz\u00fa. Indic\u00f3 que agentes de la PMT se encuentran trabajando en estos lugares considerados cr\u00edticos para desviar el tr\u00e1nsito.<\/p>\n<p>\u201cRecomendaos una velocidad prudencial cuando empieza a llover porque la calzada est\u00e1 resbaladiza\u201d, expres\u00f3 el director. Adem\u00e1s, los frenos normalmente no responden al 100 por ciento cuando hay lluvias, a\u00f1adi\u00f3 Leguizam\u00f3n.<\/p>\n<p>Finalmente, a los motociclistas pidi\u00f3 que busquen alg\u00fan refugio en caso de que haya viento fuerte en el momento en que est\u00e9n circulando a fin de evitar hechos lamentables.<\/p>\n","protected":false},"excerpt":{"rendered":"<p>Asunci\u00f3n, IP.-\u00a0 La jefa de Relaciones P\u00fablicas de la Polic\u00eda, Elisa Ledesma, confirm\u00f3 la muerte de cuatro personas a ra\u00edz del fuerte temporal que afect\u00f3 a gran parte del pa\u00eds durante la madrugada de este jueves.<\/p>\n","protected":false},"author":1,"featured_media":69336,"comment_status":"closed","ping_status":"closed","sticky":false,"template":"","format":"standard","meta":{"_monsterinsights_skip_tracking":false,"_monsterinsights_sitenote_active":false,"_monsterinsights_sitenote_note":"","_monsterinsights_sitenote_category":0,"footnotes":""},"categories":[4],"tags":[],"class_list":{"0":"post-72998","1":"post","2":"type-post","3":"status-publish","4":"format-standard","5":"has-post-thumbnail","7":"category-nacionales"},"yoast_head":"<!-- This site is optimized with the Yoast SEO plugin v27.5 - https:\/\/yoast.com\/product\/yoast-seo-wordpress\/ -->\n<title>Reportan cuatro fallecidos a ra\u00edz del temporal de esta madrugada - .::Agencia IP::.<\/title>\n<meta name=\"robots\" content=\"index, follow, max-snippet:-1, max-image-preview:large, max-video-preview:-1\" \/>\n<link rel=\"canonical\" href=\"https:\/\/www.ip.gov.py\/ip\/2015\/12\/24\/reportan-cuatro-fallecidos-a-raiz-del-temporal-de-esta-madrugada\/\" \/>\n<meta property=\"og:locale\" content=\"es_ES\" \/>\n<meta property=\"og:type\" content=\"article\" \/>\n<meta property=\"og:title\" content=\"Reportan cuatro fallecidos a ra\u00edz del temporal de esta madrugada - .::Agencia IP::.\" \/>\n<meta property=\"og:description\" content=\"Asunci\u00f3n, IP.-\u00a0 La jefa de Relaciones P\u00fablicas de la Polic\u00eda, Elisa Ledesma, confirm\u00f3 la muerte de cuatro personas a ra\u00edz del fuerte temporal que afect\u00f3 a gran parte del pa\u00eds durante la madrugada de este jueves.\" \/>\n<meta property=\"og:url\" content=\"https:\/\/www.ip.gov.py\/ip\/2015\/12\/24\/reportan-cuatro-fallecidos-a-raiz-del-temporal-de-esta-madrugada\/\" \/>\n<meta property=\"og:site_name\" content=\".::Agencia IP::.\" \/>\n<meta property=\"article:publisher\" content=\"https:\/\/www.facebook.com\/IPParaguay\/\" \/>\n<meta property=\"article:published_time\" content=\"2015-12-24T12:55:31+00:00\" \/>\n<meta property=\"article:modified_time\" content=\"2015-12-24T13:01:11+00:00\" \/>\n<meta property=\"og:image\" content=\"https:\/\/www.ip.gov.py\/ip\/wp-content\/uploads\/2015\/12\/temporal-35.jpg\" \/>\n\t<meta property=\"og:image:width\" content=\"1037\" \/>\n\t<meta property=\"og:image:height\" content=\"691\" \/>\n\t<meta property=\"og:image:type\" content=\"image\/jpeg\" \/>\n<meta name=\"author\" content=\"@dm1n\" \/>\n<meta name=\"twitter:card\" content=\"summary_large_image\" \/>\n<meta name=\"twitter:creator\" content=\"@IPParaguay\" \/>\n<meta name=\"twitter:site\" content=\"@IPParaguay\" \/>\n<meta name=\"twitter:label1\" content=\"Escrito por\" \/>\n\t<meta name=\"twitter:data1\" content=\"@dm1n\" \/>\n\t<meta name=\"twitter:label2\" content=\"Tiempo de lectura\" \/>\n\t<meta name=\"twitter:data2\" content=\"1 minuto\" \/>\n<script type=\"application\/ld+json\" class=\"yoast-schema-graph\">{\"@context\":\"https:\\\/\\\/schema.org\",\"@graph\":[{\"@type\":\"Article\",\"@id\":\"https:\\\/\\\/www.ip.gov.py\\\/ip\\\/2015\\\/12\\\/24\\\/reportan-cuatro-fallecidos-a-raiz-del-temporal-de-esta-madrugada\\\/#article\",\"isPartOf\":{\"@id\":\"https:\\\/\\\/www.ip.gov.py\\\/ip\\\/2015\\\/12\\\/24\\\/reportan-cuatro-fallecidos-a-raiz-del-temporal-de-esta-madrugada\\\/\"},\"author\":{\"name\":\"@dm1n\",\"@id\":\"https:\\\/\\\/www.ip.gov.py\\\/ip\\\/#\\\/schema\\\/person\\\/a1d87c4a65d7fd4ede9132995e2576d7\"},\"headline\":\"Reportan cuatro fallecidos a ra\u00edz del temporal de esta madrugada\",\"datePublished\":\"2015-12-24T12:55:31+00:00\",\"dateModified\":\"2015-12-24T13:01:11+00:00\",\"mainEntityOfPage\":{\"@id\":\"https:\\\/\\\/www.ip.gov.py\\\/ip\\\/2015\\\/12\\\/24\\\/reportan-cuatro-fallecidos-a-raiz-del-temporal-de-esta-madrugada\\\/\"},\"wordCount\":303,\"publisher\":{\"@id\":\"https:\\\/\\\/www.ip.gov.py\\\/ip\\\/#organization\"},\"image\":{\"@id\":\"https:\\\/\\\/www.ip.gov.py\\\/ip\\\/2015\\\/12\\\/24\\\/reportan-cuatro-fallecidos-a-raiz-del-temporal-de-esta-madrugada\\\/#primaryimage\"},\"thumbnailUrl\":\"https:\\\/\\\/www.ip.gov.py\\\/ip\\\/wp-content\\\/uploads\\\/2015\\\/12\\\/temporal-35.jpg\",\"articleSection\":[\"Nacionales\"],\"inLanguage\":\"es\"},{\"@type\":\"WebPage\",\"@id\":\"https:\\\/\\\/www.ip.gov.py\\\/ip\\\/2015\\\/12\\\/24\\\/reportan-cuatro-fallecidos-a-raiz-del-temporal-de-esta-madrugada\\\/\",\"url\":\"https:\\\/\\\/www.ip.gov.py\\\/ip\\\/2015\\\/12\\\/24\\\/reportan-cuatro-fallecidos-a-raiz-del-temporal-de-esta-madrugada\\\/\",\"name\":\"Reportan cuatro fallecidos a ra\u00edz del temporal de esta madrugada - .::Agencia IP::.\",\"isPartOf\":{\"@id\":\"https:\\\/\\\/www.ip.gov.py\\\/ip\\\/#website\"},\"primaryImageOfPage\":{\"@id\":\"https:\\\/\\\/www.ip.gov.py\\\/ip\\\/2015\\\/12\\\/24\\\/reportan-cuatro-fallecidos-a-raiz-del-temporal-de-esta-madrugada\\\/#primaryimage\"},\"image\":{\"@id\":\"https:\\\/\\\/www.ip.gov.py\\\/ip\\\/2015\\\/12\\\/24\\\/reportan-cuatro-fallecidos-a-raiz-del-temporal-de-esta-madrugada\\\/#primaryimage\"},\"thumbnailUrl\":\"https:\\\/\\\/www.ip.gov.py\\\/ip\\\/wp-content\\\/uploads\\\/2015\\\/12\\\/temporal-35.jpg\",\"datePublished\":\"2015-12-24T12:55:31+00:00\",\"dateModified\":\"2015-12-24T13:01:11+00:00\",\"breadcrumb\":{\"@id\":\"https:\\\/\\\/www.ip.gov.py\\\/ip\\\/2015\\\/12\\\/24\\\/reportan-cuatro-fallecidos-a-raiz-del-temporal-de-esta-madrugada\\\/#breadcrumb\"},\"inLanguage\":\"es\",\"potentialAction\":[{\"@type\":\"ReadAction\",\"target\":[\"https:\\\/\\\/www.ip.gov.py\\\/ip\\\/2015\\\/12\\\/24\\\/reportan-cuatro-fallecidos-a-raiz-del-temporal-de-esta-madrugada\\\/\"]}]},{\"@type\":\"ImageObject\",\"inLanguage\":\"es\",\"@id\":\"https:\\\/\\\/www.ip.gov.py\\\/ip\\\/2015\\\/12\\\/24\\\/reportan-cuatro-fallecidos-a-raiz-del-temporal-de-esta-madrugada\\\/#primaryimage\",\"url\":\"https:\\\/\\\/www.ip.gov.py\\\/ip\\\/wp-content\\\/uploads\\\/2015\\\/12\\\/temporal-35.jpg\",\"contentUrl\":\"https:\\\/\\\/www.ip.gov.py\\\/ip\\\/wp-content\\\/uploads\\\/2015\\\/12\\\/temporal-35.jpg\",\"width\":1037,\"height\":691,\"caption\":\"Imagen ilustrativa.\"},{\"@type\":\"BreadcrumbList\",\"@id\":\"https:\\\/\\\/www.ip.gov.py\\\/ip\\\/2015\\\/12\\\/24\\\/reportan-cuatro-fallecidos-a-raiz-del-temporal-de-esta-madrugada\\\/#breadcrumb\",\"itemListElement\":[{\"@type\":\"ListItem\",\"position\":1,\"name\":\"Portada\",\"item\":\"https:\\\/\\\/www.ip.gov.py\\\/ip\\\/\"},{\"@type\":\"ListItem\",\"position\":2,\"name\":\"Reportan cuatro fallecidos a ra\u00edz del temporal de esta madrugada\"}]},{\"@type\":\"WebSite\",\"@id\":\"https:\\\/\\\/www.ip.gov.py\\\/ip\\\/#website\",\"url\":\"https:\\\/\\\/www.ip.gov.py\\\/ip\\\/\",\"name\":\".::Agencia IP::.\",\"description\":\"\",\"publisher\":{\"@id\":\"https:\\\/\\\/www.ip.gov.py\\\/ip\\\/#organization\"},\"potentialAction\":[{\"@type\":\"SearchAction\",\"target\":{\"@type\":\"EntryPoint\",\"urlTemplate\":\"https:\\\/\\\/www.ip.gov.py\\\/ip\\\/?s={search_term_string}\"},\"query-input\":{\"@type\":\"PropertyValueSpecification\",\"valueRequired\":true,\"valueName\":\"search_term_string\"}}],\"inLanguage\":\"es\"},{\"@type\":\"Organization\",\"@id\":\"https:\\\/\\\/www.ip.gov.py\\\/ip\\\/#organization\",\"name\":\"Agencia IP\",\"url\":\"https:\\\/\\\/www.ip.gov.py\\\/ip\\\/\",\"logo\":{\"@type\":\"ImageObject\",\"inLanguage\":\"es\",\"@id\":\"https:\\\/\\\/www.ip.gov.py\\\/ip\\\/#\\\/schema\\\/logo\\\/image\\\/\",\"url\":\"https:\\\/\\\/www.ip.gov.py\\\/ip\\\/wp-content\\\/uploads\\\/2018\\\/01\\\/Agencia-IP.jpg\",\"contentUrl\":\"https:\\\/\\\/www.ip.gov.py\\\/ip\\\/wp-content\\\/uploads\\\/2018\\\/01\\\/Agencia-IP.jpg\",\"width\":150,\"height\":150,\"caption\":\"Agencia IP\"},\"image\":{\"@id\":\"https:\\\/\\\/www.ip.gov.py\\\/ip\\\/#\\\/schema\\\/logo\\\/image\\\/\"},\"sameAs\":[\"https:\\\/\\\/www.facebook.com\\\/IPParaguay\\\/\",\"https:\\\/\\\/x.com\\\/IPParaguay\",\"https:\\\/\\\/www.instagram.com\\\/IPParaguay\"]},{\"@type\":\"Person\",\"@id\":\"https:\\\/\\\/www.ip.gov.py\\\/ip\\\/#\\\/schema\\\/person\\\/a1d87c4a65d7fd4ede9132995e2576d7\",\"name\":\"@dm1n\",\"url\":\"https:\\\/\\\/www.ip.gov.py\\\/ip\\\/author\\\/dm1n\\\/\"}]}<\/script>\n<!-- \/ Yoast SEO plugin. -->","yoast_head_json":{"title":"Reportan cuatro fallecidos a ra\u00edz del temporal de esta madrugada - .::Agencia IP::.","robots":{"index":"index","follow":"follow","max-snippet":"max-snippet:-1","max-image-preview":"max-image-preview:large","max-video-preview":"max-video-preview:-1"},"canonical":"https:\/\/www.ip.gov.py\/ip\/2015\/12\/24\/reportan-cuatro-fallecidos-a-raiz-del-temporal-de-esta-madrugada\/","og_locale":"es_ES","og_type":"article","og_title":"Reportan cuatro fallecidos a ra\u00edz del temporal de esta madrugada - .::Agencia IP::.","og_description":"Asunci\u00f3n, IP.-\u00a0 La jefa de Relaciones P\u00fablicas de la Polic\u00eda, Elisa Ledesma, confirm\u00f3 la muerte de cuatro personas a ra\u00edz del fuerte temporal que afect\u00f3 a gran parte del pa\u00eds durante la madrugada de este jueves.","og_url":"https:\/\/www.ip.gov.py\/ip\/2015\/12\/24\/reportan-cuatro-fallecidos-a-raiz-del-temporal-de-esta-madrugada\/","og_site_name":".::Agencia IP::.","article_publisher":"https:\/\/www.facebook.com\/IPParaguay\/","article_published_time":"2015-12-24T12:55:31+00:00","article_modified_time":"2015-12-24T13:01:11+00:00","og_image":[{"width":1037,"height":691,"url":"https:\/\/www.ip.gov.py\/ip\/wp-content\/uploads\/2015\/12\/temporal-35.jpg","type":"image\/jpeg"}],"author":"@dm1n","twitter_card":"summary_large_image","twitter_creator":"@IPParaguay","twitter_site":"@IPParaguay","twitter_misc":{"Escrito por":"@dm1n","Tiempo de lectura":"1 minuto"},"schema":{"@context":"https:\/\/schema.org","@graph":[{"@type":"Article","@id":"https:\/\/www.ip.gov.py\/ip\/2015\/12\/24\/reportan-cuatro-fallecidos-a-raiz-del-temporal-de-esta-madrugada\/#article","isPartOf":{"@id":"https:\/\/www.ip.gov.py\/ip\/2015\/12\/24\/reportan-cuatro-fallecidos-a-raiz-del-temporal-de-esta-madrugada\/"},"author":{"name":"@dm1n","@id":"https:\/\/www.ip.gov.py\/ip\/#\/schema\/person\/a1d87c4a65d7fd4ede9132995e2576d7"},"headline":"Reportan cuatro fallecidos a ra\u00edz del temporal de esta madrugada","datePublished":"2015-12-24T12:55:31+00:00","dateModified":"2015-12-24T13:01:11+00:00","mainEntityOfPage":{"@id":"https:\/\/www.ip.gov.py\/ip\/2015\/12\/24\/reportan-cuatro-fallecidos-a-raiz-del-temporal-de-esta-madrugada\/"},"wordCount":303,"publisher":{"@id":"https:\/\/www.ip.gov.py\/ip\/#organization"},"image":{"@id":"https:\/\/www.ip.gov.py\/ip\/2015\/12\/24\/reportan-cuatro-fallecidos-a-raiz-del-temporal-de-esta-madrugada\/#primaryimage"},"thumbnailUrl":"https:\/\/www.ip.gov.py\/ip\/wp-content\/uploads\/2015\/12\/temporal-35.jpg","articleSection":["Nacionales"],"inLanguage":"es"},{"@type":"WebPage","@id":"https:\/\/www.ip.gov.py\/ip\/2015\/12\/24\/reportan-cuatro-fallecidos-a-raiz-del-temporal-de-esta-madrugada\/","url":"https:\/\/www.ip.gov.py\/ip\/2015\/12\/24\/reportan-cuatro-fallecidos-a-raiz-del-temporal-de-esta-madrugada\/","name":"Reportan cuatro fallecidos a ra\u00edz del temporal de esta madrugada - .::Agencia IP::.","isPartOf":{"@id":"https:\/\/www.ip.gov.py\/ip\/#website"},"primaryImageOfPage":{"@id":"https:\/\/www.ip.gov.py\/ip\/2015\/12\/24\/reportan-cuatro-fallecidos-a-raiz-del-temporal-de-esta-madrugada\/#primaryimage"},"image":{"@id":"https:\/\/www.ip.gov.py\/ip\/2015\/12\/24\/reportan-cuatro-fallecidos-a-raiz-del-temporal-de-esta-madrugada\/#primaryimage"},"thumbnailUrl":"https:\/\/www.ip.gov.py\/ip\/wp-content\/uploads\/2015\/12\/temporal-35.jpg","datePublished":"2015-12-24T12:55:31+00:00","dateModified":"2015-12-24T13:01:11+00:00","breadcrumb":{"@id":"https:\/\/www.ip.gov.py\/ip\/2015\/12\/24\/reportan-cuatro-fallecidos-a-raiz-del-temporal-de-esta-madrugada\/#breadcrumb"},"inLanguage":"es","potentialAction":[{"@type":"ReadAction","target":["https:\/\/www.ip.gov.py\/ip\/2015\/12\/24\/reportan-cuatro-fallecidos-a-raiz-del-temporal-de-esta-madrugada\/"]}]},{"@type":"ImageObject","inLanguage":"es","@id":"https:\/\/www.ip.gov.py\/ip\/2015\/12\/24\/reportan-cuatro-fallecidos-a-raiz-del-temporal-de-esta-madrugada\/#primaryimage","url":"https:\/\/www.ip.gov.py\/ip\/wp-content\/uploads\/2015\/12\/temporal-35.jpg","contentUrl":"https:\/\/www.ip.gov.py\/ip\/wp-content\/uploads\/2015\/12\/temporal-35.jpg","width":1037,"height":691,"caption":"Imagen ilustrativa."},{"@type":"BreadcrumbList","@id":"https:\/\/www.ip.gov.py\/ip\/2015\/12\/24\/reportan-cuatro-fallecidos-a-raiz-del-temporal-de-esta-madrugada\/#breadcrumb","itemListElement":[{"@type":"ListItem","position":1,"name":"Portada","item":"https:\/\/www.ip.gov.py\/ip\/"},{"@type":"ListItem","position":2,"name":"Reportan cuatro fallecidos a ra\u00edz del temporal de esta madrugada"}]},{"@type":"WebSite","@id":"https:\/\/www.ip.gov.py\/ip\/#website","url":"https:\/\/www.ip.gov.py\/ip\/","name":".::Agencia IP::.","description":"","publisher":{"@id":"https:\/\/www.ip.gov.py\/ip\/#organization"},"potentialAction":[{"@type":"SearchAction","target":{"@type":"EntryPoint","urlTemplate":"https:\/\/www.ip.gov.py\/ip\/?s={search_term_string}"},"query-input":{"@type":"PropertyValueSpecification","valueRequired":true,"valueName":"search_term_string"}}],"inLanguage":"es"},{"@type":"Organization","@id":"https:\/\/www.ip.gov.py\/ip\/#organization","name":"Agencia IP","url":"https:\/\/www.ip.gov.py\/ip\/","logo":{"@type":"ImageObject","inLanguage":"es","@id":"https:\/\/www.ip.gov.py\/ip\/#\/schema\/logo\/image\/","url":"https:\/\/www.ip.gov.py\/ip\/wp-content\/uploads\/2018\/01\/Agencia-IP.jpg","contentUrl":"https:\/\/www.ip.gov.py\/ip\/wp-content\/uploads\/2018\/01\/Agencia-IP.jpg","width":150,"height":150,"caption":"Agencia IP"},"image":{"@id":"https:\/\/www.ip.gov.py\/ip\/#\/schema\/logo\/image\/"},"sameAs":["https:\/\/www.facebook.com\/IPParaguay\/","https:\/\/x.com\/IPParaguay","https:\/\/www.instagram.com\/IPParaguay"]},{"@type":"Person","@id":"https:\/\/www.ip.gov.py\/ip\/#\/schema\/person\/a1d87c4a65d7fd4ede9132995e2576d7","name":"@dm1n","url":"https:\/\/www.ip.gov.py\/ip\/author\/dm1n\/"}]}},"_links":{"self":[{"href":"https:\/\/www.ip.gov.py\/ip\/wp-json\/wp\/v2\/posts\/72998","targetHints":{"allow":["GET"]}}],"collection":[{"href":"https:\/\/www.ip.gov.py\/ip\/wp-json\/wp\/v2\/posts"}],"about":[{"href":"https:\/\/www.ip.gov.py\/ip\/wp-json\/wp\/v2\/types\/post"}],"author":[{"embeddable":true,"href":"https:\/\/www.ip.gov.py\/ip\/wp-json\/wp\/v2\/users\/1"}],"replies":[{"embeddable":true,"href":"https:\/\/www.ip.gov.py\/ip\/wp-json\/wp\/v2\/comments?post=72998"}],"version-history":[{"count":0,"href":"https:\/\/www.ip.gov.py\/ip\/wp-json\/wp\/v2\/posts\/72998\/revisions"}],"wp:featuredmedia":[{"embeddable":true,"href":"https:\/\/www.ip.gov.py\/ip\/wp-json\/wp\/v2\/media\/69336"}],"wp:attachment":[{"href":"https:\/\/www.ip.gov.py\/ip\/wp-json\/wp\/v2\/media?parent=72998"}],"wp:term":[{"taxonomy":"category","embeddable":true,"href":"https:\/\/www.ip.gov.py\/ip\/wp-json\/wp\/v2\/categories?post=72998"},{"taxonomy":"post_tag","embeddable":true,"href":"https:\/\/www.ip.gov.py\/ip\/wp-json\/wp\/v2\/tags?post=72998"}],"curies":[{"name":"wp","href":"https:\/\/api.w.org\/{rel}","templated":true}]}}