{"id":7518,"date":"2015-03-12T10:59:57","date_gmt":"2015-03-12T10:59:57","guid":{"rendered":"http:\/\/desarrollo.ip.gov.py\/ip\/?p=7518"},"modified":"2015-03-12T10:59:57","modified_gmt":"2015-03-12T10:59:57","slug":"ministra-destaco-capacidad-de-mujeres-para-formular-preceptos-de-igualdad","status":"publish","type":"post","link":"https:\/\/www.ip.gov.py\/ip\/2015\/03\/12\/ministra-destaco-capacidad-de-mujeres-para-formular-preceptos-de-igualdad\/","title":{"rendered":"Ministra destac\u00f3 capacidad de mujeres para formular preceptos de igualdad"},"content":{"rendered":"<p style=\"text-align: justify;\"><em><strong>Asunci\u00f3n, IP.-<\/strong><\/em> Este mi\u00e9rcoles, Paraguay tuvo su intervenci\u00f3n ante el 59 periodo de sesiones de la Comisi\u00f3n de la Condici\u00f3n Social y Jur\u00eddica de la Mujer (CSW) representada por la ministra Ana Mar\u00eca Baiardi que destac\u00f3 la capacidad de los movimientos de mujeres para formular preceptos de igualdad. La actividad se desarrolla del 09 al 20 de marzo, en la sede de las Naciones Unidas, en Nueva York.<br \/>\n<!--more--><\/p>\n<p style=\"text-align: justify;\">Baiardi, en una parte del discurso celebr\u00f3 los mecanismos para el adelanto de las mujeres ya constituidos en Beijing 95 y los organismos internacionales que se han constituido en la m\u00e1s alta expresi\u00f3n de voluntad y acci\u00f3n pol\u00edtica para la igualdad de las mujeres.<\/p>\n<p style=\"text-align: justify;\">La ministra indic\u00f3, \u201ccelebro los avances normativos que nos han permitido construir sistemas jur\u00eddicos y educativos hasta llegar en algunos pa\u00edses a la paridad, a la disminuci\u00f3n de brechas de desigualdad en acceso al empleo entre mujeres y hombres, a cr\u00e9ditos, la alta participaci\u00f3n pol\u00edtica de las mujeres y en puestos de poder en muchos pa\u00edses, la consolidaci\u00f3n de movimientos y las agendas de g\u00e9nero articuladas con sectores p\u00fablicos y privados\u201d.<\/p>\n<p style=\"text-align: justify;\">Al mismo tiempo expres\u00f3 que en contrapartida, no se puede celebrar que la perspectiva de g\u00e8nero no tenga la prioridad necesaria para el desarrollo, que los ODM no han sido suficientes en sus logros y que los presupuestos asignados para la igualdad de g\u00e9nero no sean contemplados en dimensi\u00f3n adecuada para garantizar el ejercicio real de los derechos de las mujeres.<\/p>\n<p style=\"text-align: justify;\">Baiardi, mencion\u00f3 como oportunidad la Agenda de Desarrollo Post 2015 para establecer a la igualdad de g\u00e9nero como objetivo integrador, transformativo, de prevenci\u00f3n y respuesta inmediata ante la violencia contra las mujeres, de desarrollo de las capacidades de las mujeres y su acceso y control sobre los recursos, adem\u00e1s la capacidad de influencia de las mismas en la toma de decisiones.<\/p>\n","protected":false},"excerpt":{"rendered":"<p>Asunci\u00f3n, IP.- Este mi\u00e9rcoles, Paraguay tuvo su intervenci\u00f3n ante el 59 periodo de sesiones de la Comisi\u00f3n de la Condici\u00f3n Social y Jur\u00eddica de la Mujer (CSW) representada por la ministra Ana Mar\u00eca Baiardi que destac\u00f3 la capacidad de los movimientos de mujeres para formular preceptos de igualdad. La actividad se desarrolla del 09 al [&hellip;]<\/p>\n","protected":false},"author":13,"featured_media":7534,"comment_status":"closed","ping_status":"closed","sticky":false,"template":"","format":"standard","meta":{"_monsterinsights_skip_tracking":false,"_monsterinsights_sitenote_active":false,"_monsterinsights_sitenote_note":"","_monsterinsights_sitenote_category":0,"footnotes":""},"categories":[6],"tags":[],"class_list":{"0":"post-7518","1":"post","2":"type-post","3":"status-publish","4":"format-standard","5":"has-post-thumbnail","7":"category-politica"},"yoast_head":"<!-- This site is optimized with the Yoast SEO plugin v27.5 - https:\/\/yoast.com\/product\/yoast-seo-wordpress\/ -->\n<title>Ministra destac\u00f3 capacidad de mujeres para formular preceptos de igualdad - .::Agencia IP::.<\/title>\n<meta name=\"robots\" content=\"index, follow, max-snippet:-1, max-image-preview:large, max-video-preview:-1\" \/>\n<link rel=\"canonical\" href=\"https:\/\/www.ip.gov.py\/ip\/2015\/03\/12\/ministra-destaco-capacidad-de-mujeres-para-formular-preceptos-de-igualdad\/\" \/>\n<meta property=\"og:locale\" content=\"es_ES\" \/>\n<meta property=\"og:type\" content=\"article\" \/>\n<meta property=\"og:title\" content=\"Ministra destac\u00f3 capacidad de mujeres para formular preceptos de igualdad - .::Agencia IP::.\" \/>\n<meta property=\"og:description\" content=\"Asunci\u00f3n, IP.- Este mi\u00e9rcoles, Paraguay tuvo su intervenci\u00f3n ante el 59 periodo de sesiones de la Comisi\u00f3n de la Condici\u00f3n Social y Jur\u00eddica de la Mujer (CSW) representada por la ministra Ana Mar\u00eca Baiardi que destac\u00f3 la capacidad de los movimientos de mujeres para formular preceptos de igualdad. La actividad se desarrolla del 09 al [&hellip;]\" \/>\n<meta property=\"og:url\" content=\"https:\/\/www.ip.gov.py\/ip\/2015\/03\/12\/ministra-destaco-capacidad-de-mujeres-para-formular-preceptos-de-igualdad\/\" \/>\n<meta property=\"og:site_name\" content=\".::Agencia IP::.\" \/>\n<meta property=\"article:publisher\" content=\"https:\/\/www.facebook.com\/IPParaguay\/\" \/>\n<meta property=\"article:published_time\" content=\"2015-03-12T10:59:57+00:00\" \/>\n<meta property=\"og:image\" content=\"https:\/\/www.ip.gov.py\/ip\/wp-content\/uploads\/2015\/03\/Baiardi-en-NY.jpg\" \/>\n\t<meta property=\"og:image:width\" content=\"540\" \/>\n\t<meta property=\"og:image:height\" content=\"595\" \/>\n\t<meta property=\"og:image:type\" content=\"image\/jpeg\" \/>\n<meta name=\"author\" content=\"Lorena FLores\" \/>\n<meta name=\"twitter:card\" content=\"summary_large_image\" \/>\n<meta name=\"twitter:creator\" content=\"@IPParaguay\" \/>\n<meta name=\"twitter:site\" content=\"@IPParaguay\" \/>\n<meta name=\"twitter:label1\" content=\"Escrito por\" \/>\n\t<meta name=\"twitter:data1\" content=\"Lorena FLores\" \/>\n\t<meta name=\"twitter:label2\" content=\"Tiempo de lectura\" \/>\n\t<meta name=\"twitter:data2\" content=\"2 minutos\" \/>\n<script type=\"application\/ld+json\" class=\"yoast-schema-graph\">{\"@context\":\"https:\\\/\\\/schema.org\",\"@graph\":[{\"@type\":\"Article\",\"@id\":\"https:\\\/\\\/www.ip.gov.py\\\/ip\\\/2015\\\/03\\\/12\\\/ministra-destaco-capacidad-de-mujeres-para-formular-preceptos-de-igualdad\\\/#article\",\"isPartOf\":{\"@id\":\"https:\\\/\\\/www.ip.gov.py\\\/ip\\\/2015\\\/03\\\/12\\\/ministra-destaco-capacidad-de-mujeres-para-formular-preceptos-de-igualdad\\\/\"},\"author\":{\"name\":\"Lorena FLores\",\"@id\":\"https:\\\/\\\/www.ip.gov.py\\\/ip\\\/#\\\/schema\\\/person\\\/b6c3764e56c4e0180b10787cbf3f1294\"},\"headline\":\"Ministra destac\u00f3 capacidad de mujeres para formular preceptos de igualdad\",\"datePublished\":\"2015-03-12T10:59:57+00:00\",\"mainEntityOfPage\":{\"@id\":\"https:\\\/\\\/www.ip.gov.py\\\/ip\\\/2015\\\/03\\\/12\\\/ministra-destaco-capacidad-de-mujeres-para-formular-preceptos-de-igualdad\\\/\"},\"wordCount\":338,\"publisher\":{\"@id\":\"https:\\\/\\\/www.ip.gov.py\\\/ip\\\/#organization\"},\"image\":{\"@id\":\"https:\\\/\\\/www.ip.gov.py\\\/ip\\\/2015\\\/03\\\/12\\\/ministra-destaco-capacidad-de-mujeres-para-formular-preceptos-de-igualdad\\\/#primaryimage\"},\"thumbnailUrl\":\"https:\\\/\\\/www.ip.gov.py\\\/ip\\\/wp-content\\\/uploads\\\/2015\\\/03\\\/Baiardi-en-NY.jpg\",\"articleSection\":[\"Pol\u00edtica\"],\"inLanguage\":\"es\"},{\"@type\":\"WebPage\",\"@id\":\"https:\\\/\\\/www.ip.gov.py\\\/ip\\\/2015\\\/03\\\/12\\\/ministra-destaco-capacidad-de-mujeres-para-formular-preceptos-de-igualdad\\\/\",\"url\":\"https:\\\/\\\/www.ip.gov.py\\\/ip\\\/2015\\\/03\\\/12\\\/ministra-destaco-capacidad-de-mujeres-para-formular-preceptos-de-igualdad\\\/\",\"name\":\"Ministra destac\u00f3 capacidad de mujeres para formular preceptos de igualdad - .::Agencia IP::.\",\"isPartOf\":{\"@id\":\"https:\\\/\\\/www.ip.gov.py\\\/ip\\\/#website\"},\"primaryImageOfPage\":{\"@id\":\"https:\\\/\\\/www.ip.gov.py\\\/ip\\\/2015\\\/03\\\/12\\\/ministra-destaco-capacidad-de-mujeres-para-formular-preceptos-de-igualdad\\\/#primaryimage\"},\"image\":{\"@id\":\"https:\\\/\\\/www.ip.gov.py\\\/ip\\\/2015\\\/03\\\/12\\\/ministra-destaco-capacidad-de-mujeres-para-formular-preceptos-de-igualdad\\\/#primaryimage\"},\"thumbnailUrl\":\"https:\\\/\\\/www.ip.gov.py\\\/ip\\\/wp-content\\\/uploads\\\/2015\\\/03\\\/Baiardi-en-NY.jpg\",\"datePublished\":\"2015-03-12T10:59:57+00:00\",\"breadcrumb\":{\"@id\":\"https:\\\/\\\/www.ip.gov.py\\\/ip\\\/2015\\\/03\\\/12\\\/ministra-destaco-capacidad-de-mujeres-para-formular-preceptos-de-igualdad\\\/#breadcrumb\"},\"inLanguage\":\"es\",\"potentialAction\":[{\"@type\":\"ReadAction\",\"target\":[\"https:\\\/\\\/www.ip.gov.py\\\/ip\\\/2015\\\/03\\\/12\\\/ministra-destaco-capacidad-de-mujeres-para-formular-preceptos-de-igualdad\\\/\"]}]},{\"@type\":\"ImageObject\",\"inLanguage\":\"es\",\"@id\":\"https:\\\/\\\/www.ip.gov.py\\\/ip\\\/2015\\\/03\\\/12\\\/ministra-destaco-capacidad-de-mujeres-para-formular-preceptos-de-igualdad\\\/#primaryimage\",\"url\":\"https:\\\/\\\/www.ip.gov.py\\\/ip\\\/wp-content\\\/uploads\\\/2015\\\/03\\\/Baiardi-en-NY.jpg\",\"contentUrl\":\"https:\\\/\\\/www.ip.gov.py\\\/ip\\\/wp-content\\\/uploads\\\/2015\\\/03\\\/Baiardi-en-NY.jpg\",\"width\":540,\"height\":595},{\"@type\":\"BreadcrumbList\",\"@id\":\"https:\\\/\\\/www.ip.gov.py\\\/ip\\\/2015\\\/03\\\/12\\\/ministra-destaco-capacidad-de-mujeres-para-formular-preceptos-de-igualdad\\\/#breadcrumb\",\"itemListElement\":[{\"@type\":\"ListItem\",\"position\":1,\"name\":\"Portada\",\"item\":\"https:\\\/\\\/www.ip.gov.py\\\/ip\\\/\"},{\"@type\":\"ListItem\",\"position\":2,\"name\":\"Ministra destac\u00f3 capacidad de mujeres para formular preceptos de igualdad\"}]},{\"@type\":\"WebSite\",\"@id\":\"https:\\\/\\\/www.ip.gov.py\\\/ip\\\/#website\",\"url\":\"https:\\\/\\\/www.ip.gov.py\\\/ip\\\/\",\"name\":\".::Agencia IP::.\",\"description\":\"\",\"publisher\":{\"@id\":\"https:\\\/\\\/www.ip.gov.py\\\/ip\\\/#organization\"},\"potentialAction\":[{\"@type\":\"SearchAction\",\"target\":{\"@type\":\"EntryPoint\",\"urlTemplate\":\"https:\\\/\\\/www.ip.gov.py\\\/ip\\\/?s={search_term_string}\"},\"query-input\":{\"@type\":\"PropertyValueSpecification\",\"valueRequired\":true,\"valueName\":\"search_term_string\"}}],\"inLanguage\":\"es\"},{\"@type\":\"Organization\",\"@id\":\"https:\\\/\\\/www.ip.gov.py\\\/ip\\\/#organization\",\"name\":\"Agencia IP\",\"url\":\"https:\\\/\\\/www.ip.gov.py\\\/ip\\\/\",\"logo\":{\"@type\":\"ImageObject\",\"inLanguage\":\"es\",\"@id\":\"https:\\\/\\\/www.ip.gov.py\\\/ip\\\/#\\\/schema\\\/logo\\\/image\\\/\",\"url\":\"https:\\\/\\\/www.ip.gov.py\\\/ip\\\/wp-content\\\/uploads\\\/2018\\\/01\\\/Agencia-IP.jpg\",\"contentUrl\":\"https:\\\/\\\/www.ip.gov.py\\\/ip\\\/wp-content\\\/uploads\\\/2018\\\/01\\\/Agencia-IP.jpg\",\"width\":150,\"height\":150,\"caption\":\"Agencia IP\"},\"image\":{\"@id\":\"https:\\\/\\\/www.ip.gov.py\\\/ip\\\/#\\\/schema\\\/logo\\\/image\\\/\"},\"sameAs\":[\"https:\\\/\\\/www.facebook.com\\\/IPParaguay\\\/\",\"https:\\\/\\\/x.com\\\/IPParaguay\",\"https:\\\/\\\/www.instagram.com\\\/IPParaguay\"]},{\"@type\":\"Person\",\"@id\":\"https:\\\/\\\/www.ip.gov.py\\\/ip\\\/#\\\/schema\\\/person\\\/b6c3764e56c4e0180b10787cbf3f1294\",\"name\":\"Lorena FLores\",\"url\":\"https:\\\/\\\/www.ip.gov.py\\\/ip\\\/author\\\/lflores\\\/\"}]}<\/script>\n<!-- \/ Yoast SEO plugin. -->","yoast_head_json":{"title":"Ministra destac\u00f3 capacidad de mujeres para formular preceptos de igualdad - .::Agencia IP::.","robots":{"index":"index","follow":"follow","max-snippet":"max-snippet:-1","max-image-preview":"max-image-preview:large","max-video-preview":"max-video-preview:-1"},"canonical":"https:\/\/www.ip.gov.py\/ip\/2015\/03\/12\/ministra-destaco-capacidad-de-mujeres-para-formular-preceptos-de-igualdad\/","og_locale":"es_ES","og_type":"article","og_title":"Ministra destac\u00f3 capacidad de mujeres para formular preceptos de igualdad - .::Agencia IP::.","og_description":"Asunci\u00f3n, IP.- Este mi\u00e9rcoles, Paraguay tuvo su intervenci\u00f3n ante el 59 periodo de sesiones de la Comisi\u00f3n de la Condici\u00f3n Social y Jur\u00eddica de la Mujer (CSW) representada por la ministra Ana Mar\u00eca Baiardi que destac\u00f3 la capacidad de los movimientos de mujeres para formular preceptos de igualdad. La actividad se desarrolla del 09 al [&hellip;]","og_url":"https:\/\/www.ip.gov.py\/ip\/2015\/03\/12\/ministra-destaco-capacidad-de-mujeres-para-formular-preceptos-de-igualdad\/","og_site_name":".::Agencia IP::.","article_publisher":"https:\/\/www.facebook.com\/IPParaguay\/","article_published_time":"2015-03-12T10:59:57+00:00","og_image":[{"width":540,"height":595,"url":"https:\/\/www.ip.gov.py\/ip\/wp-content\/uploads\/2015\/03\/Baiardi-en-NY.jpg","type":"image\/jpeg"}],"author":"Lorena FLores","twitter_card":"summary_large_image","twitter_creator":"@IPParaguay","twitter_site":"@IPParaguay","twitter_misc":{"Escrito por":"Lorena FLores","Tiempo de lectura":"2 minutos"},"schema":{"@context":"https:\/\/schema.org","@graph":[{"@type":"Article","@id":"https:\/\/www.ip.gov.py\/ip\/2015\/03\/12\/ministra-destaco-capacidad-de-mujeres-para-formular-preceptos-de-igualdad\/#article","isPartOf":{"@id":"https:\/\/www.ip.gov.py\/ip\/2015\/03\/12\/ministra-destaco-capacidad-de-mujeres-para-formular-preceptos-de-igualdad\/"},"author":{"name":"Lorena FLores","@id":"https:\/\/www.ip.gov.py\/ip\/#\/schema\/person\/b6c3764e56c4e0180b10787cbf3f1294"},"headline":"Ministra destac\u00f3 capacidad de mujeres para formular preceptos de igualdad","datePublished":"2015-03-12T10:59:57+00:00","mainEntityOfPage":{"@id":"https:\/\/www.ip.gov.py\/ip\/2015\/03\/12\/ministra-destaco-capacidad-de-mujeres-para-formular-preceptos-de-igualdad\/"},"wordCount":338,"publisher":{"@id":"https:\/\/www.ip.gov.py\/ip\/#organization"},"image":{"@id":"https:\/\/www.ip.gov.py\/ip\/2015\/03\/12\/ministra-destaco-capacidad-de-mujeres-para-formular-preceptos-de-igualdad\/#primaryimage"},"thumbnailUrl":"https:\/\/www.ip.gov.py\/ip\/wp-content\/uploads\/2015\/03\/Baiardi-en-NY.jpg","articleSection":["Pol\u00edtica"],"inLanguage":"es"},{"@type":"WebPage","@id":"https:\/\/www.ip.gov.py\/ip\/2015\/03\/12\/ministra-destaco-capacidad-de-mujeres-para-formular-preceptos-de-igualdad\/","url":"https:\/\/www.ip.gov.py\/ip\/2015\/03\/12\/ministra-destaco-capacidad-de-mujeres-para-formular-preceptos-de-igualdad\/","name":"Ministra destac\u00f3 capacidad de mujeres para formular preceptos de igualdad - .::Agencia IP::.","isPartOf":{"@id":"https:\/\/www.ip.gov.py\/ip\/#website"},"primaryImageOfPage":{"@id":"https:\/\/www.ip.gov.py\/ip\/2015\/03\/12\/ministra-destaco-capacidad-de-mujeres-para-formular-preceptos-de-igualdad\/#primaryimage"},"image":{"@id":"https:\/\/www.ip.gov.py\/ip\/2015\/03\/12\/ministra-destaco-capacidad-de-mujeres-para-formular-preceptos-de-igualdad\/#primaryimage"},"thumbnailUrl":"https:\/\/www.ip.gov.py\/ip\/wp-content\/uploads\/2015\/03\/Baiardi-en-NY.jpg","datePublished":"2015-03-12T10:59:57+00:00","breadcrumb":{"@id":"https:\/\/www.ip.gov.py\/ip\/2015\/03\/12\/ministra-destaco-capacidad-de-mujeres-para-formular-preceptos-de-igualdad\/#breadcrumb"},"inLanguage":"es","potentialAction":[{"@type":"ReadAction","target":["https:\/\/www.ip.gov.py\/ip\/2015\/03\/12\/ministra-destaco-capacidad-de-mujeres-para-formular-preceptos-de-igualdad\/"]}]},{"@type":"ImageObject","inLanguage":"es","@id":"https:\/\/www.ip.gov.py\/ip\/2015\/03\/12\/ministra-destaco-capacidad-de-mujeres-para-formular-preceptos-de-igualdad\/#primaryimage","url":"https:\/\/www.ip.gov.py\/ip\/wp-content\/uploads\/2015\/03\/Baiardi-en-NY.jpg","contentUrl":"https:\/\/www.ip.gov.py\/ip\/wp-content\/uploads\/2015\/03\/Baiardi-en-NY.jpg","width":540,"height":595},{"@type":"BreadcrumbList","@id":"https:\/\/www.ip.gov.py\/ip\/2015\/03\/12\/ministra-destaco-capacidad-de-mujeres-para-formular-preceptos-de-igualdad\/#breadcrumb","itemListElement":[{"@type":"ListItem","position":1,"name":"Portada","item":"https:\/\/www.ip.gov.py\/ip\/"},{"@type":"ListItem","position":2,"name":"Ministra destac\u00f3 capacidad de mujeres para formular preceptos de igualdad"}]},{"@type":"WebSite","@id":"https:\/\/www.ip.gov.py\/ip\/#website","url":"https:\/\/www.ip.gov.py\/ip\/","name":".::Agencia IP::.","description":"","publisher":{"@id":"https:\/\/www.ip.gov.py\/ip\/#organization"},"potentialAction":[{"@type":"SearchAction","target":{"@type":"EntryPoint","urlTemplate":"https:\/\/www.ip.gov.py\/ip\/?s={search_term_string}"},"query-input":{"@type":"PropertyValueSpecification","valueRequired":true,"valueName":"search_term_string"}}],"inLanguage":"es"},{"@type":"Organization","@id":"https:\/\/www.ip.gov.py\/ip\/#organization","name":"Agencia IP","url":"https:\/\/www.ip.gov.py\/ip\/","logo":{"@type":"ImageObject","inLanguage":"es","@id":"https:\/\/www.ip.gov.py\/ip\/#\/schema\/logo\/image\/","url":"https:\/\/www.ip.gov.py\/ip\/wp-content\/uploads\/2018\/01\/Agencia-IP.jpg","contentUrl":"https:\/\/www.ip.gov.py\/ip\/wp-content\/uploads\/2018\/01\/Agencia-IP.jpg","width":150,"height":150,"caption":"Agencia IP"},"image":{"@id":"https:\/\/www.ip.gov.py\/ip\/#\/schema\/logo\/image\/"},"sameAs":["https:\/\/www.facebook.com\/IPParaguay\/","https:\/\/x.com\/IPParaguay","https:\/\/www.instagram.com\/IPParaguay"]},{"@type":"Person","@id":"https:\/\/www.ip.gov.py\/ip\/#\/schema\/person\/b6c3764e56c4e0180b10787cbf3f1294","name":"Lorena FLores","url":"https:\/\/www.ip.gov.py\/ip\/author\/lflores\/"}]}},"_links":{"self":[{"href":"https:\/\/www.ip.gov.py\/ip\/wp-json\/wp\/v2\/posts\/7518","targetHints":{"allow":["GET"]}}],"collection":[{"href":"https:\/\/www.ip.gov.py\/ip\/wp-json\/wp\/v2\/posts"}],"about":[{"href":"https:\/\/www.ip.gov.py\/ip\/wp-json\/wp\/v2\/types\/post"}],"author":[{"embeddable":true,"href":"https:\/\/www.ip.gov.py\/ip\/wp-json\/wp\/v2\/users\/13"}],"replies":[{"embeddable":true,"href":"https:\/\/www.ip.gov.py\/ip\/wp-json\/wp\/v2\/comments?post=7518"}],"version-history":[{"count":0,"href":"https:\/\/www.ip.gov.py\/ip\/wp-json\/wp\/v2\/posts\/7518\/revisions"}],"wp:featuredmedia":[{"embeddable":true,"href":"https:\/\/www.ip.gov.py\/ip\/wp-json\/wp\/v2\/media\/7534"}],"wp:attachment":[{"href":"https:\/\/www.ip.gov.py\/ip\/wp-json\/wp\/v2\/media?parent=7518"}],"wp:term":[{"taxonomy":"category","embeddable":true,"href":"https:\/\/www.ip.gov.py\/ip\/wp-json\/wp\/v2\/categories?post=7518"},{"taxonomy":"post_tag","embeddable":true,"href":"https:\/\/www.ip.gov.py\/ip\/wp-json\/wp\/v2\/tags?post=7518"}],"curies":[{"name":"wp","href":"https:\/\/api.w.org\/{rel}","templated":true}]}}