{"id":75535,"date":"2016-01-13T06:47:02","date_gmt":"2016-01-13T09:47:02","guid":{"rendered":"http:\/\/desarrollo.ip.gov.py\/ip\/?p=75535"},"modified":"2016-01-13T06:50:41","modified_gmt":"2016-01-13T09:50:41","slug":"primer-carnaval-inclusivo-se-vivira-en-villarrica","status":"publish","type":"post","link":"https:\/\/www.ip.gov.py\/ip\/2016\/01\/13\/primer-carnaval-inclusivo-se-vivira-en-villarrica\/","title":{"rendered":"Primer carnaval inclusivo se vivir\u00e1 en Villarrica"},"content":{"rendered":"<p style=\"text-align: justify;\"><em><strong>Asunci\u00f3n, IP.-<\/strong> <\/em>El pr\u00f3ximo 29 de enero arranca el carnaval guaire\u00f1o, que en esta edici\u00f3n contar\u00e1 con la participaci\u00f3n de la comparsa de voluntarios y personas con discapacidad, con el lema \u201cInclusi\u00f3n Social\u201d.<!--more--><\/p>\n<p style=\"text-align: justify;\">El carnaval se realizar\u00e1 durante dos fines de semana, es decir el 29-30 de enero y el 5 y 6 de febrero y como cada a\u00f1o, vienen cargados de color, alegr\u00eda e importante movimiento econ\u00f3mico por la gran cantidad de turistas que atrae.<\/p>\n<p style=\"text-align: justify;\">Esta edici\u00f3n del carnaval guaire\u00f1o contar\u00e1 con la participaci\u00f3n de la comparsa de voluntarios y personas con discapacidad en las noches carnavalescas, con el lema \u201cInclusi\u00f3n Social\u201d, incentivando el respeto a todas las personas.<\/p>\n<p style=\"text-align: justify;\">La participaci\u00f3n de las personas con discapacidad, e inclusive con sillas de ruedas estar\u00e1n dentro de una comparsa donde cada uno de ellos contar\u00e1 con disfraces. Adem\u00e1s presentar\u00e1n distintos mensajes inclusivos durante su pasada. \u201cLa idea es que ellos se sientan c\u00f3modos y se diviertan, todo dentro del marco del respeto\u201d, explic\u00f3 Nelson Prieto, organizador.<\/p>\n<p style=\"text-align: justify;\">La Secretar\u00eda Nacional de Turismo (Senatur) declar\u00f3 esta actividad de Inter\u00e9s Tur\u00edstico Nacional por Resoluci\u00f3n N\u00b0 08\/15.<\/p>\n<p style=\"text-align: justify;\">Las entradas tienen un valor de guaran\u00edes 15.000 a 50.000 en enero y de 15.000 a 60.000 en febrero y pueden adquirirse a trav\u00e9s de ticketea.<\/p>\n<p style=\"text-align: justify;\">\n","protected":false},"excerpt":{"rendered":"<p>Asunci\u00f3n, IP.- El pr\u00f3ximo 29 de enero arranca el carnaval guaire\u00f1o, que en esta edici\u00f3n contar\u00e1 con la participaci\u00f3n de la comparsa de voluntarios y personas con discapacidad, con el lema \u201cInclusi\u00f3n Social\u201d.<\/p>\n","protected":false},"author":7,"featured_media":75538,"comment_status":"closed","ping_status":"closed","sticky":false,"template":"","format":"standard","meta":{"_monsterinsights_skip_tracking":false,"_monsterinsights_sitenote_active":false,"_monsterinsights_sitenote_note":"","_monsterinsights_sitenote_category":0,"footnotes":""},"categories":[4],"tags":[],"class_list":{"0":"post-75535","1":"post","2":"type-post","3":"status-publish","4":"format-standard","5":"has-post-thumbnail","7":"category-nacionales"},"yoast_head":"<!-- This site is optimized with the Yoast SEO plugin v27.5 - https:\/\/yoast.com\/product\/yoast-seo-wordpress\/ -->\n<title>Primer carnaval inclusivo se vivir\u00e1 en Villarrica - .::Agencia IP::.<\/title>\n<meta name=\"robots\" content=\"index, follow, max-snippet:-1, max-image-preview:large, max-video-preview:-1\" \/>\n<link rel=\"canonical\" href=\"https:\/\/www.ip.gov.py\/ip\/2016\/01\/13\/primer-carnaval-inclusivo-se-vivira-en-villarrica\/\" \/>\n<meta property=\"og:locale\" content=\"es_ES\" \/>\n<meta property=\"og:type\" content=\"article\" \/>\n<meta property=\"og:title\" content=\"Primer carnaval inclusivo se vivir\u00e1 en Villarrica - .::Agencia IP::.\" \/>\n<meta property=\"og:description\" content=\"Asunci\u00f3n, IP.- El pr\u00f3ximo 29 de enero arranca el carnaval guaire\u00f1o, que en esta edici\u00f3n contar\u00e1 con la participaci\u00f3n de la comparsa de voluntarios y personas con discapacidad, con el lema \u201cInclusi\u00f3n Social\u201d.\" \/>\n<meta property=\"og:url\" content=\"https:\/\/www.ip.gov.py\/ip\/2016\/01\/13\/primer-carnaval-inclusivo-se-vivira-en-villarrica\/\" \/>\n<meta property=\"og:site_name\" content=\".::Agencia IP::.\" \/>\n<meta property=\"article:publisher\" content=\"https:\/\/www.facebook.com\/IPParaguay\/\" \/>\n<meta property=\"article:published_time\" content=\"2016-01-13T09:47:02+00:00\" \/>\n<meta property=\"article:modified_time\" content=\"2016-01-13T09:50:41+00:00\" \/>\n<meta property=\"og:image\" content=\"https:\/\/www.ip.gov.py\/ip\/wp-content\/uploads\/2016\/01\/carnaval_guaire\u00f1o.jpg\" \/>\n\t<meta property=\"og:image:width\" content=\"720\" \/>\n\t<meta property=\"og:image:height\" content=\"478\" \/>\n\t<meta property=\"og:image:type\" content=\"image\/jpeg\" \/>\n<meta name=\"author\" content=\"Karina L\u00f3pez\" \/>\n<meta name=\"twitter:card\" content=\"summary_large_image\" \/>\n<meta name=\"twitter:creator\" content=\"@IPParaguay\" \/>\n<meta name=\"twitter:site\" content=\"@IPParaguay\" \/>\n<meta name=\"twitter:label1\" content=\"Escrito por\" \/>\n\t<meta name=\"twitter:data1\" content=\"Karina L\u00f3pez\" \/>\n\t<meta name=\"twitter:label2\" content=\"Tiempo de lectura\" \/>\n\t<meta name=\"twitter:data2\" content=\"1 minuto\" \/>\n<script type=\"application\/ld+json\" class=\"yoast-schema-graph\">{\"@context\":\"https:\\\/\\\/schema.org\",\"@graph\":[{\"@type\":\"Article\",\"@id\":\"https:\\\/\\\/www.ip.gov.py\\\/ip\\\/2016\\\/01\\\/13\\\/primer-carnaval-inclusivo-se-vivira-en-villarrica\\\/#article\",\"isPartOf\":{\"@id\":\"https:\\\/\\\/www.ip.gov.py\\\/ip\\\/2016\\\/01\\\/13\\\/primer-carnaval-inclusivo-se-vivira-en-villarrica\\\/\"},\"author\":{\"name\":\"Karina L\u00f3pez\",\"@id\":\"https:\\\/\\\/www.ip.gov.py\\\/ip\\\/#\\\/schema\\\/person\\\/613765cf13d420d448042e6802220539\"},\"headline\":\"Primer carnaval inclusivo se vivir\u00e1 en Villarrica\",\"datePublished\":\"2016-01-13T09:47:02+00:00\",\"dateModified\":\"2016-01-13T09:50:41+00:00\",\"mainEntityOfPage\":{\"@id\":\"https:\\\/\\\/www.ip.gov.py\\\/ip\\\/2016\\\/01\\\/13\\\/primer-carnaval-inclusivo-se-vivira-en-villarrica\\\/\"},\"wordCount\":232,\"publisher\":{\"@id\":\"https:\\\/\\\/www.ip.gov.py\\\/ip\\\/#organization\"},\"image\":{\"@id\":\"https:\\\/\\\/www.ip.gov.py\\\/ip\\\/2016\\\/01\\\/13\\\/primer-carnaval-inclusivo-se-vivira-en-villarrica\\\/#primaryimage\"},\"thumbnailUrl\":\"https:\\\/\\\/www.ip.gov.py\\\/ip\\\/wp-content\\\/uploads\\\/2016\\\/01\\\/carnaval_guaire\u00f1o.jpg\",\"articleSection\":[\"Nacionales\"],\"inLanguage\":\"es\"},{\"@type\":\"WebPage\",\"@id\":\"https:\\\/\\\/www.ip.gov.py\\\/ip\\\/2016\\\/01\\\/13\\\/primer-carnaval-inclusivo-se-vivira-en-villarrica\\\/\",\"url\":\"https:\\\/\\\/www.ip.gov.py\\\/ip\\\/2016\\\/01\\\/13\\\/primer-carnaval-inclusivo-se-vivira-en-villarrica\\\/\",\"name\":\"Primer carnaval inclusivo se vivir\u00e1 en Villarrica - .::Agencia IP::.\",\"isPartOf\":{\"@id\":\"https:\\\/\\\/www.ip.gov.py\\\/ip\\\/#website\"},\"primaryImageOfPage\":{\"@id\":\"https:\\\/\\\/www.ip.gov.py\\\/ip\\\/2016\\\/01\\\/13\\\/primer-carnaval-inclusivo-se-vivira-en-villarrica\\\/#primaryimage\"},\"image\":{\"@id\":\"https:\\\/\\\/www.ip.gov.py\\\/ip\\\/2016\\\/01\\\/13\\\/primer-carnaval-inclusivo-se-vivira-en-villarrica\\\/#primaryimage\"},\"thumbnailUrl\":\"https:\\\/\\\/www.ip.gov.py\\\/ip\\\/wp-content\\\/uploads\\\/2016\\\/01\\\/carnaval_guaire\u00f1o.jpg\",\"datePublished\":\"2016-01-13T09:47:02+00:00\",\"dateModified\":\"2016-01-13T09:50:41+00:00\",\"breadcrumb\":{\"@id\":\"https:\\\/\\\/www.ip.gov.py\\\/ip\\\/2016\\\/01\\\/13\\\/primer-carnaval-inclusivo-se-vivira-en-villarrica\\\/#breadcrumb\"},\"inLanguage\":\"es\",\"potentialAction\":[{\"@type\":\"ReadAction\",\"target\":[\"https:\\\/\\\/www.ip.gov.py\\\/ip\\\/2016\\\/01\\\/13\\\/primer-carnaval-inclusivo-se-vivira-en-villarrica\\\/\"]}]},{\"@type\":\"ImageObject\",\"inLanguage\":\"es\",\"@id\":\"https:\\\/\\\/www.ip.gov.py\\\/ip\\\/2016\\\/01\\\/13\\\/primer-carnaval-inclusivo-se-vivira-en-villarrica\\\/#primaryimage\",\"url\":\"https:\\\/\\\/www.ip.gov.py\\\/ip\\\/wp-content\\\/uploads\\\/2016\\\/01\\\/carnaval_guaire\u00f1o.jpg\",\"contentUrl\":\"https:\\\/\\\/www.ip.gov.py\\\/ip\\\/wp-content\\\/uploads\\\/2016\\\/01\\\/carnaval_guaire\u00f1o.jpg\",\"width\":720,\"height\":478},{\"@type\":\"BreadcrumbList\",\"@id\":\"https:\\\/\\\/www.ip.gov.py\\\/ip\\\/2016\\\/01\\\/13\\\/primer-carnaval-inclusivo-se-vivira-en-villarrica\\\/#breadcrumb\",\"itemListElement\":[{\"@type\":\"ListItem\",\"position\":1,\"name\":\"Portada\",\"item\":\"https:\\\/\\\/www.ip.gov.py\\\/ip\\\/\"},{\"@type\":\"ListItem\",\"position\":2,\"name\":\"Primer carnaval inclusivo se vivir\u00e1 en Villarrica\"}]},{\"@type\":\"WebSite\",\"@id\":\"https:\\\/\\\/www.ip.gov.py\\\/ip\\\/#website\",\"url\":\"https:\\\/\\\/www.ip.gov.py\\\/ip\\\/\",\"name\":\".::Agencia IP::.\",\"description\":\"\",\"publisher\":{\"@id\":\"https:\\\/\\\/www.ip.gov.py\\\/ip\\\/#organization\"},\"potentialAction\":[{\"@type\":\"SearchAction\",\"target\":{\"@type\":\"EntryPoint\",\"urlTemplate\":\"https:\\\/\\\/www.ip.gov.py\\\/ip\\\/?s={search_term_string}\"},\"query-input\":{\"@type\":\"PropertyValueSpecification\",\"valueRequired\":true,\"valueName\":\"search_term_string\"}}],\"inLanguage\":\"es\"},{\"@type\":\"Organization\",\"@id\":\"https:\\\/\\\/www.ip.gov.py\\\/ip\\\/#organization\",\"name\":\"Agencia IP\",\"url\":\"https:\\\/\\\/www.ip.gov.py\\\/ip\\\/\",\"logo\":{\"@type\":\"ImageObject\",\"inLanguage\":\"es\",\"@id\":\"https:\\\/\\\/www.ip.gov.py\\\/ip\\\/#\\\/schema\\\/logo\\\/image\\\/\",\"url\":\"https:\\\/\\\/www.ip.gov.py\\\/ip\\\/wp-content\\\/uploads\\\/2018\\\/01\\\/Agencia-IP.jpg\",\"contentUrl\":\"https:\\\/\\\/www.ip.gov.py\\\/ip\\\/wp-content\\\/uploads\\\/2018\\\/01\\\/Agencia-IP.jpg\",\"width\":150,\"height\":150,\"caption\":\"Agencia IP\"},\"image\":{\"@id\":\"https:\\\/\\\/www.ip.gov.py\\\/ip\\\/#\\\/schema\\\/logo\\\/image\\\/\"},\"sameAs\":[\"https:\\\/\\\/www.facebook.com\\\/IPParaguay\\\/\",\"https:\\\/\\\/x.com\\\/IPParaguay\",\"https:\\\/\\\/www.instagram.com\\\/IPParaguay\"]},{\"@type\":\"Person\",\"@id\":\"https:\\\/\\\/www.ip.gov.py\\\/ip\\\/#\\\/schema\\\/person\\\/613765cf13d420d448042e6802220539\",\"name\":\"Karina L\u00f3pez\",\"url\":\"https:\\\/\\\/www.ip.gov.py\\\/ip\\\/author\\\/klopez\\\/\"}]}<\/script>\n<!-- \/ Yoast SEO plugin. -->","yoast_head_json":{"title":"Primer carnaval inclusivo se vivir\u00e1 en Villarrica - .::Agencia IP::.","robots":{"index":"index","follow":"follow","max-snippet":"max-snippet:-1","max-image-preview":"max-image-preview:large","max-video-preview":"max-video-preview:-1"},"canonical":"https:\/\/www.ip.gov.py\/ip\/2016\/01\/13\/primer-carnaval-inclusivo-se-vivira-en-villarrica\/","og_locale":"es_ES","og_type":"article","og_title":"Primer carnaval inclusivo se vivir\u00e1 en Villarrica - .::Agencia IP::.","og_description":"Asunci\u00f3n, IP.- El pr\u00f3ximo 29 de enero arranca el carnaval guaire\u00f1o, que en esta edici\u00f3n contar\u00e1 con la participaci\u00f3n de la comparsa de voluntarios y personas con discapacidad, con el lema \u201cInclusi\u00f3n Social\u201d.","og_url":"https:\/\/www.ip.gov.py\/ip\/2016\/01\/13\/primer-carnaval-inclusivo-se-vivira-en-villarrica\/","og_site_name":".::Agencia IP::.","article_publisher":"https:\/\/www.facebook.com\/IPParaguay\/","article_published_time":"2016-01-13T09:47:02+00:00","article_modified_time":"2016-01-13T09:50:41+00:00","og_image":[{"width":720,"height":478,"url":"https:\/\/www.ip.gov.py\/ip\/wp-content\/uploads\/2016\/01\/carnaval_guaire\u00f1o.jpg","type":"image\/jpeg"}],"author":"Karina L\u00f3pez","twitter_card":"summary_large_image","twitter_creator":"@IPParaguay","twitter_site":"@IPParaguay","twitter_misc":{"Escrito por":"Karina L\u00f3pez","Tiempo de lectura":"1 minuto"},"schema":{"@context":"https:\/\/schema.org","@graph":[{"@type":"Article","@id":"https:\/\/www.ip.gov.py\/ip\/2016\/01\/13\/primer-carnaval-inclusivo-se-vivira-en-villarrica\/#article","isPartOf":{"@id":"https:\/\/www.ip.gov.py\/ip\/2016\/01\/13\/primer-carnaval-inclusivo-se-vivira-en-villarrica\/"},"author":{"name":"Karina L\u00f3pez","@id":"https:\/\/www.ip.gov.py\/ip\/#\/schema\/person\/613765cf13d420d448042e6802220539"},"headline":"Primer carnaval inclusivo se vivir\u00e1 en Villarrica","datePublished":"2016-01-13T09:47:02+00:00","dateModified":"2016-01-13T09:50:41+00:00","mainEntityOfPage":{"@id":"https:\/\/www.ip.gov.py\/ip\/2016\/01\/13\/primer-carnaval-inclusivo-se-vivira-en-villarrica\/"},"wordCount":232,"publisher":{"@id":"https:\/\/www.ip.gov.py\/ip\/#organization"},"image":{"@id":"https:\/\/www.ip.gov.py\/ip\/2016\/01\/13\/primer-carnaval-inclusivo-se-vivira-en-villarrica\/#primaryimage"},"thumbnailUrl":"https:\/\/www.ip.gov.py\/ip\/wp-content\/uploads\/2016\/01\/carnaval_guaire\u00f1o.jpg","articleSection":["Nacionales"],"inLanguage":"es"},{"@type":"WebPage","@id":"https:\/\/www.ip.gov.py\/ip\/2016\/01\/13\/primer-carnaval-inclusivo-se-vivira-en-villarrica\/","url":"https:\/\/www.ip.gov.py\/ip\/2016\/01\/13\/primer-carnaval-inclusivo-se-vivira-en-villarrica\/","name":"Primer carnaval inclusivo se vivir\u00e1 en Villarrica - .::Agencia IP::.","isPartOf":{"@id":"https:\/\/www.ip.gov.py\/ip\/#website"},"primaryImageOfPage":{"@id":"https:\/\/www.ip.gov.py\/ip\/2016\/01\/13\/primer-carnaval-inclusivo-se-vivira-en-villarrica\/#primaryimage"},"image":{"@id":"https:\/\/www.ip.gov.py\/ip\/2016\/01\/13\/primer-carnaval-inclusivo-se-vivira-en-villarrica\/#primaryimage"},"thumbnailUrl":"https:\/\/www.ip.gov.py\/ip\/wp-content\/uploads\/2016\/01\/carnaval_guaire\u00f1o.jpg","datePublished":"2016-01-13T09:47:02+00:00","dateModified":"2016-01-13T09:50:41+00:00","breadcrumb":{"@id":"https:\/\/www.ip.gov.py\/ip\/2016\/01\/13\/primer-carnaval-inclusivo-se-vivira-en-villarrica\/#breadcrumb"},"inLanguage":"es","potentialAction":[{"@type":"ReadAction","target":["https:\/\/www.ip.gov.py\/ip\/2016\/01\/13\/primer-carnaval-inclusivo-se-vivira-en-villarrica\/"]}]},{"@type":"ImageObject","inLanguage":"es","@id":"https:\/\/www.ip.gov.py\/ip\/2016\/01\/13\/primer-carnaval-inclusivo-se-vivira-en-villarrica\/#primaryimage","url":"https:\/\/www.ip.gov.py\/ip\/wp-content\/uploads\/2016\/01\/carnaval_guaire\u00f1o.jpg","contentUrl":"https:\/\/www.ip.gov.py\/ip\/wp-content\/uploads\/2016\/01\/carnaval_guaire\u00f1o.jpg","width":720,"height":478},{"@type":"BreadcrumbList","@id":"https:\/\/www.ip.gov.py\/ip\/2016\/01\/13\/primer-carnaval-inclusivo-se-vivira-en-villarrica\/#breadcrumb","itemListElement":[{"@type":"ListItem","position":1,"name":"Portada","item":"https:\/\/www.ip.gov.py\/ip\/"},{"@type":"ListItem","position":2,"name":"Primer carnaval inclusivo se vivir\u00e1 en Villarrica"}]},{"@type":"WebSite","@id":"https:\/\/www.ip.gov.py\/ip\/#website","url":"https:\/\/www.ip.gov.py\/ip\/","name":".::Agencia IP::.","description":"","publisher":{"@id":"https:\/\/www.ip.gov.py\/ip\/#organization"},"potentialAction":[{"@type":"SearchAction","target":{"@type":"EntryPoint","urlTemplate":"https:\/\/www.ip.gov.py\/ip\/?s={search_term_string}"},"query-input":{"@type":"PropertyValueSpecification","valueRequired":true,"valueName":"search_term_string"}}],"inLanguage":"es"},{"@type":"Organization","@id":"https:\/\/www.ip.gov.py\/ip\/#organization","name":"Agencia IP","url":"https:\/\/www.ip.gov.py\/ip\/","logo":{"@type":"ImageObject","inLanguage":"es","@id":"https:\/\/www.ip.gov.py\/ip\/#\/schema\/logo\/image\/","url":"https:\/\/www.ip.gov.py\/ip\/wp-content\/uploads\/2018\/01\/Agencia-IP.jpg","contentUrl":"https:\/\/www.ip.gov.py\/ip\/wp-content\/uploads\/2018\/01\/Agencia-IP.jpg","width":150,"height":150,"caption":"Agencia IP"},"image":{"@id":"https:\/\/www.ip.gov.py\/ip\/#\/schema\/logo\/image\/"},"sameAs":["https:\/\/www.facebook.com\/IPParaguay\/","https:\/\/x.com\/IPParaguay","https:\/\/www.instagram.com\/IPParaguay"]},{"@type":"Person","@id":"https:\/\/www.ip.gov.py\/ip\/#\/schema\/person\/613765cf13d420d448042e6802220539","name":"Karina L\u00f3pez","url":"https:\/\/www.ip.gov.py\/ip\/author\/klopez\/"}]}},"_links":{"self":[{"href":"https:\/\/www.ip.gov.py\/ip\/wp-json\/wp\/v2\/posts\/75535","targetHints":{"allow":["GET"]}}],"collection":[{"href":"https:\/\/www.ip.gov.py\/ip\/wp-json\/wp\/v2\/posts"}],"about":[{"href":"https:\/\/www.ip.gov.py\/ip\/wp-json\/wp\/v2\/types\/post"}],"author":[{"embeddable":true,"href":"https:\/\/www.ip.gov.py\/ip\/wp-json\/wp\/v2\/users\/7"}],"replies":[{"embeddable":true,"href":"https:\/\/www.ip.gov.py\/ip\/wp-json\/wp\/v2\/comments?post=75535"}],"version-history":[{"count":0,"href":"https:\/\/www.ip.gov.py\/ip\/wp-json\/wp\/v2\/posts\/75535\/revisions"}],"wp:featuredmedia":[{"embeddable":true,"href":"https:\/\/www.ip.gov.py\/ip\/wp-json\/wp\/v2\/media\/75538"}],"wp:attachment":[{"href":"https:\/\/www.ip.gov.py\/ip\/wp-json\/wp\/v2\/media?parent=75535"}],"wp:term":[{"taxonomy":"category","embeddable":true,"href":"https:\/\/www.ip.gov.py\/ip\/wp-json\/wp\/v2\/categories?post=75535"},{"taxonomy":"post_tag","embeddable":true,"href":"https:\/\/www.ip.gov.py\/ip\/wp-json\/wp\/v2\/tags?post=75535"}],"curies":[{"name":"wp","href":"https:\/\/api.w.org\/{rel}","templated":true}]}}