{"id":85731,"date":"2016-03-11T10:17:39","date_gmt":"2016-03-11T13:17:39","guid":{"rendered":"http:\/\/desarrollo.ip.gov.py\/ip\/?p=85731"},"modified":"2016-03-11T10:17:39","modified_gmt":"2016-03-11T13:17:39","slug":"el-nido-vera-el-duelo-entre-general-diaz-y-river-plate","status":"publish","type":"post","link":"https:\/\/www.ip.gov.py\/ip\/2016\/03\/11\/el-nido-vera-el-duelo-entre-general-diaz-y-river-plate\/","title":{"rendered":"El Nido ver\u00e1 el duelo entre General D\u00edaz y River Plate"},"content":{"rendered":"<p><em><strong>Asunci\u00f3n.-<\/strong> <\/em>General D\u00edaz recibir\u00e1 este viernes a River Plate, en el estadio Adri\u00e1n Jara, a partir de las 19:00 horas, en uno de los juegos que abre la d\u00e9cima fecha del Torneo Apertura. El \u00c1guilar y el Kelito se ver\u00e1n las caras en el Nido en un duelo directo por el promedio. La diferencia es que el local viene en un ascenso en cuanto a los resultados obtenidos en los \u00faltimos partidos del campeonato.<\/p>\n<p>Mientras River Plate tendr\u00e1 el debut de Miguel Pavani en la direcci\u00f3n t\u00e9cnica y querr\u00e1 sumar una victoria que le sirva para respirar en el certamen. El elenco dirigido por el argentino se encuentra pen\u00faltimo con tan solo 7 puntos.<\/p>\n<p>General D\u00edaz est\u00e1 en la sexta posici\u00f3n con 12 unidades.<\/p>\n<p><strong>DETALLES<\/strong><\/p>\n<p><strong>Estadio:<\/strong> Adri\u00e1n Jara, Luque.<\/p>\n<p><strong>Hora:<\/strong> 19:00.<\/p>\n<p><strong>\u00c1rbitro:<\/strong> Jorge Mercado.<\/p>\n<p><strong>Asistentes:<\/strong> Jos\u00e9 Villagra, Crist\u00f3bal Alderete.<\/p>\n<p><strong>Cuarto \u00e1rbitro:<\/strong> Antonio Arias.<\/p>\n<p><strong>Posibles alineaciones<\/strong><\/p>\n<p><strong>General D\u00edaz:<\/strong> Bernardo Medina; Walter Cabrera, Julio Gonz\u00e1lez, \u00d3scar Ayala, Nelson Ruiz; \u00c9dgar Villasboa, \u00c9dgar Zaracho, H\u00e9ctor Sanabria, Richard Prieto; Diego Dold\u00e1n, Julio Aguilar. <strong>D.T.:<\/strong> Humberto Garc\u00eda.<\/p>\n<p><strong>River Plate:<\/strong> Gustavo Ar\u00e9valos; Diego Urunaga, Ra\u00fal Piris, Marcos Acosta, David Villalba; Eduardo Aveiro, Fidelino Ara\u00fajo, Blas L\u00f3pez, Fidel Mi\u00f1o; Gerardo Orrego, Fernando Escobar. <strong>D.T.:<\/strong> Miguel Pavani.<\/p>\n<p>&nbsp;<\/p>\n<p><span style=\"color: #bab6b6;\"><em>(ip\/apf)<\/em><\/span><\/p>\n","protected":false},"excerpt":{"rendered":"<p>Asunci\u00f3n.- General D\u00edaz recibir\u00e1 este viernes a River Plate, en el estadio Adri\u00e1n Jara, a partir de las 19:00 horas, en uno de los juegos que abre la d\u00e9cima fecha del Torneo Apertura. El \u00c1guilar y el Kelito se ver\u00e1n las caras en el Nido en un duelo directo por el promedio. La diferencia es [&hellip;]<\/p>\n","protected":false},"author":15,"featured_media":85736,"comment_status":"closed","ping_status":"closed","sticky":false,"template":"","format":"standard","meta":{"_monsterinsights_skip_tracking":false,"_monsterinsights_sitenote_active":false,"_monsterinsights_sitenote_note":"","_monsterinsights_sitenote_category":0,"footnotes":""},"categories":[8],"tags":[],"class_list":{"0":"post-85731","1":"post","2":"type-post","3":"status-publish","4":"format-standard","5":"has-post-thumbnail","7":"category-deportes"},"yoast_head":"<!-- This site is optimized with the Yoast SEO plugin v27.4 - https:\/\/yoast.com\/product\/yoast-seo-wordpress\/ -->\n<title>El Nido ver\u00e1 el duelo entre General D\u00edaz y River Plate - .::Agencia IP::.<\/title>\n<meta name=\"robots\" content=\"index, follow, max-snippet:-1, max-image-preview:large, max-video-preview:-1\" \/>\n<link rel=\"canonical\" href=\"https:\/\/www.ip.gov.py\/ip\/2016\/03\/11\/el-nido-vera-el-duelo-entre-general-diaz-y-river-plate\/\" \/>\n<meta property=\"og:locale\" content=\"es_ES\" \/>\n<meta property=\"og:type\" content=\"article\" \/>\n<meta property=\"og:title\" content=\"El Nido ver\u00e1 el duelo entre General D\u00edaz y River Plate - .::Agencia IP::.\" \/>\n<meta property=\"og:description\" content=\"Asunci\u00f3n.- General D\u00edaz recibir\u00e1 este viernes a River Plate, en el estadio Adri\u00e1n Jara, a partir de las 19:00 horas, en uno de los juegos que abre la d\u00e9cima fecha del Torneo Apertura. El \u00c1guilar y el Kelito se ver\u00e1n las caras en el Nido en un duelo directo por el promedio. La diferencia es [&hellip;]\" \/>\n<meta property=\"og:url\" content=\"https:\/\/www.ip.gov.py\/ip\/2016\/03\/11\/el-nido-vera-el-duelo-entre-general-diaz-y-river-plate\/\" \/>\n<meta property=\"og:site_name\" content=\".::Agencia IP::.\" \/>\n<meta property=\"article:publisher\" content=\"https:\/\/www.facebook.com\/IPParaguay\/\" \/>\n<meta property=\"article:published_time\" content=\"2016-03-11T13:17:39+00:00\" \/>\n<meta property=\"og:image\" content=\"https:\/\/www.ip.gov.py\/ip\/wp-content\/uploads\/2016\/03\/generaldiaz.jpg\" \/>\n\t<meta property=\"og:image:width\" content=\"960\" \/>\n\t<meta property=\"og:image:height\" content=\"796\" \/>\n\t<meta property=\"og:image:type\" content=\"image\/jpeg\" \/>\n<meta name=\"author\" content=\"Redacci\u00f3n Deportes\" \/>\n<meta name=\"twitter:card\" content=\"summary_large_image\" \/>\n<meta name=\"twitter:creator\" content=\"@IPParaguay\" \/>\n<meta name=\"twitter:site\" content=\"@IPParaguay\" \/>\n<meta name=\"twitter:label1\" content=\"Escrito por\" \/>\n\t<meta name=\"twitter:data1\" content=\"Redacci\u00f3n Deportes\" \/>\n\t<meta name=\"twitter:label2\" content=\"Tiempo de lectura\" \/>\n\t<meta name=\"twitter:data2\" content=\"1 minuto\" \/>\n<script type=\"application\/ld+json\" class=\"yoast-schema-graph\">{\"@context\":\"https:\\\/\\\/schema.org\",\"@graph\":[{\"@type\":\"Article\",\"@id\":\"https:\\\/\\\/www.ip.gov.py\\\/ip\\\/2016\\\/03\\\/11\\\/el-nido-vera-el-duelo-entre-general-diaz-y-river-plate\\\/#article\",\"isPartOf\":{\"@id\":\"https:\\\/\\\/www.ip.gov.py\\\/ip\\\/2016\\\/03\\\/11\\\/el-nido-vera-el-duelo-entre-general-diaz-y-river-plate\\\/\"},\"author\":{\"name\":\"Redacci\u00f3n Deportes\",\"@id\":\"https:\\\/\\\/www.ip.gov.py\\\/ip\\\/#\\\/schema\\\/person\\\/640c4708cfe3ed93b81ba5a7793b5c9f\"},\"headline\":\"El Nido ver\u00e1 el duelo entre General D\u00edaz y River Plate\",\"datePublished\":\"2016-03-11T13:17:39+00:00\",\"mainEntityOfPage\":{\"@id\":\"https:\\\/\\\/www.ip.gov.py\\\/ip\\\/2016\\\/03\\\/11\\\/el-nido-vera-el-duelo-entre-general-diaz-y-river-plate\\\/\"},\"wordCount\":235,\"publisher\":{\"@id\":\"https:\\\/\\\/www.ip.gov.py\\\/ip\\\/#organization\"},\"image\":{\"@id\":\"https:\\\/\\\/www.ip.gov.py\\\/ip\\\/2016\\\/03\\\/11\\\/el-nido-vera-el-duelo-entre-general-diaz-y-river-plate\\\/#primaryimage\"},\"thumbnailUrl\":\"https:\\\/\\\/www.ip.gov.py\\\/ip\\\/wp-content\\\/uploads\\\/2016\\\/03\\\/generaldiaz.jpg\",\"articleSection\":[\"Deportes\"],\"inLanguage\":\"es\"},{\"@type\":\"WebPage\",\"@id\":\"https:\\\/\\\/www.ip.gov.py\\\/ip\\\/2016\\\/03\\\/11\\\/el-nido-vera-el-duelo-entre-general-diaz-y-river-plate\\\/\",\"url\":\"https:\\\/\\\/www.ip.gov.py\\\/ip\\\/2016\\\/03\\\/11\\\/el-nido-vera-el-duelo-entre-general-diaz-y-river-plate\\\/\",\"name\":\"El Nido ver\u00e1 el duelo entre General D\u00edaz y River Plate - .::Agencia IP::.\",\"isPartOf\":{\"@id\":\"https:\\\/\\\/www.ip.gov.py\\\/ip\\\/#website\"},\"primaryImageOfPage\":{\"@id\":\"https:\\\/\\\/www.ip.gov.py\\\/ip\\\/2016\\\/03\\\/11\\\/el-nido-vera-el-duelo-entre-general-diaz-y-river-plate\\\/#primaryimage\"},\"image\":{\"@id\":\"https:\\\/\\\/www.ip.gov.py\\\/ip\\\/2016\\\/03\\\/11\\\/el-nido-vera-el-duelo-entre-general-diaz-y-river-plate\\\/#primaryimage\"},\"thumbnailUrl\":\"https:\\\/\\\/www.ip.gov.py\\\/ip\\\/wp-content\\\/uploads\\\/2016\\\/03\\\/generaldiaz.jpg\",\"datePublished\":\"2016-03-11T13:17:39+00:00\",\"breadcrumb\":{\"@id\":\"https:\\\/\\\/www.ip.gov.py\\\/ip\\\/2016\\\/03\\\/11\\\/el-nido-vera-el-duelo-entre-general-diaz-y-river-plate\\\/#breadcrumb\"},\"inLanguage\":\"es\",\"potentialAction\":[{\"@type\":\"ReadAction\",\"target\":[\"https:\\\/\\\/www.ip.gov.py\\\/ip\\\/2016\\\/03\\\/11\\\/el-nido-vera-el-duelo-entre-general-diaz-y-river-plate\\\/\"]}]},{\"@type\":\"ImageObject\",\"inLanguage\":\"es\",\"@id\":\"https:\\\/\\\/www.ip.gov.py\\\/ip\\\/2016\\\/03\\\/11\\\/el-nido-vera-el-duelo-entre-general-diaz-y-river-plate\\\/#primaryimage\",\"url\":\"https:\\\/\\\/www.ip.gov.py\\\/ip\\\/wp-content\\\/uploads\\\/2016\\\/03\\\/generaldiaz.jpg\",\"contentUrl\":\"https:\\\/\\\/www.ip.gov.py\\\/ip\\\/wp-content\\\/uploads\\\/2016\\\/03\\\/generaldiaz.jpg\",\"width\":960,\"height\":796},{\"@type\":\"BreadcrumbList\",\"@id\":\"https:\\\/\\\/www.ip.gov.py\\\/ip\\\/2016\\\/03\\\/11\\\/el-nido-vera-el-duelo-entre-general-diaz-y-river-plate\\\/#breadcrumb\",\"itemListElement\":[{\"@type\":\"ListItem\",\"position\":1,\"name\":\"Portada\",\"item\":\"https:\\\/\\\/www.ip.gov.py\\\/ip\\\/\"},{\"@type\":\"ListItem\",\"position\":2,\"name\":\"El Nido ver\u00e1 el duelo entre General D\u00edaz y River Plate\"}]},{\"@type\":\"WebSite\",\"@id\":\"https:\\\/\\\/www.ip.gov.py\\\/ip\\\/#website\",\"url\":\"https:\\\/\\\/www.ip.gov.py\\\/ip\\\/\",\"name\":\".::Agencia IP::.\",\"description\":\"\",\"publisher\":{\"@id\":\"https:\\\/\\\/www.ip.gov.py\\\/ip\\\/#organization\"},\"potentialAction\":[{\"@type\":\"SearchAction\",\"target\":{\"@type\":\"EntryPoint\",\"urlTemplate\":\"https:\\\/\\\/www.ip.gov.py\\\/ip\\\/?s={search_term_string}\"},\"query-input\":{\"@type\":\"PropertyValueSpecification\",\"valueRequired\":true,\"valueName\":\"search_term_string\"}}],\"inLanguage\":\"es\"},{\"@type\":\"Organization\",\"@id\":\"https:\\\/\\\/www.ip.gov.py\\\/ip\\\/#organization\",\"name\":\"Agencia IP\",\"url\":\"https:\\\/\\\/www.ip.gov.py\\\/ip\\\/\",\"logo\":{\"@type\":\"ImageObject\",\"inLanguage\":\"es\",\"@id\":\"https:\\\/\\\/www.ip.gov.py\\\/ip\\\/#\\\/schema\\\/logo\\\/image\\\/\",\"url\":\"https:\\\/\\\/www.ip.gov.py\\\/ip\\\/wp-content\\\/uploads\\\/2018\\\/01\\\/Agencia-IP.jpg\",\"contentUrl\":\"https:\\\/\\\/www.ip.gov.py\\\/ip\\\/wp-content\\\/uploads\\\/2018\\\/01\\\/Agencia-IP.jpg\",\"width\":150,\"height\":150,\"caption\":\"Agencia IP\"},\"image\":{\"@id\":\"https:\\\/\\\/www.ip.gov.py\\\/ip\\\/#\\\/schema\\\/logo\\\/image\\\/\"},\"sameAs\":[\"https:\\\/\\\/www.facebook.com\\\/IPParaguay\\\/\",\"https:\\\/\\\/x.com\\\/IPParaguay\",\"https:\\\/\\\/www.instagram.com\\\/IPParaguay\"]},{\"@type\":\"Person\",\"@id\":\"https:\\\/\\\/www.ip.gov.py\\\/ip\\\/#\\\/schema\\\/person\\\/640c4708cfe3ed93b81ba5a7793b5c9f\",\"name\":\"Redacci\u00f3n Deportes\",\"url\":\"https:\\\/\\\/www.ip.gov.py\\\/ip\\\/author\\\/deportes\\\/\"}]}<\/script>\n<!-- \/ Yoast SEO plugin. -->","yoast_head_json":{"title":"El Nido ver\u00e1 el duelo entre General D\u00edaz y River Plate - .::Agencia IP::.","robots":{"index":"index","follow":"follow","max-snippet":"max-snippet:-1","max-image-preview":"max-image-preview:large","max-video-preview":"max-video-preview:-1"},"canonical":"https:\/\/www.ip.gov.py\/ip\/2016\/03\/11\/el-nido-vera-el-duelo-entre-general-diaz-y-river-plate\/","og_locale":"es_ES","og_type":"article","og_title":"El Nido ver\u00e1 el duelo entre General D\u00edaz y River Plate - .::Agencia IP::.","og_description":"Asunci\u00f3n.- General D\u00edaz recibir\u00e1 este viernes a River Plate, en el estadio Adri\u00e1n Jara, a partir de las 19:00 horas, en uno de los juegos que abre la d\u00e9cima fecha del Torneo Apertura. El \u00c1guilar y el Kelito se ver\u00e1n las caras en el Nido en un duelo directo por el promedio. La diferencia es [&hellip;]","og_url":"https:\/\/www.ip.gov.py\/ip\/2016\/03\/11\/el-nido-vera-el-duelo-entre-general-diaz-y-river-plate\/","og_site_name":".::Agencia IP::.","article_publisher":"https:\/\/www.facebook.com\/IPParaguay\/","article_published_time":"2016-03-11T13:17:39+00:00","og_image":[{"width":960,"height":796,"url":"https:\/\/www.ip.gov.py\/ip\/wp-content\/uploads\/2016\/03\/generaldiaz.jpg","type":"image\/jpeg"}],"author":"Redacci\u00f3n Deportes","twitter_card":"summary_large_image","twitter_creator":"@IPParaguay","twitter_site":"@IPParaguay","twitter_misc":{"Escrito por":"Redacci\u00f3n Deportes","Tiempo de lectura":"1 minuto"},"schema":{"@context":"https:\/\/schema.org","@graph":[{"@type":"Article","@id":"https:\/\/www.ip.gov.py\/ip\/2016\/03\/11\/el-nido-vera-el-duelo-entre-general-diaz-y-river-plate\/#article","isPartOf":{"@id":"https:\/\/www.ip.gov.py\/ip\/2016\/03\/11\/el-nido-vera-el-duelo-entre-general-diaz-y-river-plate\/"},"author":{"name":"Redacci\u00f3n Deportes","@id":"https:\/\/www.ip.gov.py\/ip\/#\/schema\/person\/640c4708cfe3ed93b81ba5a7793b5c9f"},"headline":"El Nido ver\u00e1 el duelo entre General D\u00edaz y River Plate","datePublished":"2016-03-11T13:17:39+00:00","mainEntityOfPage":{"@id":"https:\/\/www.ip.gov.py\/ip\/2016\/03\/11\/el-nido-vera-el-duelo-entre-general-diaz-y-river-plate\/"},"wordCount":235,"publisher":{"@id":"https:\/\/www.ip.gov.py\/ip\/#organization"},"image":{"@id":"https:\/\/www.ip.gov.py\/ip\/2016\/03\/11\/el-nido-vera-el-duelo-entre-general-diaz-y-river-plate\/#primaryimage"},"thumbnailUrl":"https:\/\/www.ip.gov.py\/ip\/wp-content\/uploads\/2016\/03\/generaldiaz.jpg","articleSection":["Deportes"],"inLanguage":"es"},{"@type":"WebPage","@id":"https:\/\/www.ip.gov.py\/ip\/2016\/03\/11\/el-nido-vera-el-duelo-entre-general-diaz-y-river-plate\/","url":"https:\/\/www.ip.gov.py\/ip\/2016\/03\/11\/el-nido-vera-el-duelo-entre-general-diaz-y-river-plate\/","name":"El Nido ver\u00e1 el duelo entre General D\u00edaz y River Plate - .::Agencia IP::.","isPartOf":{"@id":"https:\/\/www.ip.gov.py\/ip\/#website"},"primaryImageOfPage":{"@id":"https:\/\/www.ip.gov.py\/ip\/2016\/03\/11\/el-nido-vera-el-duelo-entre-general-diaz-y-river-plate\/#primaryimage"},"image":{"@id":"https:\/\/www.ip.gov.py\/ip\/2016\/03\/11\/el-nido-vera-el-duelo-entre-general-diaz-y-river-plate\/#primaryimage"},"thumbnailUrl":"https:\/\/www.ip.gov.py\/ip\/wp-content\/uploads\/2016\/03\/generaldiaz.jpg","datePublished":"2016-03-11T13:17:39+00:00","breadcrumb":{"@id":"https:\/\/www.ip.gov.py\/ip\/2016\/03\/11\/el-nido-vera-el-duelo-entre-general-diaz-y-river-plate\/#breadcrumb"},"inLanguage":"es","potentialAction":[{"@type":"ReadAction","target":["https:\/\/www.ip.gov.py\/ip\/2016\/03\/11\/el-nido-vera-el-duelo-entre-general-diaz-y-river-plate\/"]}]},{"@type":"ImageObject","inLanguage":"es","@id":"https:\/\/www.ip.gov.py\/ip\/2016\/03\/11\/el-nido-vera-el-duelo-entre-general-diaz-y-river-plate\/#primaryimage","url":"https:\/\/www.ip.gov.py\/ip\/wp-content\/uploads\/2016\/03\/generaldiaz.jpg","contentUrl":"https:\/\/www.ip.gov.py\/ip\/wp-content\/uploads\/2016\/03\/generaldiaz.jpg","width":960,"height":796},{"@type":"BreadcrumbList","@id":"https:\/\/www.ip.gov.py\/ip\/2016\/03\/11\/el-nido-vera-el-duelo-entre-general-diaz-y-river-plate\/#breadcrumb","itemListElement":[{"@type":"ListItem","position":1,"name":"Portada","item":"https:\/\/www.ip.gov.py\/ip\/"},{"@type":"ListItem","position":2,"name":"El Nido ver\u00e1 el duelo entre General D\u00edaz y River Plate"}]},{"@type":"WebSite","@id":"https:\/\/www.ip.gov.py\/ip\/#website","url":"https:\/\/www.ip.gov.py\/ip\/","name":".::Agencia IP::.","description":"","publisher":{"@id":"https:\/\/www.ip.gov.py\/ip\/#organization"},"potentialAction":[{"@type":"SearchAction","target":{"@type":"EntryPoint","urlTemplate":"https:\/\/www.ip.gov.py\/ip\/?s={search_term_string}"},"query-input":{"@type":"PropertyValueSpecification","valueRequired":true,"valueName":"search_term_string"}}],"inLanguage":"es"},{"@type":"Organization","@id":"https:\/\/www.ip.gov.py\/ip\/#organization","name":"Agencia IP","url":"https:\/\/www.ip.gov.py\/ip\/","logo":{"@type":"ImageObject","inLanguage":"es","@id":"https:\/\/www.ip.gov.py\/ip\/#\/schema\/logo\/image\/","url":"https:\/\/www.ip.gov.py\/ip\/wp-content\/uploads\/2018\/01\/Agencia-IP.jpg","contentUrl":"https:\/\/www.ip.gov.py\/ip\/wp-content\/uploads\/2018\/01\/Agencia-IP.jpg","width":150,"height":150,"caption":"Agencia IP"},"image":{"@id":"https:\/\/www.ip.gov.py\/ip\/#\/schema\/logo\/image\/"},"sameAs":["https:\/\/www.facebook.com\/IPParaguay\/","https:\/\/x.com\/IPParaguay","https:\/\/www.instagram.com\/IPParaguay"]},{"@type":"Person","@id":"https:\/\/www.ip.gov.py\/ip\/#\/schema\/person\/640c4708cfe3ed93b81ba5a7793b5c9f","name":"Redacci\u00f3n Deportes","url":"https:\/\/www.ip.gov.py\/ip\/author\/deportes\/"}]}},"_links":{"self":[{"href":"https:\/\/www.ip.gov.py\/ip\/wp-json\/wp\/v2\/posts\/85731","targetHints":{"allow":["GET"]}}],"collection":[{"href":"https:\/\/www.ip.gov.py\/ip\/wp-json\/wp\/v2\/posts"}],"about":[{"href":"https:\/\/www.ip.gov.py\/ip\/wp-json\/wp\/v2\/types\/post"}],"author":[{"embeddable":true,"href":"https:\/\/www.ip.gov.py\/ip\/wp-json\/wp\/v2\/users\/15"}],"replies":[{"embeddable":true,"href":"https:\/\/www.ip.gov.py\/ip\/wp-json\/wp\/v2\/comments?post=85731"}],"version-history":[{"count":0,"href":"https:\/\/www.ip.gov.py\/ip\/wp-json\/wp\/v2\/posts\/85731\/revisions"}],"wp:featuredmedia":[{"embeddable":true,"href":"https:\/\/www.ip.gov.py\/ip\/wp-json\/wp\/v2\/media\/85736"}],"wp:attachment":[{"href":"https:\/\/www.ip.gov.py\/ip\/wp-json\/wp\/v2\/media?parent=85731"}],"wp:term":[{"taxonomy":"category","embeddable":true,"href":"https:\/\/www.ip.gov.py\/ip\/wp-json\/wp\/v2\/categories?post=85731"},{"taxonomy":"post_tag","embeddable":true,"href":"https:\/\/www.ip.gov.py\/ip\/wp-json\/wp\/v2\/tags?post=85731"}],"curies":[{"name":"wp","href":"https:\/\/api.w.org\/{rel}","templated":true}]}}