{"id":86377,"date":"2016-03-15T12:17:11","date_gmt":"2016-03-15T15:17:11","guid":{"rendered":"http:\/\/desarrollo.ip.gov.py\/ip\/?p=86377"},"modified":"2016-03-15T12:25:40","modified_gmt":"2016-03-15T15:25:40","slug":"dinapi-formalizo-acusacion-contra-autores-paraguayos-asociados","status":"publish","type":"post","link":"https:\/\/www.ip.gov.py\/ip\/2016\/03\/15\/dinapi-formalizo-acusacion-contra-autores-paraguayos-asociados\/","title":{"rendered":"Dinapi formaliz\u00f3 acusaci\u00f3n contra Autores Paraguayos Asociados"},"content":{"rendered":"<p style=\"text-align: justify;\"><em><strong>Asunci\u00f3n, IP.-<\/strong> <\/em>La Direcci\u00f3n Nacional de Propiedad Intelectual (Dinapi), formaliz\u00f3 la acusaci\u00f3n a Autores Paraguayos Asociados (APA), por irregularidades detectadas en la administraci\u00f3n de esta entidad de gesti\u00f3n colectiva. <!--more--><\/p>\n<p style=\"text-align: justify;\">La notificaci\u00f3n fue presentada por el abogado Leopoldo L\u00f3pez, Juez Instructor designado por la Dinapi, al Presidente de APA, Alcides Roa, en el marco de la investigaci\u00f3n cuyos resultados se\u00f1alan malos manejos en los documentos que respaldan el proceso de recaudaci\u00f3n y distribuci\u00f3n de los derechos autorales.<\/p>\n<p style=\"text-align: justify;\">APA tiene ahora nueve d\u00edas para realizar su descargo y pruebas que consideren pertinente, por las anomal\u00edas administrativas encontradas durante la fiscalizaci\u00f3n practicada por la Direcci\u00f3n Nacional de Propiedad Intelectual a dicha entidad.<\/p>\n<p style=\"text-align: justify;\">En tal sentido, el d\u00eda 30 de marzo a las 09:00, deber\u00e1 realizarse la audiencia de sustanciaci\u00f3n prevista en el art\u00edculo 150 de la Ley 1328\/98 de Derechos de Autor y Derechos Conexos, para que APA presente su descargo y pruebas que consideren pertinente.<\/p>\n<p style=\"text-align: justify;\">Cabe destacar, que la Ley de Derechos de Autor y Derechos Conexos establece una serie de sanciones que pueden ser aplicadas a las entidades de gesti\u00f3n colectiva en caso de detectarse irregularidades en sus gestiones, que van desde el apercibimiento por escrito, hasta la cancelaci\u00f3n de los registros que lo habilitan para operar como sociedad de autores del Paraguay.<\/p>\n","protected":false},"excerpt":{"rendered":"<p>Asunci\u00f3n, IP.- La Direcci\u00f3n Nacional de Propiedad Intelectual (Dinapi), formaliz\u00f3 la acusaci\u00f3n a Autores Paraguayos Asociados (APA), por irregularidades detectadas en la administraci\u00f3n de esta entidad de gesti\u00f3n colectiva.<\/p>\n","protected":false},"author":2,"featured_media":86380,"comment_status":"closed","ping_status":"closed","sticky":false,"template":"","format":"standard","meta":{"_monsterinsights_skip_tracking":false,"_monsterinsights_sitenote_active":false,"_monsterinsights_sitenote_note":"","_monsterinsights_sitenote_category":0,"footnotes":""},"categories":[2],"tags":[],"class_list":{"0":"post-86377","1":"post","2":"type-post","3":"status-publish","4":"format-standard","5":"has-post-thumbnail","7":"category-destacado"},"yoast_head":"<!-- This site is optimized with the Yoast SEO plugin v27.5 - https:\/\/yoast.com\/product\/yoast-seo-wordpress\/ -->\n<title>Dinapi formaliz\u00f3 acusaci\u00f3n contra Autores Paraguayos Asociados - .::Agencia IP::.<\/title>\n<meta name=\"robots\" content=\"index, follow, max-snippet:-1, max-image-preview:large, max-video-preview:-1\" \/>\n<link rel=\"canonical\" href=\"https:\/\/www.ip.gov.py\/ip\/2016\/03\/15\/dinapi-formalizo-acusacion-contra-autores-paraguayos-asociados\/\" \/>\n<meta property=\"og:locale\" content=\"es_ES\" \/>\n<meta property=\"og:type\" content=\"article\" \/>\n<meta property=\"og:title\" content=\"Dinapi formaliz\u00f3 acusaci\u00f3n contra Autores Paraguayos Asociados - .::Agencia IP::.\" \/>\n<meta property=\"og:description\" content=\"Asunci\u00f3n, IP.- La Direcci\u00f3n Nacional de Propiedad Intelectual (Dinapi), formaliz\u00f3 la acusaci\u00f3n a Autores Paraguayos Asociados (APA), por irregularidades detectadas en la administraci\u00f3n de esta entidad de gesti\u00f3n colectiva.\" \/>\n<meta property=\"og:url\" content=\"https:\/\/www.ip.gov.py\/ip\/2016\/03\/15\/dinapi-formalizo-acusacion-contra-autores-paraguayos-asociados\/\" \/>\n<meta property=\"og:site_name\" content=\".::Agencia IP::.\" \/>\n<meta property=\"article:publisher\" content=\"https:\/\/www.facebook.com\/IPParaguay\/\" \/>\n<meta property=\"article:published_time\" content=\"2016-03-15T15:17:11+00:00\" \/>\n<meta property=\"article:modified_time\" content=\"2016-03-15T15:25:40+00:00\" \/>\n<meta property=\"og:image\" content=\"https:\/\/www.ip.gov.py\/ip\/wp-content\/uploads\/2016\/03\/apa-dinapi.jpg\" \/>\n\t<meta property=\"og:image:width\" content=\"640\" \/>\n\t<meta property=\"og:image:height\" content=\"391\" \/>\n\t<meta property=\"og:image:type\" content=\"image\/jpeg\" \/>\n<meta name=\"author\" content=\"Roque Mereles\" \/>\n<meta name=\"twitter:card\" content=\"summary_large_image\" \/>\n<meta name=\"twitter:creator\" content=\"@IPParaguay\" \/>\n<meta name=\"twitter:site\" content=\"@IPParaguay\" \/>\n<meta name=\"twitter:label1\" content=\"Escrito por\" \/>\n\t<meta name=\"twitter:data1\" content=\"Roque Mereles\" \/>\n\t<meta name=\"twitter:label2\" content=\"Tiempo de lectura\" \/>\n\t<meta name=\"twitter:data2\" content=\"1 minuto\" \/>\n<script type=\"application\/ld+json\" class=\"yoast-schema-graph\">{\"@context\":\"https:\\\/\\\/schema.org\",\"@graph\":[{\"@type\":\"Article\",\"@id\":\"https:\\\/\\\/www.ip.gov.py\\\/ip\\\/2016\\\/03\\\/15\\\/dinapi-formalizo-acusacion-contra-autores-paraguayos-asociados\\\/#article\",\"isPartOf\":{\"@id\":\"https:\\\/\\\/www.ip.gov.py\\\/ip\\\/2016\\\/03\\\/15\\\/dinapi-formalizo-acusacion-contra-autores-paraguayos-asociados\\\/\"},\"author\":{\"name\":\"Roque Mereles\",\"@id\":\"https:\\\/\\\/www.ip.gov.py\\\/ip\\\/#\\\/schema\\\/person\\\/7ec1ca00d0a9301ecc37fff902ff6741\"},\"headline\":\"Dinapi formaliz\u00f3 acusaci\u00f3n contra Autores Paraguayos Asociados\",\"datePublished\":\"2016-03-15T15:17:11+00:00\",\"dateModified\":\"2016-03-15T15:25:40+00:00\",\"mainEntityOfPage\":{\"@id\":\"https:\\\/\\\/www.ip.gov.py\\\/ip\\\/2016\\\/03\\\/15\\\/dinapi-formalizo-acusacion-contra-autores-paraguayos-asociados\\\/\"},\"wordCount\":237,\"publisher\":{\"@id\":\"https:\\\/\\\/www.ip.gov.py\\\/ip\\\/#organization\"},\"image\":{\"@id\":\"https:\\\/\\\/www.ip.gov.py\\\/ip\\\/2016\\\/03\\\/15\\\/dinapi-formalizo-acusacion-contra-autores-paraguayos-asociados\\\/#primaryimage\"},\"thumbnailUrl\":\"https:\\\/\\\/www.ip.gov.py\\\/ip\\\/wp-content\\\/uploads\\\/2016\\\/03\\\/apa-dinapi.jpg\",\"articleSection\":[\"Destacado\"],\"inLanguage\":\"es\"},{\"@type\":\"WebPage\",\"@id\":\"https:\\\/\\\/www.ip.gov.py\\\/ip\\\/2016\\\/03\\\/15\\\/dinapi-formalizo-acusacion-contra-autores-paraguayos-asociados\\\/\",\"url\":\"https:\\\/\\\/www.ip.gov.py\\\/ip\\\/2016\\\/03\\\/15\\\/dinapi-formalizo-acusacion-contra-autores-paraguayos-asociados\\\/\",\"name\":\"Dinapi formaliz\u00f3 acusaci\u00f3n contra Autores Paraguayos Asociados - .::Agencia IP::.\",\"isPartOf\":{\"@id\":\"https:\\\/\\\/www.ip.gov.py\\\/ip\\\/#website\"},\"primaryImageOfPage\":{\"@id\":\"https:\\\/\\\/www.ip.gov.py\\\/ip\\\/2016\\\/03\\\/15\\\/dinapi-formalizo-acusacion-contra-autores-paraguayos-asociados\\\/#primaryimage\"},\"image\":{\"@id\":\"https:\\\/\\\/www.ip.gov.py\\\/ip\\\/2016\\\/03\\\/15\\\/dinapi-formalizo-acusacion-contra-autores-paraguayos-asociados\\\/#primaryimage\"},\"thumbnailUrl\":\"https:\\\/\\\/www.ip.gov.py\\\/ip\\\/wp-content\\\/uploads\\\/2016\\\/03\\\/apa-dinapi.jpg\",\"datePublished\":\"2016-03-15T15:17:11+00:00\",\"dateModified\":\"2016-03-15T15:25:40+00:00\",\"breadcrumb\":{\"@id\":\"https:\\\/\\\/www.ip.gov.py\\\/ip\\\/2016\\\/03\\\/15\\\/dinapi-formalizo-acusacion-contra-autores-paraguayos-asociados\\\/#breadcrumb\"},\"inLanguage\":\"es\",\"potentialAction\":[{\"@type\":\"ReadAction\",\"target\":[\"https:\\\/\\\/www.ip.gov.py\\\/ip\\\/2016\\\/03\\\/15\\\/dinapi-formalizo-acusacion-contra-autores-paraguayos-asociados\\\/\"]}]},{\"@type\":\"ImageObject\",\"inLanguage\":\"es\",\"@id\":\"https:\\\/\\\/www.ip.gov.py\\\/ip\\\/2016\\\/03\\\/15\\\/dinapi-formalizo-acusacion-contra-autores-paraguayos-asociados\\\/#primaryimage\",\"url\":\"https:\\\/\\\/www.ip.gov.py\\\/ip\\\/wp-content\\\/uploads\\\/2016\\\/03\\\/apa-dinapi.jpg\",\"contentUrl\":\"https:\\\/\\\/www.ip.gov.py\\\/ip\\\/wp-content\\\/uploads\\\/2016\\\/03\\\/apa-dinapi.jpg\",\"width\":640,\"height\":391,\"caption\":\"Intervenci\u00f3n de Dinapi en APA\\\/Foto:Archivo.\"},{\"@type\":\"BreadcrumbList\",\"@id\":\"https:\\\/\\\/www.ip.gov.py\\\/ip\\\/2016\\\/03\\\/15\\\/dinapi-formalizo-acusacion-contra-autores-paraguayos-asociados\\\/#breadcrumb\",\"itemListElement\":[{\"@type\":\"ListItem\",\"position\":1,\"name\":\"Portada\",\"item\":\"https:\\\/\\\/www.ip.gov.py\\\/ip\\\/\"},{\"@type\":\"ListItem\",\"position\":2,\"name\":\"Dinapi formaliz\u00f3 acusaci\u00f3n contra Autores Paraguayos Asociados\"}]},{\"@type\":\"WebSite\",\"@id\":\"https:\\\/\\\/www.ip.gov.py\\\/ip\\\/#website\",\"url\":\"https:\\\/\\\/www.ip.gov.py\\\/ip\\\/\",\"name\":\".::Agencia IP::.\",\"description\":\"\",\"publisher\":{\"@id\":\"https:\\\/\\\/www.ip.gov.py\\\/ip\\\/#organization\"},\"potentialAction\":[{\"@type\":\"SearchAction\",\"target\":{\"@type\":\"EntryPoint\",\"urlTemplate\":\"https:\\\/\\\/www.ip.gov.py\\\/ip\\\/?s={search_term_string}\"},\"query-input\":{\"@type\":\"PropertyValueSpecification\",\"valueRequired\":true,\"valueName\":\"search_term_string\"}}],\"inLanguage\":\"es\"},{\"@type\":\"Organization\",\"@id\":\"https:\\\/\\\/www.ip.gov.py\\\/ip\\\/#organization\",\"name\":\"Agencia IP\",\"url\":\"https:\\\/\\\/www.ip.gov.py\\\/ip\\\/\",\"logo\":{\"@type\":\"ImageObject\",\"inLanguage\":\"es\",\"@id\":\"https:\\\/\\\/www.ip.gov.py\\\/ip\\\/#\\\/schema\\\/logo\\\/image\\\/\",\"url\":\"https:\\\/\\\/www.ip.gov.py\\\/ip\\\/wp-content\\\/uploads\\\/2018\\\/01\\\/Agencia-IP.jpg\",\"contentUrl\":\"https:\\\/\\\/www.ip.gov.py\\\/ip\\\/wp-content\\\/uploads\\\/2018\\\/01\\\/Agencia-IP.jpg\",\"width\":150,\"height\":150,\"caption\":\"Agencia IP\"},\"image\":{\"@id\":\"https:\\\/\\\/www.ip.gov.py\\\/ip\\\/#\\\/schema\\\/logo\\\/image\\\/\"},\"sameAs\":[\"https:\\\/\\\/www.facebook.com\\\/IPParaguay\\\/\",\"https:\\\/\\\/x.com\\\/IPParaguay\",\"https:\\\/\\\/www.instagram.com\\\/IPParaguay\"]},{\"@type\":\"Person\",\"@id\":\"https:\\\/\\\/www.ip.gov.py\\\/ip\\\/#\\\/schema\\\/person\\\/7ec1ca00d0a9301ecc37fff902ff6741\",\"name\":\"Roque Mereles\",\"url\":\"https:\\\/\\\/www.ip.gov.py\\\/ip\\\/author\\\/rmereles\\\/\"}]}<\/script>\n<!-- \/ Yoast SEO plugin. -->","yoast_head_json":{"title":"Dinapi formaliz\u00f3 acusaci\u00f3n contra Autores Paraguayos Asociados - .::Agencia IP::.","robots":{"index":"index","follow":"follow","max-snippet":"max-snippet:-1","max-image-preview":"max-image-preview:large","max-video-preview":"max-video-preview:-1"},"canonical":"https:\/\/www.ip.gov.py\/ip\/2016\/03\/15\/dinapi-formalizo-acusacion-contra-autores-paraguayos-asociados\/","og_locale":"es_ES","og_type":"article","og_title":"Dinapi formaliz\u00f3 acusaci\u00f3n contra Autores Paraguayos Asociados - .::Agencia IP::.","og_description":"Asunci\u00f3n, IP.- La Direcci\u00f3n Nacional de Propiedad Intelectual (Dinapi), formaliz\u00f3 la acusaci\u00f3n a Autores Paraguayos Asociados (APA), por irregularidades detectadas en la administraci\u00f3n de esta entidad de gesti\u00f3n colectiva.","og_url":"https:\/\/www.ip.gov.py\/ip\/2016\/03\/15\/dinapi-formalizo-acusacion-contra-autores-paraguayos-asociados\/","og_site_name":".::Agencia IP::.","article_publisher":"https:\/\/www.facebook.com\/IPParaguay\/","article_published_time":"2016-03-15T15:17:11+00:00","article_modified_time":"2016-03-15T15:25:40+00:00","og_image":[{"width":640,"height":391,"url":"https:\/\/www.ip.gov.py\/ip\/wp-content\/uploads\/2016\/03\/apa-dinapi.jpg","type":"image\/jpeg"}],"author":"Roque Mereles","twitter_card":"summary_large_image","twitter_creator":"@IPParaguay","twitter_site":"@IPParaguay","twitter_misc":{"Escrito por":"Roque Mereles","Tiempo de lectura":"1 minuto"},"schema":{"@context":"https:\/\/schema.org","@graph":[{"@type":"Article","@id":"https:\/\/www.ip.gov.py\/ip\/2016\/03\/15\/dinapi-formalizo-acusacion-contra-autores-paraguayos-asociados\/#article","isPartOf":{"@id":"https:\/\/www.ip.gov.py\/ip\/2016\/03\/15\/dinapi-formalizo-acusacion-contra-autores-paraguayos-asociados\/"},"author":{"name":"Roque Mereles","@id":"https:\/\/www.ip.gov.py\/ip\/#\/schema\/person\/7ec1ca00d0a9301ecc37fff902ff6741"},"headline":"Dinapi formaliz\u00f3 acusaci\u00f3n contra Autores Paraguayos Asociados","datePublished":"2016-03-15T15:17:11+00:00","dateModified":"2016-03-15T15:25:40+00:00","mainEntityOfPage":{"@id":"https:\/\/www.ip.gov.py\/ip\/2016\/03\/15\/dinapi-formalizo-acusacion-contra-autores-paraguayos-asociados\/"},"wordCount":237,"publisher":{"@id":"https:\/\/www.ip.gov.py\/ip\/#organization"},"image":{"@id":"https:\/\/www.ip.gov.py\/ip\/2016\/03\/15\/dinapi-formalizo-acusacion-contra-autores-paraguayos-asociados\/#primaryimage"},"thumbnailUrl":"https:\/\/www.ip.gov.py\/ip\/wp-content\/uploads\/2016\/03\/apa-dinapi.jpg","articleSection":["Destacado"],"inLanguage":"es"},{"@type":"WebPage","@id":"https:\/\/www.ip.gov.py\/ip\/2016\/03\/15\/dinapi-formalizo-acusacion-contra-autores-paraguayos-asociados\/","url":"https:\/\/www.ip.gov.py\/ip\/2016\/03\/15\/dinapi-formalizo-acusacion-contra-autores-paraguayos-asociados\/","name":"Dinapi formaliz\u00f3 acusaci\u00f3n contra Autores Paraguayos Asociados - .::Agencia IP::.","isPartOf":{"@id":"https:\/\/www.ip.gov.py\/ip\/#website"},"primaryImageOfPage":{"@id":"https:\/\/www.ip.gov.py\/ip\/2016\/03\/15\/dinapi-formalizo-acusacion-contra-autores-paraguayos-asociados\/#primaryimage"},"image":{"@id":"https:\/\/www.ip.gov.py\/ip\/2016\/03\/15\/dinapi-formalizo-acusacion-contra-autores-paraguayos-asociados\/#primaryimage"},"thumbnailUrl":"https:\/\/www.ip.gov.py\/ip\/wp-content\/uploads\/2016\/03\/apa-dinapi.jpg","datePublished":"2016-03-15T15:17:11+00:00","dateModified":"2016-03-15T15:25:40+00:00","breadcrumb":{"@id":"https:\/\/www.ip.gov.py\/ip\/2016\/03\/15\/dinapi-formalizo-acusacion-contra-autores-paraguayos-asociados\/#breadcrumb"},"inLanguage":"es","potentialAction":[{"@type":"ReadAction","target":["https:\/\/www.ip.gov.py\/ip\/2016\/03\/15\/dinapi-formalizo-acusacion-contra-autores-paraguayos-asociados\/"]}]},{"@type":"ImageObject","inLanguage":"es","@id":"https:\/\/www.ip.gov.py\/ip\/2016\/03\/15\/dinapi-formalizo-acusacion-contra-autores-paraguayos-asociados\/#primaryimage","url":"https:\/\/www.ip.gov.py\/ip\/wp-content\/uploads\/2016\/03\/apa-dinapi.jpg","contentUrl":"https:\/\/www.ip.gov.py\/ip\/wp-content\/uploads\/2016\/03\/apa-dinapi.jpg","width":640,"height":391,"caption":"Intervenci\u00f3n de Dinapi en APA\/Foto:Archivo."},{"@type":"BreadcrumbList","@id":"https:\/\/www.ip.gov.py\/ip\/2016\/03\/15\/dinapi-formalizo-acusacion-contra-autores-paraguayos-asociados\/#breadcrumb","itemListElement":[{"@type":"ListItem","position":1,"name":"Portada","item":"https:\/\/www.ip.gov.py\/ip\/"},{"@type":"ListItem","position":2,"name":"Dinapi formaliz\u00f3 acusaci\u00f3n contra Autores Paraguayos Asociados"}]},{"@type":"WebSite","@id":"https:\/\/www.ip.gov.py\/ip\/#website","url":"https:\/\/www.ip.gov.py\/ip\/","name":".::Agencia IP::.","description":"","publisher":{"@id":"https:\/\/www.ip.gov.py\/ip\/#organization"},"potentialAction":[{"@type":"SearchAction","target":{"@type":"EntryPoint","urlTemplate":"https:\/\/www.ip.gov.py\/ip\/?s={search_term_string}"},"query-input":{"@type":"PropertyValueSpecification","valueRequired":true,"valueName":"search_term_string"}}],"inLanguage":"es"},{"@type":"Organization","@id":"https:\/\/www.ip.gov.py\/ip\/#organization","name":"Agencia IP","url":"https:\/\/www.ip.gov.py\/ip\/","logo":{"@type":"ImageObject","inLanguage":"es","@id":"https:\/\/www.ip.gov.py\/ip\/#\/schema\/logo\/image\/","url":"https:\/\/www.ip.gov.py\/ip\/wp-content\/uploads\/2018\/01\/Agencia-IP.jpg","contentUrl":"https:\/\/www.ip.gov.py\/ip\/wp-content\/uploads\/2018\/01\/Agencia-IP.jpg","width":150,"height":150,"caption":"Agencia IP"},"image":{"@id":"https:\/\/www.ip.gov.py\/ip\/#\/schema\/logo\/image\/"},"sameAs":["https:\/\/www.facebook.com\/IPParaguay\/","https:\/\/x.com\/IPParaguay","https:\/\/www.instagram.com\/IPParaguay"]},{"@type":"Person","@id":"https:\/\/www.ip.gov.py\/ip\/#\/schema\/person\/7ec1ca00d0a9301ecc37fff902ff6741","name":"Roque Mereles","url":"https:\/\/www.ip.gov.py\/ip\/author\/rmereles\/"}]}},"_links":{"self":[{"href":"https:\/\/www.ip.gov.py\/ip\/wp-json\/wp\/v2\/posts\/86377","targetHints":{"allow":["GET"]}}],"collection":[{"href":"https:\/\/www.ip.gov.py\/ip\/wp-json\/wp\/v2\/posts"}],"about":[{"href":"https:\/\/www.ip.gov.py\/ip\/wp-json\/wp\/v2\/types\/post"}],"author":[{"embeddable":true,"href":"https:\/\/www.ip.gov.py\/ip\/wp-json\/wp\/v2\/users\/2"}],"replies":[{"embeddable":true,"href":"https:\/\/www.ip.gov.py\/ip\/wp-json\/wp\/v2\/comments?post=86377"}],"version-history":[{"count":0,"href":"https:\/\/www.ip.gov.py\/ip\/wp-json\/wp\/v2\/posts\/86377\/revisions"}],"wp:featuredmedia":[{"embeddable":true,"href":"https:\/\/www.ip.gov.py\/ip\/wp-json\/wp\/v2\/media\/86380"}],"wp:attachment":[{"href":"https:\/\/www.ip.gov.py\/ip\/wp-json\/wp\/v2\/media?parent=86377"}],"wp:term":[{"taxonomy":"category","embeddable":true,"href":"https:\/\/www.ip.gov.py\/ip\/wp-json\/wp\/v2\/categories?post=86377"},{"taxonomy":"post_tag","embeddable":true,"href":"https:\/\/www.ip.gov.py\/ip\/wp-json\/wp\/v2\/tags?post=86377"}],"curies":[{"name":"wp","href":"https:\/\/api.w.org\/{rel}","templated":true}]}}