{"id":86395,"date":"2016-03-15T13:01:42","date_gmt":"2016-03-15T16:01:42","guid":{"rendered":"http:\/\/desarrollo.ip.gov.py\/ip\/?p=86395"},"modified":"2016-03-15T13:03:35","modified_gmt":"2016-03-15T16:03:35","slug":"preparan-primera-mesa-de-discusion-sobre-reforma-constitucional","status":"publish","type":"post","link":"https:\/\/www.ip.gov.py\/ip\/2016\/03\/15\/preparan-primera-mesa-de-discusion-sobre-reforma-constitucional\/","title":{"rendered":"Preparan primera mesa de discusi\u00f3n sobre reforma constitucional"},"content":{"rendered":"<p style=\"text-align: justify;\"><em><strong>Asunci\u00f3n, IP.-<\/strong><\/em> Este mi\u00e9rcoles 16 de marzo de 10:00 a 12:00 se desarrollar\u00e1 la \u201cPrimera mesa de discusi\u00f3n sobre la reforma constitucional\u201d, en el Sal\u00f3n Bicameral del Congreso Nacional.<!--more--><\/p>\n<p style=\"text-align: justify;\">La actividad es organizada por la bancada de Avanza Pa\u00eds de la C\u00e1mara de Senadores, conjuntamente con el partido Paraguay Tek\u00f3 Pyah\u00fa y el Movimiento Uni\u00f3n e Igualdad.<\/p>\n<p style=\"text-align: justify;\">Esta iniciativa tiene por objetivo aportar opiniones y puntos de vista para el mejor an\u00e1lisis sobre la reforma constitucional. Varias organizaciones ciudadanas se encuentran abocadas a la realizaci\u00f3n de debates, en el marco del respeto rec\u00edproco y de la diversidad.<\/p>\n<p style=\"text-align: justify;\">Adem\u00e1s se busca fomentar la libre expresi\u00f3n de ideas y propuestas que existan referentes al tema.<\/p>\n<p style=\"text-align: justify;\">Se tendr\u00e1 como panelistas a los senadores Adolfo Ferreiro, Miguel Abdon Saguier, Juan Carlos Galaverna, y Hugo Richer, adem\u00e1s del escritor Roberto Paredes.<\/p>\n<p style=\"text-align: justify;\">La mesa de discusi\u00f3n est\u00e1 abierta a toda la ciudadan\u00eda interesada en la tem\u00e1tica.<\/p>\n","protected":false},"excerpt":{"rendered":"<p>Asunci\u00f3n, IP.- Este mi\u00e9rcoles 16 de marzo de 10:00 a 12:00 se desarrollar\u00e1 la \u201cPrimera mesa de discusi\u00f3n sobre la reforma constitucional\u201d, en el Sal\u00f3n Bicameral del Congreso Nacional.<\/p>\n","protected":false},"author":5,"featured_media":68487,"comment_status":"closed","ping_status":"closed","sticky":false,"template":"","format":"standard","meta":{"_monsterinsights_skip_tracking":false,"_monsterinsights_sitenote_active":false,"_monsterinsights_sitenote_note":"","_monsterinsights_sitenote_category":0,"footnotes":""},"categories":[6],"tags":[],"class_list":{"0":"post-86395","1":"post","2":"type-post","3":"status-publish","4":"format-standard","5":"has-post-thumbnail","7":"category-politica"},"yoast_head":"<!-- This site is optimized with the Yoast SEO plugin v27.5 - https:\/\/yoast.com\/product\/yoast-seo-wordpress\/ -->\n<title>Preparan primera mesa de discusi\u00f3n sobre reforma constitucional - .::Agencia IP::.<\/title>\n<meta name=\"robots\" content=\"index, follow, max-snippet:-1, max-image-preview:large, max-video-preview:-1\" \/>\n<link rel=\"canonical\" href=\"https:\/\/www.ip.gov.py\/ip\/2016\/03\/15\/preparan-primera-mesa-de-discusion-sobre-reforma-constitucional\/\" \/>\n<meta property=\"og:locale\" content=\"es_ES\" \/>\n<meta property=\"og:type\" content=\"article\" \/>\n<meta property=\"og:title\" content=\"Preparan primera mesa de discusi\u00f3n sobre reforma constitucional - .::Agencia IP::.\" \/>\n<meta property=\"og:description\" content=\"Asunci\u00f3n, IP.- Este mi\u00e9rcoles 16 de marzo de 10:00 a 12:00 se desarrollar\u00e1 la \u201cPrimera mesa de discusi\u00f3n sobre la reforma constitucional\u201d, en el Sal\u00f3n Bicameral del Congreso Nacional.\" \/>\n<meta property=\"og:url\" content=\"https:\/\/www.ip.gov.py\/ip\/2016\/03\/15\/preparan-primera-mesa-de-discusion-sobre-reforma-constitucional\/\" \/>\n<meta property=\"og:site_name\" content=\".::Agencia IP::.\" \/>\n<meta property=\"article:publisher\" content=\"https:\/\/www.facebook.com\/IPParaguay\/\" \/>\n<meta property=\"article:published_time\" content=\"2016-03-15T16:01:42+00:00\" \/>\n<meta property=\"article:modified_time\" content=\"2016-03-15T16:03:35+00:00\" \/>\n<meta property=\"og:image\" content=\"https:\/\/www.ip.gov.py\/ip\/wp-content\/uploads\/2015\/12\/Senasa-03.jpg\" \/>\n\t<meta property=\"og:image:width\" content=\"1000\" \/>\n\t<meta property=\"og:image:height\" content=\"517\" \/>\n\t<meta property=\"og:image:type\" content=\"image\/jpeg\" \/>\n<meta name=\"author\" content=\"L. Q\" \/>\n<meta name=\"twitter:card\" content=\"summary_large_image\" \/>\n<meta name=\"twitter:creator\" content=\"@IPParaguay\" \/>\n<meta name=\"twitter:site\" content=\"@IPParaguay\" \/>\n<meta name=\"twitter:label1\" content=\"Escrito por\" \/>\n\t<meta name=\"twitter:data1\" content=\"L. Q\" \/>\n\t<meta name=\"twitter:label2\" content=\"Tiempo de lectura\" \/>\n\t<meta name=\"twitter:data2\" content=\"1 minuto\" \/>\n<script type=\"application\/ld+json\" class=\"yoast-schema-graph\">{\"@context\":\"https:\\\/\\\/schema.org\",\"@graph\":[{\"@type\":\"Article\",\"@id\":\"https:\\\/\\\/www.ip.gov.py\\\/ip\\\/2016\\\/03\\\/15\\\/preparan-primera-mesa-de-discusion-sobre-reforma-constitucional\\\/#article\",\"isPartOf\":{\"@id\":\"https:\\\/\\\/www.ip.gov.py\\\/ip\\\/2016\\\/03\\\/15\\\/preparan-primera-mesa-de-discusion-sobre-reforma-constitucional\\\/\"},\"author\":{\"name\":\"L. Q\",\"@id\":\"https:\\\/\\\/www.ip.gov.py\\\/ip\\\/#\\\/schema\\\/person\\\/e80828ea341031e783b9df2fe5a5f4f4\"},\"headline\":\"Preparan primera mesa de discusi\u00f3n sobre reforma constitucional\",\"datePublished\":\"2016-03-15T16:01:42+00:00\",\"dateModified\":\"2016-03-15T16:03:35+00:00\",\"mainEntityOfPage\":{\"@id\":\"https:\\\/\\\/www.ip.gov.py\\\/ip\\\/2016\\\/03\\\/15\\\/preparan-primera-mesa-de-discusion-sobre-reforma-constitucional\\\/\"},\"wordCount\":173,\"publisher\":{\"@id\":\"https:\\\/\\\/www.ip.gov.py\\\/ip\\\/#organization\"},\"image\":{\"@id\":\"https:\\\/\\\/www.ip.gov.py\\\/ip\\\/2016\\\/03\\\/15\\\/preparan-primera-mesa-de-discusion-sobre-reforma-constitucional\\\/#primaryimage\"},\"thumbnailUrl\":\"https:\\\/\\\/www.ip.gov.py\\\/ip\\\/wp-content\\\/uploads\\\/2015\\\/12\\\/Senasa-03.jpg\",\"articleSection\":[\"Pol\u00edtica\"],\"inLanguage\":\"es\"},{\"@type\":\"WebPage\",\"@id\":\"https:\\\/\\\/www.ip.gov.py\\\/ip\\\/2016\\\/03\\\/15\\\/preparan-primera-mesa-de-discusion-sobre-reforma-constitucional\\\/\",\"url\":\"https:\\\/\\\/www.ip.gov.py\\\/ip\\\/2016\\\/03\\\/15\\\/preparan-primera-mesa-de-discusion-sobre-reforma-constitucional\\\/\",\"name\":\"Preparan primera mesa de discusi\u00f3n sobre reforma constitucional - .::Agencia IP::.\",\"isPartOf\":{\"@id\":\"https:\\\/\\\/www.ip.gov.py\\\/ip\\\/#website\"},\"primaryImageOfPage\":{\"@id\":\"https:\\\/\\\/www.ip.gov.py\\\/ip\\\/2016\\\/03\\\/15\\\/preparan-primera-mesa-de-discusion-sobre-reforma-constitucional\\\/#primaryimage\"},\"image\":{\"@id\":\"https:\\\/\\\/www.ip.gov.py\\\/ip\\\/2016\\\/03\\\/15\\\/preparan-primera-mesa-de-discusion-sobre-reforma-constitucional\\\/#primaryimage\"},\"thumbnailUrl\":\"https:\\\/\\\/www.ip.gov.py\\\/ip\\\/wp-content\\\/uploads\\\/2015\\\/12\\\/Senasa-03.jpg\",\"datePublished\":\"2016-03-15T16:01:42+00:00\",\"dateModified\":\"2016-03-15T16:03:35+00:00\",\"breadcrumb\":{\"@id\":\"https:\\\/\\\/www.ip.gov.py\\\/ip\\\/2016\\\/03\\\/15\\\/preparan-primera-mesa-de-discusion-sobre-reforma-constitucional\\\/#breadcrumb\"},\"inLanguage\":\"es\",\"potentialAction\":[{\"@type\":\"ReadAction\",\"target\":[\"https:\\\/\\\/www.ip.gov.py\\\/ip\\\/2016\\\/03\\\/15\\\/preparan-primera-mesa-de-discusion-sobre-reforma-constitucional\\\/\"]}]},{\"@type\":\"ImageObject\",\"inLanguage\":\"es\",\"@id\":\"https:\\\/\\\/www.ip.gov.py\\\/ip\\\/2016\\\/03\\\/15\\\/preparan-primera-mesa-de-discusion-sobre-reforma-constitucional\\\/#primaryimage\",\"url\":\"https:\\\/\\\/www.ip.gov.py\\\/ip\\\/wp-content\\\/uploads\\\/2015\\\/12\\\/Senasa-03.jpg\",\"contentUrl\":\"https:\\\/\\\/www.ip.gov.py\\\/ip\\\/wp-content\\\/uploads\\\/2015\\\/12\\\/Senasa-03.jpg\",\"width\":1000,\"height\":517,\"caption\":\"Fachada del Congreso Nacional.\"},{\"@type\":\"BreadcrumbList\",\"@id\":\"https:\\\/\\\/www.ip.gov.py\\\/ip\\\/2016\\\/03\\\/15\\\/preparan-primera-mesa-de-discusion-sobre-reforma-constitucional\\\/#breadcrumb\",\"itemListElement\":[{\"@type\":\"ListItem\",\"position\":1,\"name\":\"Portada\",\"item\":\"https:\\\/\\\/www.ip.gov.py\\\/ip\\\/\"},{\"@type\":\"ListItem\",\"position\":2,\"name\":\"Preparan primera mesa de discusi\u00f3n sobre reforma constitucional\"}]},{\"@type\":\"WebSite\",\"@id\":\"https:\\\/\\\/www.ip.gov.py\\\/ip\\\/#website\",\"url\":\"https:\\\/\\\/www.ip.gov.py\\\/ip\\\/\",\"name\":\".::Agencia IP::.\",\"description\":\"\",\"publisher\":{\"@id\":\"https:\\\/\\\/www.ip.gov.py\\\/ip\\\/#organization\"},\"potentialAction\":[{\"@type\":\"SearchAction\",\"target\":{\"@type\":\"EntryPoint\",\"urlTemplate\":\"https:\\\/\\\/www.ip.gov.py\\\/ip\\\/?s={search_term_string}\"},\"query-input\":{\"@type\":\"PropertyValueSpecification\",\"valueRequired\":true,\"valueName\":\"search_term_string\"}}],\"inLanguage\":\"es\"},{\"@type\":\"Organization\",\"@id\":\"https:\\\/\\\/www.ip.gov.py\\\/ip\\\/#organization\",\"name\":\"Agencia IP\",\"url\":\"https:\\\/\\\/www.ip.gov.py\\\/ip\\\/\",\"logo\":{\"@type\":\"ImageObject\",\"inLanguage\":\"es\",\"@id\":\"https:\\\/\\\/www.ip.gov.py\\\/ip\\\/#\\\/schema\\\/logo\\\/image\\\/\",\"url\":\"https:\\\/\\\/www.ip.gov.py\\\/ip\\\/wp-content\\\/uploads\\\/2018\\\/01\\\/Agencia-IP.jpg\",\"contentUrl\":\"https:\\\/\\\/www.ip.gov.py\\\/ip\\\/wp-content\\\/uploads\\\/2018\\\/01\\\/Agencia-IP.jpg\",\"width\":150,\"height\":150,\"caption\":\"Agencia IP\"},\"image\":{\"@id\":\"https:\\\/\\\/www.ip.gov.py\\\/ip\\\/#\\\/schema\\\/logo\\\/image\\\/\"},\"sameAs\":[\"https:\\\/\\\/www.facebook.com\\\/IPParaguay\\\/\",\"https:\\\/\\\/x.com\\\/IPParaguay\",\"https:\\\/\\\/www.instagram.com\\\/IPParaguay\"]},{\"@type\":\"Person\",\"@id\":\"https:\\\/\\\/www.ip.gov.py\\\/ip\\\/#\\\/schema\\\/person\\\/e80828ea341031e783b9df2fe5a5f4f4\",\"name\":\"L. Q\",\"url\":\"https:\\\/\\\/www.ip.gov.py\\\/ip\\\/author\\\/lquinonez\\\/\"}]}<\/script>\n<!-- \/ Yoast SEO plugin. -->","yoast_head_json":{"title":"Preparan primera mesa de discusi\u00f3n sobre reforma constitucional - .::Agencia IP::.","robots":{"index":"index","follow":"follow","max-snippet":"max-snippet:-1","max-image-preview":"max-image-preview:large","max-video-preview":"max-video-preview:-1"},"canonical":"https:\/\/www.ip.gov.py\/ip\/2016\/03\/15\/preparan-primera-mesa-de-discusion-sobre-reforma-constitucional\/","og_locale":"es_ES","og_type":"article","og_title":"Preparan primera mesa de discusi\u00f3n sobre reforma constitucional - .::Agencia IP::.","og_description":"Asunci\u00f3n, IP.- Este mi\u00e9rcoles 16 de marzo de 10:00 a 12:00 se desarrollar\u00e1 la \u201cPrimera mesa de discusi\u00f3n sobre la reforma constitucional\u201d, en el Sal\u00f3n Bicameral del Congreso Nacional.","og_url":"https:\/\/www.ip.gov.py\/ip\/2016\/03\/15\/preparan-primera-mesa-de-discusion-sobre-reforma-constitucional\/","og_site_name":".::Agencia IP::.","article_publisher":"https:\/\/www.facebook.com\/IPParaguay\/","article_published_time":"2016-03-15T16:01:42+00:00","article_modified_time":"2016-03-15T16:03:35+00:00","og_image":[{"width":1000,"height":517,"url":"https:\/\/www.ip.gov.py\/ip\/wp-content\/uploads\/2015\/12\/Senasa-03.jpg","type":"image\/jpeg"}],"author":"L. Q","twitter_card":"summary_large_image","twitter_creator":"@IPParaguay","twitter_site":"@IPParaguay","twitter_misc":{"Escrito por":"L. Q","Tiempo de lectura":"1 minuto"},"schema":{"@context":"https:\/\/schema.org","@graph":[{"@type":"Article","@id":"https:\/\/www.ip.gov.py\/ip\/2016\/03\/15\/preparan-primera-mesa-de-discusion-sobre-reforma-constitucional\/#article","isPartOf":{"@id":"https:\/\/www.ip.gov.py\/ip\/2016\/03\/15\/preparan-primera-mesa-de-discusion-sobre-reforma-constitucional\/"},"author":{"name":"L. Q","@id":"https:\/\/www.ip.gov.py\/ip\/#\/schema\/person\/e80828ea341031e783b9df2fe5a5f4f4"},"headline":"Preparan primera mesa de discusi\u00f3n sobre reforma constitucional","datePublished":"2016-03-15T16:01:42+00:00","dateModified":"2016-03-15T16:03:35+00:00","mainEntityOfPage":{"@id":"https:\/\/www.ip.gov.py\/ip\/2016\/03\/15\/preparan-primera-mesa-de-discusion-sobre-reforma-constitucional\/"},"wordCount":173,"publisher":{"@id":"https:\/\/www.ip.gov.py\/ip\/#organization"},"image":{"@id":"https:\/\/www.ip.gov.py\/ip\/2016\/03\/15\/preparan-primera-mesa-de-discusion-sobre-reforma-constitucional\/#primaryimage"},"thumbnailUrl":"https:\/\/www.ip.gov.py\/ip\/wp-content\/uploads\/2015\/12\/Senasa-03.jpg","articleSection":["Pol\u00edtica"],"inLanguage":"es"},{"@type":"WebPage","@id":"https:\/\/www.ip.gov.py\/ip\/2016\/03\/15\/preparan-primera-mesa-de-discusion-sobre-reforma-constitucional\/","url":"https:\/\/www.ip.gov.py\/ip\/2016\/03\/15\/preparan-primera-mesa-de-discusion-sobre-reforma-constitucional\/","name":"Preparan primera mesa de discusi\u00f3n sobre reforma constitucional - .::Agencia IP::.","isPartOf":{"@id":"https:\/\/www.ip.gov.py\/ip\/#website"},"primaryImageOfPage":{"@id":"https:\/\/www.ip.gov.py\/ip\/2016\/03\/15\/preparan-primera-mesa-de-discusion-sobre-reforma-constitucional\/#primaryimage"},"image":{"@id":"https:\/\/www.ip.gov.py\/ip\/2016\/03\/15\/preparan-primera-mesa-de-discusion-sobre-reforma-constitucional\/#primaryimage"},"thumbnailUrl":"https:\/\/www.ip.gov.py\/ip\/wp-content\/uploads\/2015\/12\/Senasa-03.jpg","datePublished":"2016-03-15T16:01:42+00:00","dateModified":"2016-03-15T16:03:35+00:00","breadcrumb":{"@id":"https:\/\/www.ip.gov.py\/ip\/2016\/03\/15\/preparan-primera-mesa-de-discusion-sobre-reforma-constitucional\/#breadcrumb"},"inLanguage":"es","potentialAction":[{"@type":"ReadAction","target":["https:\/\/www.ip.gov.py\/ip\/2016\/03\/15\/preparan-primera-mesa-de-discusion-sobre-reforma-constitucional\/"]}]},{"@type":"ImageObject","inLanguage":"es","@id":"https:\/\/www.ip.gov.py\/ip\/2016\/03\/15\/preparan-primera-mesa-de-discusion-sobre-reforma-constitucional\/#primaryimage","url":"https:\/\/www.ip.gov.py\/ip\/wp-content\/uploads\/2015\/12\/Senasa-03.jpg","contentUrl":"https:\/\/www.ip.gov.py\/ip\/wp-content\/uploads\/2015\/12\/Senasa-03.jpg","width":1000,"height":517,"caption":"Fachada del Congreso Nacional."},{"@type":"BreadcrumbList","@id":"https:\/\/www.ip.gov.py\/ip\/2016\/03\/15\/preparan-primera-mesa-de-discusion-sobre-reforma-constitucional\/#breadcrumb","itemListElement":[{"@type":"ListItem","position":1,"name":"Portada","item":"https:\/\/www.ip.gov.py\/ip\/"},{"@type":"ListItem","position":2,"name":"Preparan primera mesa de discusi\u00f3n sobre reforma constitucional"}]},{"@type":"WebSite","@id":"https:\/\/www.ip.gov.py\/ip\/#website","url":"https:\/\/www.ip.gov.py\/ip\/","name":".::Agencia IP::.","description":"","publisher":{"@id":"https:\/\/www.ip.gov.py\/ip\/#organization"},"potentialAction":[{"@type":"SearchAction","target":{"@type":"EntryPoint","urlTemplate":"https:\/\/www.ip.gov.py\/ip\/?s={search_term_string}"},"query-input":{"@type":"PropertyValueSpecification","valueRequired":true,"valueName":"search_term_string"}}],"inLanguage":"es"},{"@type":"Organization","@id":"https:\/\/www.ip.gov.py\/ip\/#organization","name":"Agencia IP","url":"https:\/\/www.ip.gov.py\/ip\/","logo":{"@type":"ImageObject","inLanguage":"es","@id":"https:\/\/www.ip.gov.py\/ip\/#\/schema\/logo\/image\/","url":"https:\/\/www.ip.gov.py\/ip\/wp-content\/uploads\/2018\/01\/Agencia-IP.jpg","contentUrl":"https:\/\/www.ip.gov.py\/ip\/wp-content\/uploads\/2018\/01\/Agencia-IP.jpg","width":150,"height":150,"caption":"Agencia IP"},"image":{"@id":"https:\/\/www.ip.gov.py\/ip\/#\/schema\/logo\/image\/"},"sameAs":["https:\/\/www.facebook.com\/IPParaguay\/","https:\/\/x.com\/IPParaguay","https:\/\/www.instagram.com\/IPParaguay"]},{"@type":"Person","@id":"https:\/\/www.ip.gov.py\/ip\/#\/schema\/person\/e80828ea341031e783b9df2fe5a5f4f4","name":"L. Q","url":"https:\/\/www.ip.gov.py\/ip\/author\/lquinonez\/"}]}},"_links":{"self":[{"href":"https:\/\/www.ip.gov.py\/ip\/wp-json\/wp\/v2\/posts\/86395","targetHints":{"allow":["GET"]}}],"collection":[{"href":"https:\/\/www.ip.gov.py\/ip\/wp-json\/wp\/v2\/posts"}],"about":[{"href":"https:\/\/www.ip.gov.py\/ip\/wp-json\/wp\/v2\/types\/post"}],"author":[{"embeddable":true,"href":"https:\/\/www.ip.gov.py\/ip\/wp-json\/wp\/v2\/users\/5"}],"replies":[{"embeddable":true,"href":"https:\/\/www.ip.gov.py\/ip\/wp-json\/wp\/v2\/comments?post=86395"}],"version-history":[{"count":0,"href":"https:\/\/www.ip.gov.py\/ip\/wp-json\/wp\/v2\/posts\/86395\/revisions"}],"wp:featuredmedia":[{"embeddable":true,"href":"https:\/\/www.ip.gov.py\/ip\/wp-json\/wp\/v2\/media\/68487"}],"wp:attachment":[{"href":"https:\/\/www.ip.gov.py\/ip\/wp-json\/wp\/v2\/media?parent=86395"}],"wp:term":[{"taxonomy":"category","embeddable":true,"href":"https:\/\/www.ip.gov.py\/ip\/wp-json\/wp\/v2\/categories?post=86395"},{"taxonomy":"post_tag","embeddable":true,"href":"https:\/\/www.ip.gov.py\/ip\/wp-json\/wp\/v2\/tags?post=86395"}],"curies":[{"name":"wp","href":"https:\/\/api.w.org\/{rel}","templated":true}]}}