{"id":87923,"date":"2016-03-24T11:30:40","date_gmt":"2016-03-24T14:30:40","guid":{"rendered":"http:\/\/desarrollo.ip.gov.py\/ip\/?p=87923"},"modified":"2016-03-24T13:03:32","modified_gmt":"2016-03-24T16:03:32","slug":"asuncion-sera-sede-de-reunion-de-ministros-y-altas-autoridades-de-desarrollo-social","status":"publish","type":"post","link":"https:\/\/www.ip.gov.py\/ip\/2016\/03\/24\/asuncion-sera-sede-de-reunion-de-ministros-y-altas-autoridades-de-desarrollo-social\/","title":{"rendered":"Asunci\u00f3n ser\u00e1 sede de reuni\u00f3n de ministros y autoridades de desarrollo social"},"content":{"rendered":"<p><em><strong>Asunci\u00f3n, IP.-<\/strong><\/em> El pr\u00f3ximo 13 y 14 de julio, se realizar\u00e1 en Asunci\u00f3n la tercera reuni\u00f3n de ministros y m\u00e1ximas autoridades de desarrollo social de las Am\u00e9ricas, en el \u00e1mbito del Consejo Interamericano para el Desarrollo Integral (CIDI) para reflexionar y dialogar sobre el tema \u201cEquidad e Inclusi\u00f3n Social: Superando desigualdades hacia sociedades m\u00e1s inclusivas\u201d.<!--more--><\/p>\n<p>En encuentros anteriores de ministros y altas autoridades de desarrollo social realizadas en Chile en el 2008 y Colombia en el 2010, arrojaron documentos que contienen compromisos de los estados miembros, mandatos para \u00e9stos, mandatos para la Secretar\u00eda Ejecutiva de Desarrollo Integral de la OEA (SEDI\/OEA) y para la Secretar\u00eda de la OEA.<\/p>\n<p>La reuni\u00f3n contar\u00e1 con la presencia del presidente de la Rep\u00fablica, Horacio Cartes, y la del secretario general de la OEA, Luis Almagro, entre otras altas autoridades de la regi\u00f3n, inform\u00f3 el ministro de la Secretaria de Acci\u00f3n Social (SAS), H\u00e9ctor C\u00e1rdenas.<\/p>\n<p>En las reuniones se abord\u00f3 de manera transversal el objetivo de erradicar la pobreza extrema y reducir la pobreza, se asign\u00f3 un \u00e9nfasis preponderante al tema del fortalecimiento institucional, en el sentido de que los ministros se ocuparon de establecer una l\u00ednea de acci\u00f3n clara acerca del fortalecimiento de las instituciones nacionales encargadas del tema del desarrollo social en la regi\u00f3n, as\u00ed como mejorar e interconectar los trabajos de las organizaciones regionales y subregionales que abordan el tema.<\/p>\n<p>Adem\u00e1s se le asign\u00f3 preponderancia, a las pol\u00edticas de protecci\u00f3n social y programas espec\u00edficos impulsados hasta 2010, se le dio un \u00e9nfasis a la necesidad de incrementar las pol\u00edticas de protecci\u00f3n social y se destac\u00f3 la creaci\u00f3n de la Red Interamericana de Protecci\u00f3n Social (Ripso) como resultado concreto.<\/p>\n","protected":false},"excerpt":{"rendered":"<p>Asunci\u00f3n, IP.- El pr\u00f3ximo 13 y 14 de julio, se realizar\u00e1 en Asunci\u00f3n la tercera reuni\u00f3n de ministros y m\u00e1ximas autoridades de desarrollo social de las Am\u00e9ricas, en el \u00e1mbito del Consejo Interamericano para el Desarrollo Integral (CIDI) para reflexionar y dialogar sobre el tema \u201cEquidad e Inclusi\u00f3n Social: Superando desigualdades hacia sociedades m\u00e1s inclusivas\u201d.<\/p>\n","protected":false},"author":7,"featured_media":75523,"comment_status":"closed","ping_status":"closed","sticky":false,"template":"","format":"standard","meta":{"_monsterinsights_skip_tracking":false,"_monsterinsights_sitenote_active":false,"_monsterinsights_sitenote_note":"","_monsterinsights_sitenote_category":0,"footnotes":""},"categories":[2],"tags":[],"class_list":{"0":"post-87923","1":"post","2":"type-post","3":"status-publish","4":"format-standard","5":"has-post-thumbnail","7":"category-destacado"},"yoast_head":"<!-- This site is optimized with the Yoast SEO plugin v27.5 - https:\/\/yoast.com\/product\/yoast-seo-wordpress\/ -->\n<title>Asunci\u00f3n ser\u00e1 sede de reuni\u00f3n de ministros y autoridades de desarrollo social - .::Agencia IP::.<\/title>\n<meta name=\"robots\" content=\"index, follow, max-snippet:-1, max-image-preview:large, max-video-preview:-1\" \/>\n<link rel=\"canonical\" href=\"https:\/\/www.ip.gov.py\/ip\/2016\/03\/24\/asuncion-sera-sede-de-reunion-de-ministros-y-altas-autoridades-de-desarrollo-social\/\" \/>\n<meta property=\"og:locale\" content=\"es_ES\" \/>\n<meta property=\"og:type\" content=\"article\" \/>\n<meta property=\"og:title\" content=\"Asunci\u00f3n ser\u00e1 sede de reuni\u00f3n de ministros y autoridades de desarrollo social - .::Agencia IP::.\" \/>\n<meta property=\"og:description\" content=\"Asunci\u00f3n, IP.- El pr\u00f3ximo 13 y 14 de julio, se realizar\u00e1 en Asunci\u00f3n la tercera reuni\u00f3n de ministros y m\u00e1ximas autoridades de desarrollo social de las Am\u00e9ricas, en el \u00e1mbito del Consejo Interamericano para el Desarrollo Integral (CIDI) para reflexionar y dialogar sobre el tema \u201cEquidad e Inclusi\u00f3n Social: Superando desigualdades hacia sociedades m\u00e1s inclusivas\u201d.\" \/>\n<meta property=\"og:url\" content=\"https:\/\/www.ip.gov.py\/ip\/2016\/03\/24\/asuncion-sera-sede-de-reunion-de-ministros-y-altas-autoridades-de-desarrollo-social\/\" \/>\n<meta property=\"og:site_name\" content=\".::Agencia IP::.\" \/>\n<meta property=\"article:publisher\" content=\"https:\/\/www.facebook.com\/IPParaguay\/\" \/>\n<meta property=\"article:published_time\" content=\"2016-03-24T14:30:40+00:00\" \/>\n<meta property=\"article:modified_time\" content=\"2016-03-24T16:03:32+00:00\" \/>\n<meta property=\"og:image\" content=\"https:\/\/www.ip.gov.py\/ip\/wp-content\/uploads\/2016\/01\/20110512081643_asuncion-florecida.jpg\" \/>\n\t<meta property=\"og:image:width\" content=\"1050\" \/>\n\t<meta property=\"og:image:height\" content=\"700\" \/>\n\t<meta property=\"og:image:type\" content=\"image\/jpeg\" \/>\n<meta name=\"author\" content=\"Karina L\u00f3pez\" \/>\n<meta name=\"twitter:card\" content=\"summary_large_image\" \/>\n<meta name=\"twitter:creator\" content=\"@IPParaguay\" \/>\n<meta name=\"twitter:site\" content=\"@IPParaguay\" \/>\n<meta name=\"twitter:label1\" content=\"Escrito por\" \/>\n\t<meta name=\"twitter:data1\" content=\"Karina L\u00f3pez\" \/>\n\t<meta name=\"twitter:label2\" content=\"Tiempo de lectura\" \/>\n\t<meta name=\"twitter:data2\" content=\"2 minutos\" \/>\n<script type=\"application\/ld+json\" class=\"yoast-schema-graph\">{\"@context\":\"https:\\\/\\\/schema.org\",\"@graph\":[{\"@type\":\"Article\",\"@id\":\"https:\\\/\\\/www.ip.gov.py\\\/ip\\\/2016\\\/03\\\/24\\\/asuncion-sera-sede-de-reunion-de-ministros-y-altas-autoridades-de-desarrollo-social\\\/#article\",\"isPartOf\":{\"@id\":\"https:\\\/\\\/www.ip.gov.py\\\/ip\\\/2016\\\/03\\\/24\\\/asuncion-sera-sede-de-reunion-de-ministros-y-altas-autoridades-de-desarrollo-social\\\/\"},\"author\":{\"name\":\"Karina L\u00f3pez\",\"@id\":\"https:\\\/\\\/www.ip.gov.py\\\/ip\\\/#\\\/schema\\\/person\\\/613765cf13d420d448042e6802220539\"},\"headline\":\"Asunci\u00f3n ser\u00e1 sede de reuni\u00f3n de ministros y autoridades de desarrollo social\",\"datePublished\":\"2016-03-24T14:30:40+00:00\",\"dateModified\":\"2016-03-24T16:03:32+00:00\",\"mainEntityOfPage\":{\"@id\":\"https:\\\/\\\/www.ip.gov.py\\\/ip\\\/2016\\\/03\\\/24\\\/asuncion-sera-sede-de-reunion-de-ministros-y-altas-autoridades-de-desarrollo-social\\\/\"},\"wordCount\":314,\"publisher\":{\"@id\":\"https:\\\/\\\/www.ip.gov.py\\\/ip\\\/#organization\"},\"image\":{\"@id\":\"https:\\\/\\\/www.ip.gov.py\\\/ip\\\/2016\\\/03\\\/24\\\/asuncion-sera-sede-de-reunion-de-ministros-y-altas-autoridades-de-desarrollo-social\\\/#primaryimage\"},\"thumbnailUrl\":\"https:\\\/\\\/www.ip.gov.py\\\/ip\\\/wp-content\\\/uploads\\\/2016\\\/01\\\/20110512081643_asuncion-florecida.jpg\",\"articleSection\":[\"Destacado\"],\"inLanguage\":\"es\"},{\"@type\":\"WebPage\",\"@id\":\"https:\\\/\\\/www.ip.gov.py\\\/ip\\\/2016\\\/03\\\/24\\\/asuncion-sera-sede-de-reunion-de-ministros-y-altas-autoridades-de-desarrollo-social\\\/\",\"url\":\"https:\\\/\\\/www.ip.gov.py\\\/ip\\\/2016\\\/03\\\/24\\\/asuncion-sera-sede-de-reunion-de-ministros-y-altas-autoridades-de-desarrollo-social\\\/\",\"name\":\"Asunci\u00f3n ser\u00e1 sede de reuni\u00f3n de ministros y autoridades de desarrollo social - .::Agencia IP::.\",\"isPartOf\":{\"@id\":\"https:\\\/\\\/www.ip.gov.py\\\/ip\\\/#website\"},\"primaryImageOfPage\":{\"@id\":\"https:\\\/\\\/www.ip.gov.py\\\/ip\\\/2016\\\/03\\\/24\\\/asuncion-sera-sede-de-reunion-de-ministros-y-altas-autoridades-de-desarrollo-social\\\/#primaryimage\"},\"image\":{\"@id\":\"https:\\\/\\\/www.ip.gov.py\\\/ip\\\/2016\\\/03\\\/24\\\/asuncion-sera-sede-de-reunion-de-ministros-y-altas-autoridades-de-desarrollo-social\\\/#primaryimage\"},\"thumbnailUrl\":\"https:\\\/\\\/www.ip.gov.py\\\/ip\\\/wp-content\\\/uploads\\\/2016\\\/01\\\/20110512081643_asuncion-florecida.jpg\",\"datePublished\":\"2016-03-24T14:30:40+00:00\",\"dateModified\":\"2016-03-24T16:03:32+00:00\",\"breadcrumb\":{\"@id\":\"https:\\\/\\\/www.ip.gov.py\\\/ip\\\/2016\\\/03\\\/24\\\/asuncion-sera-sede-de-reunion-de-ministros-y-altas-autoridades-de-desarrollo-social\\\/#breadcrumb\"},\"inLanguage\":\"es\",\"potentialAction\":[{\"@type\":\"ReadAction\",\"target\":[\"https:\\\/\\\/www.ip.gov.py\\\/ip\\\/2016\\\/03\\\/24\\\/asuncion-sera-sede-de-reunion-de-ministros-y-altas-autoridades-de-desarrollo-social\\\/\"]}]},{\"@type\":\"ImageObject\",\"inLanguage\":\"es\",\"@id\":\"https:\\\/\\\/www.ip.gov.py\\\/ip\\\/2016\\\/03\\\/24\\\/asuncion-sera-sede-de-reunion-de-ministros-y-altas-autoridades-de-desarrollo-social\\\/#primaryimage\",\"url\":\"https:\\\/\\\/www.ip.gov.py\\\/ip\\\/wp-content\\\/uploads\\\/2016\\\/01\\\/20110512081643_asuncion-florecida.jpg\",\"contentUrl\":\"https:\\\/\\\/www.ip.gov.py\\\/ip\\\/wp-content\\\/uploads\\\/2016\\\/01\\\/20110512081643_asuncion-florecida.jpg\",\"width\":1050,\"height\":700,\"caption\":\"Foto Ilustrativa.\"},{\"@type\":\"BreadcrumbList\",\"@id\":\"https:\\\/\\\/www.ip.gov.py\\\/ip\\\/2016\\\/03\\\/24\\\/asuncion-sera-sede-de-reunion-de-ministros-y-altas-autoridades-de-desarrollo-social\\\/#breadcrumb\",\"itemListElement\":[{\"@type\":\"ListItem\",\"position\":1,\"name\":\"Portada\",\"item\":\"https:\\\/\\\/www.ip.gov.py\\\/ip\\\/\"},{\"@type\":\"ListItem\",\"position\":2,\"name\":\"Asunci\u00f3n ser\u00e1 sede de reuni\u00f3n de ministros y autoridades de desarrollo social\"}]},{\"@type\":\"WebSite\",\"@id\":\"https:\\\/\\\/www.ip.gov.py\\\/ip\\\/#website\",\"url\":\"https:\\\/\\\/www.ip.gov.py\\\/ip\\\/\",\"name\":\".::Agencia IP::.\",\"description\":\"\",\"publisher\":{\"@id\":\"https:\\\/\\\/www.ip.gov.py\\\/ip\\\/#organization\"},\"potentialAction\":[{\"@type\":\"SearchAction\",\"target\":{\"@type\":\"EntryPoint\",\"urlTemplate\":\"https:\\\/\\\/www.ip.gov.py\\\/ip\\\/?s={search_term_string}\"},\"query-input\":{\"@type\":\"PropertyValueSpecification\",\"valueRequired\":true,\"valueName\":\"search_term_string\"}}],\"inLanguage\":\"es\"},{\"@type\":\"Organization\",\"@id\":\"https:\\\/\\\/www.ip.gov.py\\\/ip\\\/#organization\",\"name\":\"Agencia IP\",\"url\":\"https:\\\/\\\/www.ip.gov.py\\\/ip\\\/\",\"logo\":{\"@type\":\"ImageObject\",\"inLanguage\":\"es\",\"@id\":\"https:\\\/\\\/www.ip.gov.py\\\/ip\\\/#\\\/schema\\\/logo\\\/image\\\/\",\"url\":\"https:\\\/\\\/www.ip.gov.py\\\/ip\\\/wp-content\\\/uploads\\\/2018\\\/01\\\/Agencia-IP.jpg\",\"contentUrl\":\"https:\\\/\\\/www.ip.gov.py\\\/ip\\\/wp-content\\\/uploads\\\/2018\\\/01\\\/Agencia-IP.jpg\",\"width\":150,\"height\":150,\"caption\":\"Agencia IP\"},\"image\":{\"@id\":\"https:\\\/\\\/www.ip.gov.py\\\/ip\\\/#\\\/schema\\\/logo\\\/image\\\/\"},\"sameAs\":[\"https:\\\/\\\/www.facebook.com\\\/IPParaguay\\\/\",\"https:\\\/\\\/x.com\\\/IPParaguay\",\"https:\\\/\\\/www.instagram.com\\\/IPParaguay\"]},{\"@type\":\"Person\",\"@id\":\"https:\\\/\\\/www.ip.gov.py\\\/ip\\\/#\\\/schema\\\/person\\\/613765cf13d420d448042e6802220539\",\"name\":\"Karina L\u00f3pez\",\"url\":\"https:\\\/\\\/www.ip.gov.py\\\/ip\\\/author\\\/klopez\\\/\"}]}<\/script>\n<!-- \/ Yoast SEO plugin. -->","yoast_head_json":{"title":"Asunci\u00f3n ser\u00e1 sede de reuni\u00f3n de ministros y autoridades de desarrollo social - .::Agencia IP::.","robots":{"index":"index","follow":"follow","max-snippet":"max-snippet:-1","max-image-preview":"max-image-preview:large","max-video-preview":"max-video-preview:-1"},"canonical":"https:\/\/www.ip.gov.py\/ip\/2016\/03\/24\/asuncion-sera-sede-de-reunion-de-ministros-y-altas-autoridades-de-desarrollo-social\/","og_locale":"es_ES","og_type":"article","og_title":"Asunci\u00f3n ser\u00e1 sede de reuni\u00f3n de ministros y autoridades de desarrollo social - .::Agencia IP::.","og_description":"Asunci\u00f3n, IP.- El pr\u00f3ximo 13 y 14 de julio, se realizar\u00e1 en Asunci\u00f3n la tercera reuni\u00f3n de ministros y m\u00e1ximas autoridades de desarrollo social de las Am\u00e9ricas, en el \u00e1mbito del Consejo Interamericano para el Desarrollo Integral (CIDI) para reflexionar y dialogar sobre el tema \u201cEquidad e Inclusi\u00f3n Social: Superando desigualdades hacia sociedades m\u00e1s inclusivas\u201d.","og_url":"https:\/\/www.ip.gov.py\/ip\/2016\/03\/24\/asuncion-sera-sede-de-reunion-de-ministros-y-altas-autoridades-de-desarrollo-social\/","og_site_name":".::Agencia IP::.","article_publisher":"https:\/\/www.facebook.com\/IPParaguay\/","article_published_time":"2016-03-24T14:30:40+00:00","article_modified_time":"2016-03-24T16:03:32+00:00","og_image":[{"width":1050,"height":700,"url":"https:\/\/www.ip.gov.py\/ip\/wp-content\/uploads\/2016\/01\/20110512081643_asuncion-florecida.jpg","type":"image\/jpeg"}],"author":"Karina L\u00f3pez","twitter_card":"summary_large_image","twitter_creator":"@IPParaguay","twitter_site":"@IPParaguay","twitter_misc":{"Escrito por":"Karina L\u00f3pez","Tiempo de lectura":"2 minutos"},"schema":{"@context":"https:\/\/schema.org","@graph":[{"@type":"Article","@id":"https:\/\/www.ip.gov.py\/ip\/2016\/03\/24\/asuncion-sera-sede-de-reunion-de-ministros-y-altas-autoridades-de-desarrollo-social\/#article","isPartOf":{"@id":"https:\/\/www.ip.gov.py\/ip\/2016\/03\/24\/asuncion-sera-sede-de-reunion-de-ministros-y-altas-autoridades-de-desarrollo-social\/"},"author":{"name":"Karina L\u00f3pez","@id":"https:\/\/www.ip.gov.py\/ip\/#\/schema\/person\/613765cf13d420d448042e6802220539"},"headline":"Asunci\u00f3n ser\u00e1 sede de reuni\u00f3n de ministros y autoridades de desarrollo social","datePublished":"2016-03-24T14:30:40+00:00","dateModified":"2016-03-24T16:03:32+00:00","mainEntityOfPage":{"@id":"https:\/\/www.ip.gov.py\/ip\/2016\/03\/24\/asuncion-sera-sede-de-reunion-de-ministros-y-altas-autoridades-de-desarrollo-social\/"},"wordCount":314,"publisher":{"@id":"https:\/\/www.ip.gov.py\/ip\/#organization"},"image":{"@id":"https:\/\/www.ip.gov.py\/ip\/2016\/03\/24\/asuncion-sera-sede-de-reunion-de-ministros-y-altas-autoridades-de-desarrollo-social\/#primaryimage"},"thumbnailUrl":"https:\/\/www.ip.gov.py\/ip\/wp-content\/uploads\/2016\/01\/20110512081643_asuncion-florecida.jpg","articleSection":["Destacado"],"inLanguage":"es"},{"@type":"WebPage","@id":"https:\/\/www.ip.gov.py\/ip\/2016\/03\/24\/asuncion-sera-sede-de-reunion-de-ministros-y-altas-autoridades-de-desarrollo-social\/","url":"https:\/\/www.ip.gov.py\/ip\/2016\/03\/24\/asuncion-sera-sede-de-reunion-de-ministros-y-altas-autoridades-de-desarrollo-social\/","name":"Asunci\u00f3n ser\u00e1 sede de reuni\u00f3n de ministros y autoridades de desarrollo social - .::Agencia IP::.","isPartOf":{"@id":"https:\/\/www.ip.gov.py\/ip\/#website"},"primaryImageOfPage":{"@id":"https:\/\/www.ip.gov.py\/ip\/2016\/03\/24\/asuncion-sera-sede-de-reunion-de-ministros-y-altas-autoridades-de-desarrollo-social\/#primaryimage"},"image":{"@id":"https:\/\/www.ip.gov.py\/ip\/2016\/03\/24\/asuncion-sera-sede-de-reunion-de-ministros-y-altas-autoridades-de-desarrollo-social\/#primaryimage"},"thumbnailUrl":"https:\/\/www.ip.gov.py\/ip\/wp-content\/uploads\/2016\/01\/20110512081643_asuncion-florecida.jpg","datePublished":"2016-03-24T14:30:40+00:00","dateModified":"2016-03-24T16:03:32+00:00","breadcrumb":{"@id":"https:\/\/www.ip.gov.py\/ip\/2016\/03\/24\/asuncion-sera-sede-de-reunion-de-ministros-y-altas-autoridades-de-desarrollo-social\/#breadcrumb"},"inLanguage":"es","potentialAction":[{"@type":"ReadAction","target":["https:\/\/www.ip.gov.py\/ip\/2016\/03\/24\/asuncion-sera-sede-de-reunion-de-ministros-y-altas-autoridades-de-desarrollo-social\/"]}]},{"@type":"ImageObject","inLanguage":"es","@id":"https:\/\/www.ip.gov.py\/ip\/2016\/03\/24\/asuncion-sera-sede-de-reunion-de-ministros-y-altas-autoridades-de-desarrollo-social\/#primaryimage","url":"https:\/\/www.ip.gov.py\/ip\/wp-content\/uploads\/2016\/01\/20110512081643_asuncion-florecida.jpg","contentUrl":"https:\/\/www.ip.gov.py\/ip\/wp-content\/uploads\/2016\/01\/20110512081643_asuncion-florecida.jpg","width":1050,"height":700,"caption":"Foto Ilustrativa."},{"@type":"BreadcrumbList","@id":"https:\/\/www.ip.gov.py\/ip\/2016\/03\/24\/asuncion-sera-sede-de-reunion-de-ministros-y-altas-autoridades-de-desarrollo-social\/#breadcrumb","itemListElement":[{"@type":"ListItem","position":1,"name":"Portada","item":"https:\/\/www.ip.gov.py\/ip\/"},{"@type":"ListItem","position":2,"name":"Asunci\u00f3n ser\u00e1 sede de reuni\u00f3n de ministros y autoridades de desarrollo social"}]},{"@type":"WebSite","@id":"https:\/\/www.ip.gov.py\/ip\/#website","url":"https:\/\/www.ip.gov.py\/ip\/","name":".::Agencia IP::.","description":"","publisher":{"@id":"https:\/\/www.ip.gov.py\/ip\/#organization"},"potentialAction":[{"@type":"SearchAction","target":{"@type":"EntryPoint","urlTemplate":"https:\/\/www.ip.gov.py\/ip\/?s={search_term_string}"},"query-input":{"@type":"PropertyValueSpecification","valueRequired":true,"valueName":"search_term_string"}}],"inLanguage":"es"},{"@type":"Organization","@id":"https:\/\/www.ip.gov.py\/ip\/#organization","name":"Agencia IP","url":"https:\/\/www.ip.gov.py\/ip\/","logo":{"@type":"ImageObject","inLanguage":"es","@id":"https:\/\/www.ip.gov.py\/ip\/#\/schema\/logo\/image\/","url":"https:\/\/www.ip.gov.py\/ip\/wp-content\/uploads\/2018\/01\/Agencia-IP.jpg","contentUrl":"https:\/\/www.ip.gov.py\/ip\/wp-content\/uploads\/2018\/01\/Agencia-IP.jpg","width":150,"height":150,"caption":"Agencia IP"},"image":{"@id":"https:\/\/www.ip.gov.py\/ip\/#\/schema\/logo\/image\/"},"sameAs":["https:\/\/www.facebook.com\/IPParaguay\/","https:\/\/x.com\/IPParaguay","https:\/\/www.instagram.com\/IPParaguay"]},{"@type":"Person","@id":"https:\/\/www.ip.gov.py\/ip\/#\/schema\/person\/613765cf13d420d448042e6802220539","name":"Karina L\u00f3pez","url":"https:\/\/www.ip.gov.py\/ip\/author\/klopez\/"}]}},"_links":{"self":[{"href":"https:\/\/www.ip.gov.py\/ip\/wp-json\/wp\/v2\/posts\/87923","targetHints":{"allow":["GET"]}}],"collection":[{"href":"https:\/\/www.ip.gov.py\/ip\/wp-json\/wp\/v2\/posts"}],"about":[{"href":"https:\/\/www.ip.gov.py\/ip\/wp-json\/wp\/v2\/types\/post"}],"author":[{"embeddable":true,"href":"https:\/\/www.ip.gov.py\/ip\/wp-json\/wp\/v2\/users\/7"}],"replies":[{"embeddable":true,"href":"https:\/\/www.ip.gov.py\/ip\/wp-json\/wp\/v2\/comments?post=87923"}],"version-history":[{"count":0,"href":"https:\/\/www.ip.gov.py\/ip\/wp-json\/wp\/v2\/posts\/87923\/revisions"}],"wp:featuredmedia":[{"embeddable":true,"href":"https:\/\/www.ip.gov.py\/ip\/wp-json\/wp\/v2\/media\/75523"}],"wp:attachment":[{"href":"https:\/\/www.ip.gov.py\/ip\/wp-json\/wp\/v2\/media?parent=87923"}],"wp:term":[{"taxonomy":"category","embeddable":true,"href":"https:\/\/www.ip.gov.py\/ip\/wp-json\/wp\/v2\/categories?post=87923"},{"taxonomy":"post_tag","embeddable":true,"href":"https:\/\/www.ip.gov.py\/ip\/wp-json\/wp\/v2\/tags?post=87923"}],"curies":[{"name":"wp","href":"https:\/\/api.w.org\/{rel}","templated":true}]}}