{"id":88322,"date":"2016-03-28T11:20:28","date_gmt":"2016-03-28T15:20:28","guid":{"rendered":"http:\/\/desarrollo.ip.gov.py\/ip\/?p=88322"},"modified":"2016-03-28T11:29:21","modified_gmt":"2016-03-28T15:29:21","slug":"programaran-tres-fechas-de-la-segunda-rueda-del-apertura","status":"publish","type":"post","link":"https:\/\/www.ip.gov.py\/ip\/2016\/03\/28\/programaran-tres-fechas-de-la-segunda-rueda-del-apertura\/","title":{"rendered":"Programar\u00e1n tres fechas de la segunda rueda del Apertura"},"content":{"rendered":"<p style=\"text-align: justify;\"><em><strong>Asunci\u00f3n, IP.-<\/strong> <\/em>El Consejo Profesional de la Asociaci\u00f3n Paraguay de Futbol (APF) programar\u00e1 este lunes desde las 18:00 tres fechas del campeonato Apertura.<!--more--><\/p>\n<p style=\"text-align: justify;\">En la Asociaci\u00f3n Paraguaya de F\u00fatbol se programar\u00e1 esta tarde tres fechas del Consejo Profesional, que prev\u00e9 una fecha de adelanto, la segunda de la segunda rueda.<\/p>\n<p style=\"text-align: justify;\">La reuni\u00f3n se llevar\u00e1 a cabo en la APF a partir de las 18:00 y ser\u00e1n calendarizados los encuentros de la primera, segunda y tercera fechas de la segunda rueda del Apertura Profesional 2016, refiere el informe de la APF.<\/p>\n","protected":false},"excerpt":{"rendered":"<p>Asunci\u00f3n, IP.- El Consejo Profesional de la Asociaci\u00f3n Paraguay de Futbol (APF) programar\u00e1 este lunes desde las 18:00 tres fechas del campeonato Apertura.<\/p>\n","protected":false},"author":7,"featured_media":88323,"comment_status":"closed","ping_status":"closed","sticky":false,"template":"","format":"standard","meta":{"_monsterinsights_skip_tracking":false,"_monsterinsights_sitenote_active":false,"_monsterinsights_sitenote_note":"","_monsterinsights_sitenote_category":0,"footnotes":""},"categories":[8],"tags":[],"class_list":{"0":"post-88322","1":"post","2":"type-post","3":"status-publish","4":"format-standard","5":"has-post-thumbnail","7":"category-deportes"},"yoast_head":"<!-- This site is optimized with the Yoast SEO plugin v27.5 - https:\/\/yoast.com\/product\/yoast-seo-wordpress\/ -->\n<title>Programar\u00e1n tres fechas de la segunda rueda del Apertura - .::Agencia IP::.<\/title>\n<meta name=\"robots\" content=\"index, follow, max-snippet:-1, max-image-preview:large, max-video-preview:-1\" \/>\n<link rel=\"canonical\" href=\"https:\/\/www.ip.gov.py\/ip\/2016\/03\/28\/programaran-tres-fechas-de-la-segunda-rueda-del-apertura\/\" \/>\n<meta property=\"og:locale\" content=\"es_ES\" \/>\n<meta property=\"og:type\" content=\"article\" \/>\n<meta property=\"og:title\" content=\"Programar\u00e1n tres fechas de la segunda rueda del Apertura - .::Agencia IP::.\" \/>\n<meta property=\"og:description\" content=\"Asunci\u00f3n, IP.- El Consejo Profesional de la Asociaci\u00f3n Paraguay de Futbol (APF) programar\u00e1 este lunes desde las 18:00 tres fechas del campeonato Apertura.\" \/>\n<meta property=\"og:url\" content=\"https:\/\/www.ip.gov.py\/ip\/2016\/03\/28\/programaran-tres-fechas-de-la-segunda-rueda-del-apertura\/\" \/>\n<meta property=\"og:site_name\" content=\".::Agencia IP::.\" \/>\n<meta property=\"article:publisher\" content=\"https:\/\/www.facebook.com\/IPParaguay\/\" \/>\n<meta property=\"article:published_time\" content=\"2016-03-28T15:20:28+00:00\" \/>\n<meta property=\"article:modified_time\" content=\"2016-03-28T15:29:21+00:00\" \/>\n<meta property=\"og:image\" content=\"https:\/\/www.ip.gov.py\/ip\/wp-content\/uploads\/2016\/03\/CONSEJO-PROFESIONAL-APF.jpg\" \/>\n\t<meta property=\"og:image:width\" content=\"600\" \/>\n\t<meta property=\"og:image:height\" content=\"304\" \/>\n\t<meta property=\"og:image:type\" content=\"image\/jpeg\" \/>\n<meta name=\"author\" content=\"Karina L\u00f3pez\" \/>\n<meta name=\"twitter:card\" content=\"summary_large_image\" \/>\n<meta name=\"twitter:creator\" content=\"@IPParaguay\" \/>\n<meta name=\"twitter:site\" content=\"@IPParaguay\" \/>\n<meta name=\"twitter:label1\" content=\"Escrito por\" \/>\n\t<meta name=\"twitter:data1\" content=\"Karina L\u00f3pez\" \/>\n<script type=\"application\/ld+json\" class=\"yoast-schema-graph\">{\"@context\":\"https:\\\/\\\/schema.org\",\"@graph\":[{\"@type\":\"Article\",\"@id\":\"https:\\\/\\\/www.ip.gov.py\\\/ip\\\/2016\\\/03\\\/28\\\/programaran-tres-fechas-de-la-segunda-rueda-del-apertura\\\/#article\",\"isPartOf\":{\"@id\":\"https:\\\/\\\/www.ip.gov.py\\\/ip\\\/2016\\\/03\\\/28\\\/programaran-tres-fechas-de-la-segunda-rueda-del-apertura\\\/\"},\"author\":{\"name\":\"Karina L\u00f3pez\",\"@id\":\"https:\\\/\\\/www.ip.gov.py\\\/ip\\\/#\\\/schema\\\/person\\\/613765cf13d420d448042e6802220539\"},\"headline\":\"Programar\u00e1n tres fechas de la segunda rueda del Apertura\",\"datePublished\":\"2016-03-28T15:20:28+00:00\",\"dateModified\":\"2016-03-28T15:29:21+00:00\",\"mainEntityOfPage\":{\"@id\":\"https:\\\/\\\/www.ip.gov.py\\\/ip\\\/2016\\\/03\\\/28\\\/programaran-tres-fechas-de-la-segunda-rueda-del-apertura\\\/\"},\"wordCount\":104,\"publisher\":{\"@id\":\"https:\\\/\\\/www.ip.gov.py\\\/ip\\\/#organization\"},\"image\":{\"@id\":\"https:\\\/\\\/www.ip.gov.py\\\/ip\\\/2016\\\/03\\\/28\\\/programaran-tres-fechas-de-la-segunda-rueda-del-apertura\\\/#primaryimage\"},\"thumbnailUrl\":\"https:\\\/\\\/www.ip.gov.py\\\/ip\\\/wp-content\\\/uploads\\\/2016\\\/03\\\/CONSEJO-PROFESIONAL-APF.jpg\",\"articleSection\":[\"Deportes\"],\"inLanguage\":\"es\"},{\"@type\":\"WebPage\",\"@id\":\"https:\\\/\\\/www.ip.gov.py\\\/ip\\\/2016\\\/03\\\/28\\\/programaran-tres-fechas-de-la-segunda-rueda-del-apertura\\\/\",\"url\":\"https:\\\/\\\/www.ip.gov.py\\\/ip\\\/2016\\\/03\\\/28\\\/programaran-tres-fechas-de-la-segunda-rueda-del-apertura\\\/\",\"name\":\"Programar\u00e1n tres fechas de la segunda rueda del Apertura - .::Agencia IP::.\",\"isPartOf\":{\"@id\":\"https:\\\/\\\/www.ip.gov.py\\\/ip\\\/#website\"},\"primaryImageOfPage\":{\"@id\":\"https:\\\/\\\/www.ip.gov.py\\\/ip\\\/2016\\\/03\\\/28\\\/programaran-tres-fechas-de-la-segunda-rueda-del-apertura\\\/#primaryimage\"},\"image\":{\"@id\":\"https:\\\/\\\/www.ip.gov.py\\\/ip\\\/2016\\\/03\\\/28\\\/programaran-tres-fechas-de-la-segunda-rueda-del-apertura\\\/#primaryimage\"},\"thumbnailUrl\":\"https:\\\/\\\/www.ip.gov.py\\\/ip\\\/wp-content\\\/uploads\\\/2016\\\/03\\\/CONSEJO-PROFESIONAL-APF.jpg\",\"datePublished\":\"2016-03-28T15:20:28+00:00\",\"dateModified\":\"2016-03-28T15:29:21+00:00\",\"breadcrumb\":{\"@id\":\"https:\\\/\\\/www.ip.gov.py\\\/ip\\\/2016\\\/03\\\/28\\\/programaran-tres-fechas-de-la-segunda-rueda-del-apertura\\\/#breadcrumb\"},\"inLanguage\":\"es\",\"potentialAction\":[{\"@type\":\"ReadAction\",\"target\":[\"https:\\\/\\\/www.ip.gov.py\\\/ip\\\/2016\\\/03\\\/28\\\/programaran-tres-fechas-de-la-segunda-rueda-del-apertura\\\/\"]}]},{\"@type\":\"ImageObject\",\"inLanguage\":\"es\",\"@id\":\"https:\\\/\\\/www.ip.gov.py\\\/ip\\\/2016\\\/03\\\/28\\\/programaran-tres-fechas-de-la-segunda-rueda-del-apertura\\\/#primaryimage\",\"url\":\"https:\\\/\\\/www.ip.gov.py\\\/ip\\\/wp-content\\\/uploads\\\/2016\\\/03\\\/CONSEJO-PROFESIONAL-APF.jpg\",\"contentUrl\":\"https:\\\/\\\/www.ip.gov.py\\\/ip\\\/wp-content\\\/uploads\\\/2016\\\/03\\\/CONSEJO-PROFESIONAL-APF.jpg\",\"width\":600,\"height\":304,\"caption\":\"Foto APF.\"},{\"@type\":\"BreadcrumbList\",\"@id\":\"https:\\\/\\\/www.ip.gov.py\\\/ip\\\/2016\\\/03\\\/28\\\/programaran-tres-fechas-de-la-segunda-rueda-del-apertura\\\/#breadcrumb\",\"itemListElement\":[{\"@type\":\"ListItem\",\"position\":1,\"name\":\"Portada\",\"item\":\"https:\\\/\\\/www.ip.gov.py\\\/ip\\\/\"},{\"@type\":\"ListItem\",\"position\":2,\"name\":\"Programar\u00e1n tres fechas de la segunda rueda del Apertura\"}]},{\"@type\":\"WebSite\",\"@id\":\"https:\\\/\\\/www.ip.gov.py\\\/ip\\\/#website\",\"url\":\"https:\\\/\\\/www.ip.gov.py\\\/ip\\\/\",\"name\":\".::Agencia IP::.\",\"description\":\"\",\"publisher\":{\"@id\":\"https:\\\/\\\/www.ip.gov.py\\\/ip\\\/#organization\"},\"potentialAction\":[{\"@type\":\"SearchAction\",\"target\":{\"@type\":\"EntryPoint\",\"urlTemplate\":\"https:\\\/\\\/www.ip.gov.py\\\/ip\\\/?s={search_term_string}\"},\"query-input\":{\"@type\":\"PropertyValueSpecification\",\"valueRequired\":true,\"valueName\":\"search_term_string\"}}],\"inLanguage\":\"es\"},{\"@type\":\"Organization\",\"@id\":\"https:\\\/\\\/www.ip.gov.py\\\/ip\\\/#organization\",\"name\":\"Agencia IP\",\"url\":\"https:\\\/\\\/www.ip.gov.py\\\/ip\\\/\",\"logo\":{\"@type\":\"ImageObject\",\"inLanguage\":\"es\",\"@id\":\"https:\\\/\\\/www.ip.gov.py\\\/ip\\\/#\\\/schema\\\/logo\\\/image\\\/\",\"url\":\"https:\\\/\\\/www.ip.gov.py\\\/ip\\\/wp-content\\\/uploads\\\/2018\\\/01\\\/Agencia-IP.jpg\",\"contentUrl\":\"https:\\\/\\\/www.ip.gov.py\\\/ip\\\/wp-content\\\/uploads\\\/2018\\\/01\\\/Agencia-IP.jpg\",\"width\":150,\"height\":150,\"caption\":\"Agencia IP\"},\"image\":{\"@id\":\"https:\\\/\\\/www.ip.gov.py\\\/ip\\\/#\\\/schema\\\/logo\\\/image\\\/\"},\"sameAs\":[\"https:\\\/\\\/www.facebook.com\\\/IPParaguay\\\/\",\"https:\\\/\\\/x.com\\\/IPParaguay\",\"https:\\\/\\\/www.instagram.com\\\/IPParaguay\"]},{\"@type\":\"Person\",\"@id\":\"https:\\\/\\\/www.ip.gov.py\\\/ip\\\/#\\\/schema\\\/person\\\/613765cf13d420d448042e6802220539\",\"name\":\"Karina L\u00f3pez\",\"url\":\"https:\\\/\\\/www.ip.gov.py\\\/ip\\\/author\\\/klopez\\\/\"}]}<\/script>\n<!-- \/ Yoast SEO plugin. -->","yoast_head_json":{"title":"Programar\u00e1n tres fechas de la segunda rueda del Apertura - .::Agencia IP::.","robots":{"index":"index","follow":"follow","max-snippet":"max-snippet:-1","max-image-preview":"max-image-preview:large","max-video-preview":"max-video-preview:-1"},"canonical":"https:\/\/www.ip.gov.py\/ip\/2016\/03\/28\/programaran-tres-fechas-de-la-segunda-rueda-del-apertura\/","og_locale":"es_ES","og_type":"article","og_title":"Programar\u00e1n tres fechas de la segunda rueda del Apertura - .::Agencia IP::.","og_description":"Asunci\u00f3n, IP.- El Consejo Profesional de la Asociaci\u00f3n Paraguay de Futbol (APF) programar\u00e1 este lunes desde las 18:00 tres fechas del campeonato Apertura.","og_url":"https:\/\/www.ip.gov.py\/ip\/2016\/03\/28\/programaran-tres-fechas-de-la-segunda-rueda-del-apertura\/","og_site_name":".::Agencia IP::.","article_publisher":"https:\/\/www.facebook.com\/IPParaguay\/","article_published_time":"2016-03-28T15:20:28+00:00","article_modified_time":"2016-03-28T15:29:21+00:00","og_image":[{"width":600,"height":304,"url":"https:\/\/www.ip.gov.py\/ip\/wp-content\/uploads\/2016\/03\/CONSEJO-PROFESIONAL-APF.jpg","type":"image\/jpeg"}],"author":"Karina L\u00f3pez","twitter_card":"summary_large_image","twitter_creator":"@IPParaguay","twitter_site":"@IPParaguay","twitter_misc":{"Escrito por":"Karina L\u00f3pez"},"schema":{"@context":"https:\/\/schema.org","@graph":[{"@type":"Article","@id":"https:\/\/www.ip.gov.py\/ip\/2016\/03\/28\/programaran-tres-fechas-de-la-segunda-rueda-del-apertura\/#article","isPartOf":{"@id":"https:\/\/www.ip.gov.py\/ip\/2016\/03\/28\/programaran-tres-fechas-de-la-segunda-rueda-del-apertura\/"},"author":{"name":"Karina L\u00f3pez","@id":"https:\/\/www.ip.gov.py\/ip\/#\/schema\/person\/613765cf13d420d448042e6802220539"},"headline":"Programar\u00e1n tres fechas de la segunda rueda del Apertura","datePublished":"2016-03-28T15:20:28+00:00","dateModified":"2016-03-28T15:29:21+00:00","mainEntityOfPage":{"@id":"https:\/\/www.ip.gov.py\/ip\/2016\/03\/28\/programaran-tres-fechas-de-la-segunda-rueda-del-apertura\/"},"wordCount":104,"publisher":{"@id":"https:\/\/www.ip.gov.py\/ip\/#organization"},"image":{"@id":"https:\/\/www.ip.gov.py\/ip\/2016\/03\/28\/programaran-tres-fechas-de-la-segunda-rueda-del-apertura\/#primaryimage"},"thumbnailUrl":"https:\/\/www.ip.gov.py\/ip\/wp-content\/uploads\/2016\/03\/CONSEJO-PROFESIONAL-APF.jpg","articleSection":["Deportes"],"inLanguage":"es"},{"@type":"WebPage","@id":"https:\/\/www.ip.gov.py\/ip\/2016\/03\/28\/programaran-tres-fechas-de-la-segunda-rueda-del-apertura\/","url":"https:\/\/www.ip.gov.py\/ip\/2016\/03\/28\/programaran-tres-fechas-de-la-segunda-rueda-del-apertura\/","name":"Programar\u00e1n tres fechas de la segunda rueda del Apertura - .::Agencia IP::.","isPartOf":{"@id":"https:\/\/www.ip.gov.py\/ip\/#website"},"primaryImageOfPage":{"@id":"https:\/\/www.ip.gov.py\/ip\/2016\/03\/28\/programaran-tres-fechas-de-la-segunda-rueda-del-apertura\/#primaryimage"},"image":{"@id":"https:\/\/www.ip.gov.py\/ip\/2016\/03\/28\/programaran-tres-fechas-de-la-segunda-rueda-del-apertura\/#primaryimage"},"thumbnailUrl":"https:\/\/www.ip.gov.py\/ip\/wp-content\/uploads\/2016\/03\/CONSEJO-PROFESIONAL-APF.jpg","datePublished":"2016-03-28T15:20:28+00:00","dateModified":"2016-03-28T15:29:21+00:00","breadcrumb":{"@id":"https:\/\/www.ip.gov.py\/ip\/2016\/03\/28\/programaran-tres-fechas-de-la-segunda-rueda-del-apertura\/#breadcrumb"},"inLanguage":"es","potentialAction":[{"@type":"ReadAction","target":["https:\/\/www.ip.gov.py\/ip\/2016\/03\/28\/programaran-tres-fechas-de-la-segunda-rueda-del-apertura\/"]}]},{"@type":"ImageObject","inLanguage":"es","@id":"https:\/\/www.ip.gov.py\/ip\/2016\/03\/28\/programaran-tres-fechas-de-la-segunda-rueda-del-apertura\/#primaryimage","url":"https:\/\/www.ip.gov.py\/ip\/wp-content\/uploads\/2016\/03\/CONSEJO-PROFESIONAL-APF.jpg","contentUrl":"https:\/\/www.ip.gov.py\/ip\/wp-content\/uploads\/2016\/03\/CONSEJO-PROFESIONAL-APF.jpg","width":600,"height":304,"caption":"Foto APF."},{"@type":"BreadcrumbList","@id":"https:\/\/www.ip.gov.py\/ip\/2016\/03\/28\/programaran-tres-fechas-de-la-segunda-rueda-del-apertura\/#breadcrumb","itemListElement":[{"@type":"ListItem","position":1,"name":"Portada","item":"https:\/\/www.ip.gov.py\/ip\/"},{"@type":"ListItem","position":2,"name":"Programar\u00e1n tres fechas de la segunda rueda del Apertura"}]},{"@type":"WebSite","@id":"https:\/\/www.ip.gov.py\/ip\/#website","url":"https:\/\/www.ip.gov.py\/ip\/","name":".::Agencia IP::.","description":"","publisher":{"@id":"https:\/\/www.ip.gov.py\/ip\/#organization"},"potentialAction":[{"@type":"SearchAction","target":{"@type":"EntryPoint","urlTemplate":"https:\/\/www.ip.gov.py\/ip\/?s={search_term_string}"},"query-input":{"@type":"PropertyValueSpecification","valueRequired":true,"valueName":"search_term_string"}}],"inLanguage":"es"},{"@type":"Organization","@id":"https:\/\/www.ip.gov.py\/ip\/#organization","name":"Agencia IP","url":"https:\/\/www.ip.gov.py\/ip\/","logo":{"@type":"ImageObject","inLanguage":"es","@id":"https:\/\/www.ip.gov.py\/ip\/#\/schema\/logo\/image\/","url":"https:\/\/www.ip.gov.py\/ip\/wp-content\/uploads\/2018\/01\/Agencia-IP.jpg","contentUrl":"https:\/\/www.ip.gov.py\/ip\/wp-content\/uploads\/2018\/01\/Agencia-IP.jpg","width":150,"height":150,"caption":"Agencia IP"},"image":{"@id":"https:\/\/www.ip.gov.py\/ip\/#\/schema\/logo\/image\/"},"sameAs":["https:\/\/www.facebook.com\/IPParaguay\/","https:\/\/x.com\/IPParaguay","https:\/\/www.instagram.com\/IPParaguay"]},{"@type":"Person","@id":"https:\/\/www.ip.gov.py\/ip\/#\/schema\/person\/613765cf13d420d448042e6802220539","name":"Karina L\u00f3pez","url":"https:\/\/www.ip.gov.py\/ip\/author\/klopez\/"}]}},"_links":{"self":[{"href":"https:\/\/www.ip.gov.py\/ip\/wp-json\/wp\/v2\/posts\/88322","targetHints":{"allow":["GET"]}}],"collection":[{"href":"https:\/\/www.ip.gov.py\/ip\/wp-json\/wp\/v2\/posts"}],"about":[{"href":"https:\/\/www.ip.gov.py\/ip\/wp-json\/wp\/v2\/types\/post"}],"author":[{"embeddable":true,"href":"https:\/\/www.ip.gov.py\/ip\/wp-json\/wp\/v2\/users\/7"}],"replies":[{"embeddable":true,"href":"https:\/\/www.ip.gov.py\/ip\/wp-json\/wp\/v2\/comments?post=88322"}],"version-history":[{"count":0,"href":"https:\/\/www.ip.gov.py\/ip\/wp-json\/wp\/v2\/posts\/88322\/revisions"}],"wp:featuredmedia":[{"embeddable":true,"href":"https:\/\/www.ip.gov.py\/ip\/wp-json\/wp\/v2\/media\/88323"}],"wp:attachment":[{"href":"https:\/\/www.ip.gov.py\/ip\/wp-json\/wp\/v2\/media?parent=88322"}],"wp:term":[{"taxonomy":"category","embeddable":true,"href":"https:\/\/www.ip.gov.py\/ip\/wp-json\/wp\/v2\/categories?post=88322"},{"taxonomy":"post_tag","embeddable":true,"href":"https:\/\/www.ip.gov.py\/ip\/wp-json\/wp\/v2\/tags?post=88322"}],"curies":[{"name":"wp","href":"https:\/\/api.w.org\/{rel}","templated":true}]}}