{"id":90899,"date":"2016-04-12T06:50:50","date_gmt":"2016-04-12T10:50:50","guid":{"rendered":"http:\/\/desarrollo.ip.gov.py\/ip\/?p=90899"},"modified":"2016-04-12T06:50:50","modified_gmt":"2016-04-12T10:50:50","slug":"el-sabado-se-abre-otra-fecha-de-la-intermedia","status":"publish","type":"post","link":"https:\/\/www.ip.gov.py\/ip\/2016\/04\/12\/el-sabado-se-abre-otra-fecha-de-la-intermedia\/","title":{"rendered":"El s\u00e1bado se abre otra fecha de la Intermedia"},"content":{"rendered":"<p style=\"text-align: justify;\"><em><strong>Asunci\u00f3n.-<\/strong><\/em> Se reuni\u00f3 en la tarde de este lunes la Divisional de Intermedia, para ordenar los partidos de la tercera fecha, primera rueda, del campeonato que lleva la denominaci\u00f3n de \u201cNoventa a\u00f1os del club Fernando de la Mora\u201d y Homenaje a Don Antonio Aranda.<!--more--><\/p>\n<p style=\"text-align: justify;\">Luego de la aprobaci\u00f3n del Acta anterior y la lectura de las notas recibidas se elabor\u00f3 el calendario que qued\u00f3 de la siguiente manera:<\/p>\n<p style=\"text-align: justify;\"><strong>S\u00e1bado 16 de abril<\/strong><\/p>\n<p style=\"text-align: justify;\">Fernando de la Mora vs Caacupe, en el \u201cEmiliano Ghezzi\u201d a las 10 hs (TV). La Reserva a las 08:00.<\/p>\n<p style=\"text-align: justify;\"><strong>Domingo 17 de abril<\/strong><\/p>\n<p style=\"text-align: justify;\">Resistencia vs Crist\u00f3bal Col\u00f3n, en el \u201cTom\u00e1s Correa\u201d a las 15:30, Reserva a las 13:30.<\/p>\n<p style=\"text-align: justify;\">Sportivo Ite\u00f1o vs Atl 3 de Febrero, en el \u201cSalvador Morga\u201d a las 15:30, reserva de preliminar<\/p>\n<p style=\"text-align: justify;\">San Lorenzo vs Liberaci\u00f3n, en el \u201cGuntter Voggel\u201d a las 17 hs. Reserva a las 15:00.<\/p>\n<p style=\"text-align: justify;\">Independiente vs Sportivo Trinidense, en el \u201cRicardo Gregor\u201d a las 15:30 y 13:30.<\/p>\n<p style=\"text-align: justify;\">Caaguaz\u00fa vs Fulgencio Yegros, en el \u201cFederico Llamosas\u201d a las 15:30 y 13:30.<\/p>\n<p style=\"text-align: justify;\">Sport Colombia vs Olimpia de Ita, en el \u201cAlfonso Colm\u00e1n\u201d a las 15:30 y 13:30.<\/p>\n<p style=\"text-align: justify;\">Ovetense vs Deportivo Santani, en el \u201cOvetense Unido\u201d a las 15:30 y a las 13:30.<\/p>\n<p style=\"text-align: justify;\">Por otro lado, los representantes de los clubes de la Intermedia acordaron que, si las condiciones clim\u00e1ticas ameritan adelantar la hora de inicio de los partidos, para no tener problemas de luz natural, se realicen las modificaciones de com\u00fan acuerdo entre los representantes de ambos clubes.<\/p>\n<p style=\"text-align: justify;\">Asimismo se acord\u00f3 realizar una reuni\u00f3n con Pedro V\u00e1zquez y Amelio Andino, para tratar algunos temas de preocupaci\u00f3n de la divisional. Este encuentro ser\u00e1 el pr\u00f3ximo lunes, a las 17:00.<\/p>\n","protected":false},"excerpt":{"rendered":"<p>Asunci\u00f3n.- Se reuni\u00f3 en la tarde de este lunes la Divisional de Intermedia, para ordenar los partidos de la tercera fecha, primera rueda, del campeonato que lleva la denominaci\u00f3n de \u201cNoventa a\u00f1os del club Fernando de la Mora\u201d y Homenaje a Don Antonio Aranda.<\/p>\n","protected":false},"author":7,"featured_media":90900,"comment_status":"closed","ping_status":"closed","sticky":false,"template":"","format":"standard","meta":{"_monsterinsights_skip_tracking":false,"_monsterinsights_sitenote_active":false,"_monsterinsights_sitenote_note":"","_monsterinsights_sitenote_category":0,"footnotes":""},"categories":[8],"tags":[],"class_list":{"0":"post-90899","1":"post","2":"type-post","3":"status-publish","4":"format-standard","5":"has-post-thumbnail","7":"category-deportes"},"yoast_head":"<!-- This site is optimized with the Yoast SEO plugin v27.5 - https:\/\/yoast.com\/product\/yoast-seo-wordpress\/ -->\n<title>El s\u00e1bado se abre otra fecha de la Intermedia - .::Agencia IP::.<\/title>\n<meta name=\"robots\" content=\"index, follow, max-snippet:-1, max-image-preview:large, max-video-preview:-1\" \/>\n<link rel=\"canonical\" href=\"https:\/\/www.ip.gov.py\/ip\/2016\/04\/12\/el-sabado-se-abre-otra-fecha-de-la-intermedia\/\" \/>\n<meta property=\"og:locale\" content=\"es_ES\" \/>\n<meta property=\"og:type\" content=\"article\" \/>\n<meta property=\"og:title\" content=\"El s\u00e1bado se abre otra fecha de la Intermedia - .::Agencia IP::.\" \/>\n<meta property=\"og:description\" content=\"Asunci\u00f3n.- Se reuni\u00f3 en la tarde de este lunes la Divisional de Intermedia, para ordenar los partidos de la tercera fecha, primera rueda, del campeonato que lleva la denominaci\u00f3n de \u201cNoventa a\u00f1os del club Fernando de la Mora\u201d y Homenaje a Don Antonio Aranda.\" \/>\n<meta property=\"og:url\" content=\"https:\/\/www.ip.gov.py\/ip\/2016\/04\/12\/el-sabado-se-abre-otra-fecha-de-la-intermedia\/\" \/>\n<meta property=\"og:site_name\" content=\".::Agencia IP::.\" \/>\n<meta property=\"article:publisher\" content=\"https:\/\/www.facebook.com\/IPParaguay\/\" \/>\n<meta property=\"article:published_time\" content=\"2016-04-12T10:50:50+00:00\" \/>\n<meta property=\"og:image\" content=\"https:\/\/www.ip.gov.py\/ip\/wp-content\/uploads\/2016\/04\/INTERMEDIA-1.jpg\" \/>\n\t<meta property=\"og:image:width\" content=\"640\" \/>\n\t<meta property=\"og:image:height\" content=\"281\" \/>\n\t<meta property=\"og:image:type\" content=\"image\/jpeg\" \/>\n<meta name=\"author\" content=\"Karina L\u00f3pez\" \/>\n<meta name=\"twitter:card\" content=\"summary_large_image\" \/>\n<meta name=\"twitter:creator\" content=\"@IPParaguay\" \/>\n<meta name=\"twitter:site\" content=\"@IPParaguay\" \/>\n<meta name=\"twitter:label1\" content=\"Escrito por\" \/>\n\t<meta name=\"twitter:data1\" content=\"Karina L\u00f3pez\" \/>\n\t<meta name=\"twitter:label2\" content=\"Tiempo de lectura\" \/>\n\t<meta name=\"twitter:data2\" content=\"1 minuto\" \/>\n<script type=\"application\/ld+json\" class=\"yoast-schema-graph\">{\"@context\":\"https:\\\/\\\/schema.org\",\"@graph\":[{\"@type\":\"Article\",\"@id\":\"https:\\\/\\\/www.ip.gov.py\\\/ip\\\/2016\\\/04\\\/12\\\/el-sabado-se-abre-otra-fecha-de-la-intermedia\\\/#article\",\"isPartOf\":{\"@id\":\"https:\\\/\\\/www.ip.gov.py\\\/ip\\\/2016\\\/04\\\/12\\\/el-sabado-se-abre-otra-fecha-de-la-intermedia\\\/\"},\"author\":{\"name\":\"Karina L\u00f3pez\",\"@id\":\"https:\\\/\\\/www.ip.gov.py\\\/ip\\\/#\\\/schema\\\/person\\\/613765cf13d420d448042e6802220539\"},\"headline\":\"El s\u00e1bado se abre otra fecha de la Intermedia\",\"datePublished\":\"2016-04-12T10:50:50+00:00\",\"mainEntityOfPage\":{\"@id\":\"https:\\\/\\\/www.ip.gov.py\\\/ip\\\/2016\\\/04\\\/12\\\/el-sabado-se-abre-otra-fecha-de-la-intermedia\\\/\"},\"wordCount\":285,\"publisher\":{\"@id\":\"https:\\\/\\\/www.ip.gov.py\\\/ip\\\/#organization\"},\"image\":{\"@id\":\"https:\\\/\\\/www.ip.gov.py\\\/ip\\\/2016\\\/04\\\/12\\\/el-sabado-se-abre-otra-fecha-de-la-intermedia\\\/#primaryimage\"},\"thumbnailUrl\":\"https:\\\/\\\/www.ip.gov.py\\\/ip\\\/wp-content\\\/uploads\\\/2016\\\/04\\\/INTERMEDIA-1.jpg\",\"articleSection\":[\"Deportes\"],\"inLanguage\":\"es\"},{\"@type\":\"WebPage\",\"@id\":\"https:\\\/\\\/www.ip.gov.py\\\/ip\\\/2016\\\/04\\\/12\\\/el-sabado-se-abre-otra-fecha-de-la-intermedia\\\/\",\"url\":\"https:\\\/\\\/www.ip.gov.py\\\/ip\\\/2016\\\/04\\\/12\\\/el-sabado-se-abre-otra-fecha-de-la-intermedia\\\/\",\"name\":\"El s\u00e1bado se abre otra fecha de la Intermedia - .::Agencia IP::.\",\"isPartOf\":{\"@id\":\"https:\\\/\\\/www.ip.gov.py\\\/ip\\\/#website\"},\"primaryImageOfPage\":{\"@id\":\"https:\\\/\\\/www.ip.gov.py\\\/ip\\\/2016\\\/04\\\/12\\\/el-sabado-se-abre-otra-fecha-de-la-intermedia\\\/#primaryimage\"},\"image\":{\"@id\":\"https:\\\/\\\/www.ip.gov.py\\\/ip\\\/2016\\\/04\\\/12\\\/el-sabado-se-abre-otra-fecha-de-la-intermedia\\\/#primaryimage\"},\"thumbnailUrl\":\"https:\\\/\\\/www.ip.gov.py\\\/ip\\\/wp-content\\\/uploads\\\/2016\\\/04\\\/INTERMEDIA-1.jpg\",\"datePublished\":\"2016-04-12T10:50:50+00:00\",\"breadcrumb\":{\"@id\":\"https:\\\/\\\/www.ip.gov.py\\\/ip\\\/2016\\\/04\\\/12\\\/el-sabado-se-abre-otra-fecha-de-la-intermedia\\\/#breadcrumb\"},\"inLanguage\":\"es\",\"potentialAction\":[{\"@type\":\"ReadAction\",\"target\":[\"https:\\\/\\\/www.ip.gov.py\\\/ip\\\/2016\\\/04\\\/12\\\/el-sabado-se-abre-otra-fecha-de-la-intermedia\\\/\"]}]},{\"@type\":\"ImageObject\",\"inLanguage\":\"es\",\"@id\":\"https:\\\/\\\/www.ip.gov.py\\\/ip\\\/2016\\\/04\\\/12\\\/el-sabado-se-abre-otra-fecha-de-la-intermedia\\\/#primaryimage\",\"url\":\"https:\\\/\\\/www.ip.gov.py\\\/ip\\\/wp-content\\\/uploads\\\/2016\\\/04\\\/INTERMEDIA-1.jpg\",\"contentUrl\":\"https:\\\/\\\/www.ip.gov.py\\\/ip\\\/wp-content\\\/uploads\\\/2016\\\/04\\\/INTERMEDIA-1.jpg\",\"width\":640,\"height\":281,\"caption\":\"Foto APF\"},{\"@type\":\"BreadcrumbList\",\"@id\":\"https:\\\/\\\/www.ip.gov.py\\\/ip\\\/2016\\\/04\\\/12\\\/el-sabado-se-abre-otra-fecha-de-la-intermedia\\\/#breadcrumb\",\"itemListElement\":[{\"@type\":\"ListItem\",\"position\":1,\"name\":\"Portada\",\"item\":\"https:\\\/\\\/www.ip.gov.py\\\/ip\\\/\"},{\"@type\":\"ListItem\",\"position\":2,\"name\":\"El s\u00e1bado se abre otra fecha de la Intermedia\"}]},{\"@type\":\"WebSite\",\"@id\":\"https:\\\/\\\/www.ip.gov.py\\\/ip\\\/#website\",\"url\":\"https:\\\/\\\/www.ip.gov.py\\\/ip\\\/\",\"name\":\".::Agencia IP::.\",\"description\":\"\",\"publisher\":{\"@id\":\"https:\\\/\\\/www.ip.gov.py\\\/ip\\\/#organization\"},\"potentialAction\":[{\"@type\":\"SearchAction\",\"target\":{\"@type\":\"EntryPoint\",\"urlTemplate\":\"https:\\\/\\\/www.ip.gov.py\\\/ip\\\/?s={search_term_string}\"},\"query-input\":{\"@type\":\"PropertyValueSpecification\",\"valueRequired\":true,\"valueName\":\"search_term_string\"}}],\"inLanguage\":\"es\"},{\"@type\":\"Organization\",\"@id\":\"https:\\\/\\\/www.ip.gov.py\\\/ip\\\/#organization\",\"name\":\"Agencia IP\",\"url\":\"https:\\\/\\\/www.ip.gov.py\\\/ip\\\/\",\"logo\":{\"@type\":\"ImageObject\",\"inLanguage\":\"es\",\"@id\":\"https:\\\/\\\/www.ip.gov.py\\\/ip\\\/#\\\/schema\\\/logo\\\/image\\\/\",\"url\":\"https:\\\/\\\/www.ip.gov.py\\\/ip\\\/wp-content\\\/uploads\\\/2018\\\/01\\\/Agencia-IP.jpg\",\"contentUrl\":\"https:\\\/\\\/www.ip.gov.py\\\/ip\\\/wp-content\\\/uploads\\\/2018\\\/01\\\/Agencia-IP.jpg\",\"width\":150,\"height\":150,\"caption\":\"Agencia IP\"},\"image\":{\"@id\":\"https:\\\/\\\/www.ip.gov.py\\\/ip\\\/#\\\/schema\\\/logo\\\/image\\\/\"},\"sameAs\":[\"https:\\\/\\\/www.facebook.com\\\/IPParaguay\\\/\",\"https:\\\/\\\/x.com\\\/IPParaguay\",\"https:\\\/\\\/www.instagram.com\\\/IPParaguay\"]},{\"@type\":\"Person\",\"@id\":\"https:\\\/\\\/www.ip.gov.py\\\/ip\\\/#\\\/schema\\\/person\\\/613765cf13d420d448042e6802220539\",\"name\":\"Karina L\u00f3pez\",\"url\":\"https:\\\/\\\/www.ip.gov.py\\\/ip\\\/author\\\/klopez\\\/\"}]}<\/script>\n<!-- \/ Yoast SEO plugin. -->","yoast_head_json":{"title":"El s\u00e1bado se abre otra fecha de la Intermedia - .::Agencia IP::.","robots":{"index":"index","follow":"follow","max-snippet":"max-snippet:-1","max-image-preview":"max-image-preview:large","max-video-preview":"max-video-preview:-1"},"canonical":"https:\/\/www.ip.gov.py\/ip\/2016\/04\/12\/el-sabado-se-abre-otra-fecha-de-la-intermedia\/","og_locale":"es_ES","og_type":"article","og_title":"El s\u00e1bado se abre otra fecha de la Intermedia - .::Agencia IP::.","og_description":"Asunci\u00f3n.- Se reuni\u00f3 en la tarde de este lunes la Divisional de Intermedia, para ordenar los partidos de la tercera fecha, primera rueda, del campeonato que lleva la denominaci\u00f3n de \u201cNoventa a\u00f1os del club Fernando de la Mora\u201d y Homenaje a Don Antonio Aranda.","og_url":"https:\/\/www.ip.gov.py\/ip\/2016\/04\/12\/el-sabado-se-abre-otra-fecha-de-la-intermedia\/","og_site_name":".::Agencia IP::.","article_publisher":"https:\/\/www.facebook.com\/IPParaguay\/","article_published_time":"2016-04-12T10:50:50+00:00","og_image":[{"width":640,"height":281,"url":"https:\/\/www.ip.gov.py\/ip\/wp-content\/uploads\/2016\/04\/INTERMEDIA-1.jpg","type":"image\/jpeg"}],"author":"Karina L\u00f3pez","twitter_card":"summary_large_image","twitter_creator":"@IPParaguay","twitter_site":"@IPParaguay","twitter_misc":{"Escrito por":"Karina L\u00f3pez","Tiempo de lectura":"1 minuto"},"schema":{"@context":"https:\/\/schema.org","@graph":[{"@type":"Article","@id":"https:\/\/www.ip.gov.py\/ip\/2016\/04\/12\/el-sabado-se-abre-otra-fecha-de-la-intermedia\/#article","isPartOf":{"@id":"https:\/\/www.ip.gov.py\/ip\/2016\/04\/12\/el-sabado-se-abre-otra-fecha-de-la-intermedia\/"},"author":{"name":"Karina L\u00f3pez","@id":"https:\/\/www.ip.gov.py\/ip\/#\/schema\/person\/613765cf13d420d448042e6802220539"},"headline":"El s\u00e1bado se abre otra fecha de la Intermedia","datePublished":"2016-04-12T10:50:50+00:00","mainEntityOfPage":{"@id":"https:\/\/www.ip.gov.py\/ip\/2016\/04\/12\/el-sabado-se-abre-otra-fecha-de-la-intermedia\/"},"wordCount":285,"publisher":{"@id":"https:\/\/www.ip.gov.py\/ip\/#organization"},"image":{"@id":"https:\/\/www.ip.gov.py\/ip\/2016\/04\/12\/el-sabado-se-abre-otra-fecha-de-la-intermedia\/#primaryimage"},"thumbnailUrl":"https:\/\/www.ip.gov.py\/ip\/wp-content\/uploads\/2016\/04\/INTERMEDIA-1.jpg","articleSection":["Deportes"],"inLanguage":"es"},{"@type":"WebPage","@id":"https:\/\/www.ip.gov.py\/ip\/2016\/04\/12\/el-sabado-se-abre-otra-fecha-de-la-intermedia\/","url":"https:\/\/www.ip.gov.py\/ip\/2016\/04\/12\/el-sabado-se-abre-otra-fecha-de-la-intermedia\/","name":"El s\u00e1bado se abre otra fecha de la Intermedia - .::Agencia IP::.","isPartOf":{"@id":"https:\/\/www.ip.gov.py\/ip\/#website"},"primaryImageOfPage":{"@id":"https:\/\/www.ip.gov.py\/ip\/2016\/04\/12\/el-sabado-se-abre-otra-fecha-de-la-intermedia\/#primaryimage"},"image":{"@id":"https:\/\/www.ip.gov.py\/ip\/2016\/04\/12\/el-sabado-se-abre-otra-fecha-de-la-intermedia\/#primaryimage"},"thumbnailUrl":"https:\/\/www.ip.gov.py\/ip\/wp-content\/uploads\/2016\/04\/INTERMEDIA-1.jpg","datePublished":"2016-04-12T10:50:50+00:00","breadcrumb":{"@id":"https:\/\/www.ip.gov.py\/ip\/2016\/04\/12\/el-sabado-se-abre-otra-fecha-de-la-intermedia\/#breadcrumb"},"inLanguage":"es","potentialAction":[{"@type":"ReadAction","target":["https:\/\/www.ip.gov.py\/ip\/2016\/04\/12\/el-sabado-se-abre-otra-fecha-de-la-intermedia\/"]}]},{"@type":"ImageObject","inLanguage":"es","@id":"https:\/\/www.ip.gov.py\/ip\/2016\/04\/12\/el-sabado-se-abre-otra-fecha-de-la-intermedia\/#primaryimage","url":"https:\/\/www.ip.gov.py\/ip\/wp-content\/uploads\/2016\/04\/INTERMEDIA-1.jpg","contentUrl":"https:\/\/www.ip.gov.py\/ip\/wp-content\/uploads\/2016\/04\/INTERMEDIA-1.jpg","width":640,"height":281,"caption":"Foto APF"},{"@type":"BreadcrumbList","@id":"https:\/\/www.ip.gov.py\/ip\/2016\/04\/12\/el-sabado-se-abre-otra-fecha-de-la-intermedia\/#breadcrumb","itemListElement":[{"@type":"ListItem","position":1,"name":"Portada","item":"https:\/\/www.ip.gov.py\/ip\/"},{"@type":"ListItem","position":2,"name":"El s\u00e1bado se abre otra fecha de la Intermedia"}]},{"@type":"WebSite","@id":"https:\/\/www.ip.gov.py\/ip\/#website","url":"https:\/\/www.ip.gov.py\/ip\/","name":".::Agencia IP::.","description":"","publisher":{"@id":"https:\/\/www.ip.gov.py\/ip\/#organization"},"potentialAction":[{"@type":"SearchAction","target":{"@type":"EntryPoint","urlTemplate":"https:\/\/www.ip.gov.py\/ip\/?s={search_term_string}"},"query-input":{"@type":"PropertyValueSpecification","valueRequired":true,"valueName":"search_term_string"}}],"inLanguage":"es"},{"@type":"Organization","@id":"https:\/\/www.ip.gov.py\/ip\/#organization","name":"Agencia IP","url":"https:\/\/www.ip.gov.py\/ip\/","logo":{"@type":"ImageObject","inLanguage":"es","@id":"https:\/\/www.ip.gov.py\/ip\/#\/schema\/logo\/image\/","url":"https:\/\/www.ip.gov.py\/ip\/wp-content\/uploads\/2018\/01\/Agencia-IP.jpg","contentUrl":"https:\/\/www.ip.gov.py\/ip\/wp-content\/uploads\/2018\/01\/Agencia-IP.jpg","width":150,"height":150,"caption":"Agencia IP"},"image":{"@id":"https:\/\/www.ip.gov.py\/ip\/#\/schema\/logo\/image\/"},"sameAs":["https:\/\/www.facebook.com\/IPParaguay\/","https:\/\/x.com\/IPParaguay","https:\/\/www.instagram.com\/IPParaguay"]},{"@type":"Person","@id":"https:\/\/www.ip.gov.py\/ip\/#\/schema\/person\/613765cf13d420d448042e6802220539","name":"Karina L\u00f3pez","url":"https:\/\/www.ip.gov.py\/ip\/author\/klopez\/"}]}},"_links":{"self":[{"href":"https:\/\/www.ip.gov.py\/ip\/wp-json\/wp\/v2\/posts\/90899","targetHints":{"allow":["GET"]}}],"collection":[{"href":"https:\/\/www.ip.gov.py\/ip\/wp-json\/wp\/v2\/posts"}],"about":[{"href":"https:\/\/www.ip.gov.py\/ip\/wp-json\/wp\/v2\/types\/post"}],"author":[{"embeddable":true,"href":"https:\/\/www.ip.gov.py\/ip\/wp-json\/wp\/v2\/users\/7"}],"replies":[{"embeddable":true,"href":"https:\/\/www.ip.gov.py\/ip\/wp-json\/wp\/v2\/comments?post=90899"}],"version-history":[{"count":0,"href":"https:\/\/www.ip.gov.py\/ip\/wp-json\/wp\/v2\/posts\/90899\/revisions"}],"wp:featuredmedia":[{"embeddable":true,"href":"https:\/\/www.ip.gov.py\/ip\/wp-json\/wp\/v2\/media\/90900"}],"wp:attachment":[{"href":"https:\/\/www.ip.gov.py\/ip\/wp-json\/wp\/v2\/media?parent=90899"}],"wp:term":[{"taxonomy":"category","embeddable":true,"href":"https:\/\/www.ip.gov.py\/ip\/wp-json\/wp\/v2\/categories?post=90899"},{"taxonomy":"post_tag","embeddable":true,"href":"https:\/\/www.ip.gov.py\/ip\/wp-json\/wp\/v2\/tags?post=90899"}],"curies":[{"name":"wp","href":"https:\/\/api.w.org\/{rel}","templated":true}]}}