{"id":91987,"date":"2016-04-18T07:21:36","date_gmt":"2016-04-18T11:21:36","guid":{"rendered":"http:\/\/desarrollo.ip.gov.py\/ip\/?p=91987"},"modified":"2016-04-18T07:21:36","modified_gmt":"2016-04-18T11:21:36","slug":"dilma-cerca-del-final-aprueban-por-amplio-margen-el-juicio-politico","status":"publish","type":"post","link":"https:\/\/www.ip.gov.py\/ip\/2016\/04\/18\/dilma-cerca-del-final-aprueban-por-amplio-margen-el-juicio-politico\/","title":{"rendered":"Dilma, cerca del final: aprueban por amplio margen el juicio pol\u00edtico"},"content":{"rendered":"<p><em><strong>Brasilia.-<\/strong><\/em>Tras la hist\u00f3rica sesi\u00f3n en Diputados, el Senado deber\u00e1 decidir en las pr\u00f3ximas semanas; se da por descontado que aprobar\u00e1 el impeachment.<!--more--><\/p>\n<p>Al borde del precipicio. As\u00ed qued\u00f3 Dilma Rousseff. Por segunda vez desde el regreso de la democracia, en una aplastante derrota para el gobierno, la C\u00e1mara de Diputados decidi\u00f3 abrir un juicio pol\u00edtico contra un presidente.<\/p>\n<p>El destino de la debilitada mandataria queda ahora en manos del Senado, que debe decidir si acepta el pedido de impeachment por maquillar las cuentas p\u00fablicas para esconder el d\u00e9ficit fiscal. Los analistas creen que es poco probable que el Senado vaya en contra del voto de los diputados, por lo que la suerte de Dilma y su gobierno parece decidida, informa el diario argentino La Naci\u00f3n.<\/p>\n<p>En un ambiente de alta tensi\u00f3n, con cientos de miles de manifestantes a favor y en contra de Dilma en las calles de un pa\u00eds electrizado por la rocambolesca votaci\u00f3n, 367 diputados aprobaron la apertura del juicio, un margen bastante superior al de los dos tercios (342) necesarios para aprobar la pol\u00e9mica moci\u00f3n. De los 513 legisladores, 137 apoyaron a la presidenta, siete se abstuvieron y dos faltaron a la hist\u00f3rica sesi\u00f3n, que por momentos tuvo ribetes de circo.<\/p>\n<p>El gobierno alega que la presidenta no cometi\u00f3 los \u00abcr\u00edmenes de responsabilidad\u00bb de los que est\u00e1 acusada. Y en las \u00faltimas semanas, en las que el Partido de los Trabajadores (PT) sufri\u00f3 una lacerante sangr\u00eda, denunci\u00f3 que se trata de un \u00abgolpe\u00bb, perpetrado por el vicepresidente Michel Temer y el presidente de la C\u00e1mara de Diputados, Eduardo Cunha, ambos miembros del otrora socio del PT, el Partido del Movimiento Democr\u00e1tico Brasile\u00f1o (PMDB), y que est\u00e1n inculpados en el esc\u00e1ndalo de corrupci\u00f3n de Petrobras.<\/p>\n<p>En la primera reacci\u00f3n oficialista a la debacle, el abogado general de la Uni\u00f3n, Jos\u00e9 Eduardo Cardozo, inform\u00f3 que la preidenta har\u00e1 una declaraci\u00f3n al pa\u00eds hoy. \u00abFue con indignaci\u00f3n y tristeza que recibimos esta decisi\u00f3n\u00bb, resalt\u00f3 el abogado.<\/p>\n<p>En los pr\u00f3ximos dos d\u00edas, el Senado deber\u00e1 crear una comisi\u00f3n para evaluar la solicitud de Diputados. Luego, el presidente de la C\u00e1mara alta, Renan Calheiros (tambi\u00e9n del PMDB), deber\u00e1 determinar el rito exacto a seguir; se espera que dentro de un plazo de diez d\u00edas h\u00e1biles o sesiones el parecer de esa comisi\u00f3n sea sometido a votaci\u00f3n en el plenario del Senado.<\/p>\n<p>En la C\u00e1mara alta necesitar\u00e1 de una mayor\u00eda simple entre los 81 senadores para que Dilma sea apartada de su cargo temporalmente mientras el Senado lleva adelante el juicio propiamente dicho en un plazo de 180 d\u00edas; mientras tanto, Temer asumir\u00eda el mando del Palacio del Planalto.<\/p>\n<p>El vicepresidente se quedar\u00eda como jefe del Estado de forma permanente si los senadores -por dos tercios, 54 votos- hallaran culpable a la presidenta, quien ser\u00eda destituida y se le prohibir\u00eda ejercer otro cargo electivo por ocho a\u00f1os. Por ahora, eso s\u00f3lo ocurri\u00f3 una sola vez en Brasil, en 1992, con Fernando Collor de Mello, que de todos modos renunci\u00f3 un d\u00eda antes de ser condenado por el Senado.<\/p>\n<p>Durante casi nueve horas, en una sesi\u00f3n con ribetes caricaturescos, con discursos melodram\u00e1ticos, insultos y tumultos que por momentos dieron a la hist\u00f3rica votaci\u00f3n un aire circense, los diputados acabaron con las esperanzas de Dilma y de su padrino pol\u00edtico, el ex presidenteLuiz Inacio Lula da Silva, de frenar el proceso en esta etapa.<\/p>\n<p>En varias oportunidades, Cunha fue tildado de \u00abpayaso\u00bb. Ahora, cuando en los pr\u00f3ximos d\u00edas el Senado vote por ratificar o no el impeachment, no s\u00f3lo definir\u00e1 el destino de esta ex guerrillera convertida en la primera mujer en presidir Brasil, sino que tambi\u00e9n podr\u00eda poner fin al proyecto pol\u00edtico del PT, que lleva 13 a\u00f1os en el poder.<\/p>\n<p>Al igual que todo el pa\u00eds, que sigui\u00f3 la votaci\u00f3n con nerviosismo, Dilma, Lula y sus m\u00e1s cercanos asesores se reunieron en la residencia presidencial del Palacio da Alvorada para ver la sesi\u00f3n por televisi\u00f3n. El clima pas\u00f3 de la ilusi\u00f3n al pesimismo cuando confirmaron que algunos diputados que le hab\u00edan asegurado su apoyo se dieron vuelta. Seg\u00fan el rumor que corri\u00f3 durante la tarde, varios parlamentarios habr\u00edan recibido llamadas de empresarios para presionarlos a revertir sus votos. A apenas un kil\u00f3metro de all\u00ed, en el Palacio do Jaburu, el vicepresidente Temer y sus aliados acompa\u00f1aban la votaci\u00f3n como si se tratara de una final del Mundial.<\/p>\n","protected":false},"excerpt":{"rendered":"<p>Brasilia.-Tras la hist\u00f3rica sesi\u00f3n en Diputados, el Senado deber\u00e1 decidir en las pr\u00f3ximas semanas; se da por descontado que aprobar\u00e1 el impeachment.<\/p>\n","protected":false},"author":11,"featured_media":91988,"comment_status":"closed","ping_status":"closed","sticky":false,"template":"","format":"standard","meta":{"_monsterinsights_skip_tracking":false,"_monsterinsights_sitenote_active":false,"_monsterinsights_sitenote_note":"","_monsterinsights_sitenote_category":0,"footnotes":""},"categories":[5],"tags":[],"class_list":{"0":"post-91987","1":"post","2":"type-post","3":"status-publish","4":"format-standard","5":"has-post-thumbnail","7":"category-internacionales"},"yoast_head":"<!-- This site is optimized with the Yoast SEO plugin v27.5 - https:\/\/yoast.com\/product\/yoast-seo-wordpress\/ -->\n<title>Dilma, cerca del final: aprueban por amplio margen el juicio pol\u00edtico - .::Agencia IP::.<\/title>\n<meta name=\"robots\" content=\"index, follow, max-snippet:-1, max-image-preview:large, max-video-preview:-1\" \/>\n<link rel=\"canonical\" href=\"https:\/\/www.ip.gov.py\/ip\/2016\/04\/18\/dilma-cerca-del-final-aprueban-por-amplio-margen-el-juicio-politico\/\" \/>\n<meta property=\"og:locale\" content=\"es_ES\" \/>\n<meta property=\"og:type\" content=\"article\" \/>\n<meta property=\"og:title\" content=\"Dilma, cerca del final: aprueban por amplio margen el juicio pol\u00edtico - .::Agencia IP::.\" \/>\n<meta property=\"og:description\" content=\"Brasilia.-Tras la hist\u00f3rica sesi\u00f3n en Diputados, el Senado deber\u00e1 decidir en las pr\u00f3ximas semanas; se da por descontado que aprobar\u00e1 el impeachment.\" \/>\n<meta property=\"og:url\" content=\"https:\/\/www.ip.gov.py\/ip\/2016\/04\/18\/dilma-cerca-del-final-aprueban-por-amplio-margen-el-juicio-politico\/\" \/>\n<meta property=\"og:site_name\" content=\".::Agencia IP::.\" \/>\n<meta property=\"article:publisher\" content=\"https:\/\/www.facebook.com\/IPParaguay\/\" \/>\n<meta property=\"article:published_time\" content=\"2016-04-18T11:21:36+00:00\" \/>\n<meta property=\"og:image\" content=\"https:\/\/www.ip.gov.py\/ip\/wp-content\/uploads\/2016\/04\/Dilma-3.jpg\" \/>\n\t<meta property=\"og:image:width\" content=\"649\" \/>\n\t<meta property=\"og:image:height\" content=\"365\" \/>\n\t<meta property=\"og:image:type\" content=\"image\/jpeg\" \/>\n<meta name=\"author\" content=\"vrios\" \/>\n<meta name=\"twitter:card\" content=\"summary_large_image\" \/>\n<meta name=\"twitter:creator\" content=\"@IPParaguay\" \/>\n<meta name=\"twitter:site\" content=\"@IPParaguay\" \/>\n<meta name=\"twitter:label1\" content=\"Escrito por\" \/>\n\t<meta name=\"twitter:data1\" content=\"vrios\" \/>\n\t<meta name=\"twitter:label2\" content=\"Tiempo de lectura\" \/>\n\t<meta name=\"twitter:data2\" content=\"4 minutos\" \/>\n<script type=\"application\/ld+json\" class=\"yoast-schema-graph\">{\"@context\":\"https:\\\/\\\/schema.org\",\"@graph\":[{\"@type\":\"Article\",\"@id\":\"https:\\\/\\\/www.ip.gov.py\\\/ip\\\/2016\\\/04\\\/18\\\/dilma-cerca-del-final-aprueban-por-amplio-margen-el-juicio-politico\\\/#article\",\"isPartOf\":{\"@id\":\"https:\\\/\\\/www.ip.gov.py\\\/ip\\\/2016\\\/04\\\/18\\\/dilma-cerca-del-final-aprueban-por-amplio-margen-el-juicio-politico\\\/\"},\"author\":{\"name\":\"vrios\",\"@id\":\"https:\\\/\\\/www.ip.gov.py\\\/ip\\\/#\\\/schema\\\/person\\\/fa3668852e893cb0423795330f919039\"},\"headline\":\"Dilma, cerca del final: aprueban por amplio margen el juicio pol\u00edtico\",\"datePublished\":\"2016-04-18T11:21:36+00:00\",\"mainEntityOfPage\":{\"@id\":\"https:\\\/\\\/www.ip.gov.py\\\/ip\\\/2016\\\/04\\\/18\\\/dilma-cerca-del-final-aprueban-por-amplio-margen-el-juicio-politico\\\/\"},\"wordCount\":801,\"publisher\":{\"@id\":\"https:\\\/\\\/www.ip.gov.py\\\/ip\\\/#organization\"},\"image\":{\"@id\":\"https:\\\/\\\/www.ip.gov.py\\\/ip\\\/2016\\\/04\\\/18\\\/dilma-cerca-del-final-aprueban-por-amplio-margen-el-juicio-politico\\\/#primaryimage\"},\"thumbnailUrl\":\"https:\\\/\\\/www.ip.gov.py\\\/ip\\\/wp-content\\\/uploads\\\/2016\\\/04\\\/Dilma-3.jpg\",\"articleSection\":[\"Internacionales\"],\"inLanguage\":\"es\"},{\"@type\":\"WebPage\",\"@id\":\"https:\\\/\\\/www.ip.gov.py\\\/ip\\\/2016\\\/04\\\/18\\\/dilma-cerca-del-final-aprueban-por-amplio-margen-el-juicio-politico\\\/\",\"url\":\"https:\\\/\\\/www.ip.gov.py\\\/ip\\\/2016\\\/04\\\/18\\\/dilma-cerca-del-final-aprueban-por-amplio-margen-el-juicio-politico\\\/\",\"name\":\"Dilma, cerca del final: aprueban por amplio margen el juicio pol\u00edtico - .::Agencia IP::.\",\"isPartOf\":{\"@id\":\"https:\\\/\\\/www.ip.gov.py\\\/ip\\\/#website\"},\"primaryImageOfPage\":{\"@id\":\"https:\\\/\\\/www.ip.gov.py\\\/ip\\\/2016\\\/04\\\/18\\\/dilma-cerca-del-final-aprueban-por-amplio-margen-el-juicio-politico\\\/#primaryimage\"},\"image\":{\"@id\":\"https:\\\/\\\/www.ip.gov.py\\\/ip\\\/2016\\\/04\\\/18\\\/dilma-cerca-del-final-aprueban-por-amplio-margen-el-juicio-politico\\\/#primaryimage\"},\"thumbnailUrl\":\"https:\\\/\\\/www.ip.gov.py\\\/ip\\\/wp-content\\\/uploads\\\/2016\\\/04\\\/Dilma-3.jpg\",\"datePublished\":\"2016-04-18T11:21:36+00:00\",\"breadcrumb\":{\"@id\":\"https:\\\/\\\/www.ip.gov.py\\\/ip\\\/2016\\\/04\\\/18\\\/dilma-cerca-del-final-aprueban-por-amplio-margen-el-juicio-politico\\\/#breadcrumb\"},\"inLanguage\":\"es\",\"potentialAction\":[{\"@type\":\"ReadAction\",\"target\":[\"https:\\\/\\\/www.ip.gov.py\\\/ip\\\/2016\\\/04\\\/18\\\/dilma-cerca-del-final-aprueban-por-amplio-margen-el-juicio-politico\\\/\"]}]},{\"@type\":\"ImageObject\",\"inLanguage\":\"es\",\"@id\":\"https:\\\/\\\/www.ip.gov.py\\\/ip\\\/2016\\\/04\\\/18\\\/dilma-cerca-del-final-aprueban-por-amplio-margen-el-juicio-politico\\\/#primaryimage\",\"url\":\"https:\\\/\\\/www.ip.gov.py\\\/ip\\\/wp-content\\\/uploads\\\/2016\\\/04\\\/Dilma-3.jpg\",\"contentUrl\":\"https:\\\/\\\/www.ip.gov.py\\\/ip\\\/wp-content\\\/uploads\\\/2016\\\/04\\\/Dilma-3.jpg\",\"width\":649,\"height\":365,\"caption\":\"elestimulo.com\"},{\"@type\":\"BreadcrumbList\",\"@id\":\"https:\\\/\\\/www.ip.gov.py\\\/ip\\\/2016\\\/04\\\/18\\\/dilma-cerca-del-final-aprueban-por-amplio-margen-el-juicio-politico\\\/#breadcrumb\",\"itemListElement\":[{\"@type\":\"ListItem\",\"position\":1,\"name\":\"Portada\",\"item\":\"https:\\\/\\\/www.ip.gov.py\\\/ip\\\/\"},{\"@type\":\"ListItem\",\"position\":2,\"name\":\"Dilma, cerca del final: aprueban por amplio margen el juicio pol\u00edtico\"}]},{\"@type\":\"WebSite\",\"@id\":\"https:\\\/\\\/www.ip.gov.py\\\/ip\\\/#website\",\"url\":\"https:\\\/\\\/www.ip.gov.py\\\/ip\\\/\",\"name\":\".::Agencia IP::.\",\"description\":\"\",\"publisher\":{\"@id\":\"https:\\\/\\\/www.ip.gov.py\\\/ip\\\/#organization\"},\"potentialAction\":[{\"@type\":\"SearchAction\",\"target\":{\"@type\":\"EntryPoint\",\"urlTemplate\":\"https:\\\/\\\/www.ip.gov.py\\\/ip\\\/?s={search_term_string}\"},\"query-input\":{\"@type\":\"PropertyValueSpecification\",\"valueRequired\":true,\"valueName\":\"search_term_string\"}}],\"inLanguage\":\"es\"},{\"@type\":\"Organization\",\"@id\":\"https:\\\/\\\/www.ip.gov.py\\\/ip\\\/#organization\",\"name\":\"Agencia IP\",\"url\":\"https:\\\/\\\/www.ip.gov.py\\\/ip\\\/\",\"logo\":{\"@type\":\"ImageObject\",\"inLanguage\":\"es\",\"@id\":\"https:\\\/\\\/www.ip.gov.py\\\/ip\\\/#\\\/schema\\\/logo\\\/image\\\/\",\"url\":\"https:\\\/\\\/www.ip.gov.py\\\/ip\\\/wp-content\\\/uploads\\\/2018\\\/01\\\/Agencia-IP.jpg\",\"contentUrl\":\"https:\\\/\\\/www.ip.gov.py\\\/ip\\\/wp-content\\\/uploads\\\/2018\\\/01\\\/Agencia-IP.jpg\",\"width\":150,\"height\":150,\"caption\":\"Agencia IP\"},\"image\":{\"@id\":\"https:\\\/\\\/www.ip.gov.py\\\/ip\\\/#\\\/schema\\\/logo\\\/image\\\/\"},\"sameAs\":[\"https:\\\/\\\/www.facebook.com\\\/IPParaguay\\\/\",\"https:\\\/\\\/x.com\\\/IPParaguay\",\"https:\\\/\\\/www.instagram.com\\\/IPParaguay\"]},{\"@type\":\"Person\",\"@id\":\"https:\\\/\\\/www.ip.gov.py\\\/ip\\\/#\\\/schema\\\/person\\\/fa3668852e893cb0423795330f919039\",\"name\":\"vrios\",\"url\":\"https:\\\/\\\/www.ip.gov.py\\\/ip\\\/author\\\/vrios\\\/\"}]}<\/script>\n<!-- \/ Yoast SEO plugin. -->","yoast_head_json":{"title":"Dilma, cerca del final: aprueban por amplio margen el juicio pol\u00edtico - .::Agencia IP::.","robots":{"index":"index","follow":"follow","max-snippet":"max-snippet:-1","max-image-preview":"max-image-preview:large","max-video-preview":"max-video-preview:-1"},"canonical":"https:\/\/www.ip.gov.py\/ip\/2016\/04\/18\/dilma-cerca-del-final-aprueban-por-amplio-margen-el-juicio-politico\/","og_locale":"es_ES","og_type":"article","og_title":"Dilma, cerca del final: aprueban por amplio margen el juicio pol\u00edtico - .::Agencia IP::.","og_description":"Brasilia.-Tras la hist\u00f3rica sesi\u00f3n en Diputados, el Senado deber\u00e1 decidir en las pr\u00f3ximas semanas; se da por descontado que aprobar\u00e1 el impeachment.","og_url":"https:\/\/www.ip.gov.py\/ip\/2016\/04\/18\/dilma-cerca-del-final-aprueban-por-amplio-margen-el-juicio-politico\/","og_site_name":".::Agencia IP::.","article_publisher":"https:\/\/www.facebook.com\/IPParaguay\/","article_published_time":"2016-04-18T11:21:36+00:00","og_image":[{"width":649,"height":365,"url":"https:\/\/www.ip.gov.py\/ip\/wp-content\/uploads\/2016\/04\/Dilma-3.jpg","type":"image\/jpeg"}],"author":"vrios","twitter_card":"summary_large_image","twitter_creator":"@IPParaguay","twitter_site":"@IPParaguay","twitter_misc":{"Escrito por":"vrios","Tiempo de lectura":"4 minutos"},"schema":{"@context":"https:\/\/schema.org","@graph":[{"@type":"Article","@id":"https:\/\/www.ip.gov.py\/ip\/2016\/04\/18\/dilma-cerca-del-final-aprueban-por-amplio-margen-el-juicio-politico\/#article","isPartOf":{"@id":"https:\/\/www.ip.gov.py\/ip\/2016\/04\/18\/dilma-cerca-del-final-aprueban-por-amplio-margen-el-juicio-politico\/"},"author":{"name":"vrios","@id":"https:\/\/www.ip.gov.py\/ip\/#\/schema\/person\/fa3668852e893cb0423795330f919039"},"headline":"Dilma, cerca del final: aprueban por amplio margen el juicio pol\u00edtico","datePublished":"2016-04-18T11:21:36+00:00","mainEntityOfPage":{"@id":"https:\/\/www.ip.gov.py\/ip\/2016\/04\/18\/dilma-cerca-del-final-aprueban-por-amplio-margen-el-juicio-politico\/"},"wordCount":801,"publisher":{"@id":"https:\/\/www.ip.gov.py\/ip\/#organization"},"image":{"@id":"https:\/\/www.ip.gov.py\/ip\/2016\/04\/18\/dilma-cerca-del-final-aprueban-por-amplio-margen-el-juicio-politico\/#primaryimage"},"thumbnailUrl":"https:\/\/www.ip.gov.py\/ip\/wp-content\/uploads\/2016\/04\/Dilma-3.jpg","articleSection":["Internacionales"],"inLanguage":"es"},{"@type":"WebPage","@id":"https:\/\/www.ip.gov.py\/ip\/2016\/04\/18\/dilma-cerca-del-final-aprueban-por-amplio-margen-el-juicio-politico\/","url":"https:\/\/www.ip.gov.py\/ip\/2016\/04\/18\/dilma-cerca-del-final-aprueban-por-amplio-margen-el-juicio-politico\/","name":"Dilma, cerca del final: aprueban por amplio margen el juicio pol\u00edtico - .::Agencia IP::.","isPartOf":{"@id":"https:\/\/www.ip.gov.py\/ip\/#website"},"primaryImageOfPage":{"@id":"https:\/\/www.ip.gov.py\/ip\/2016\/04\/18\/dilma-cerca-del-final-aprueban-por-amplio-margen-el-juicio-politico\/#primaryimage"},"image":{"@id":"https:\/\/www.ip.gov.py\/ip\/2016\/04\/18\/dilma-cerca-del-final-aprueban-por-amplio-margen-el-juicio-politico\/#primaryimage"},"thumbnailUrl":"https:\/\/www.ip.gov.py\/ip\/wp-content\/uploads\/2016\/04\/Dilma-3.jpg","datePublished":"2016-04-18T11:21:36+00:00","breadcrumb":{"@id":"https:\/\/www.ip.gov.py\/ip\/2016\/04\/18\/dilma-cerca-del-final-aprueban-por-amplio-margen-el-juicio-politico\/#breadcrumb"},"inLanguage":"es","potentialAction":[{"@type":"ReadAction","target":["https:\/\/www.ip.gov.py\/ip\/2016\/04\/18\/dilma-cerca-del-final-aprueban-por-amplio-margen-el-juicio-politico\/"]}]},{"@type":"ImageObject","inLanguage":"es","@id":"https:\/\/www.ip.gov.py\/ip\/2016\/04\/18\/dilma-cerca-del-final-aprueban-por-amplio-margen-el-juicio-politico\/#primaryimage","url":"https:\/\/www.ip.gov.py\/ip\/wp-content\/uploads\/2016\/04\/Dilma-3.jpg","contentUrl":"https:\/\/www.ip.gov.py\/ip\/wp-content\/uploads\/2016\/04\/Dilma-3.jpg","width":649,"height":365,"caption":"elestimulo.com"},{"@type":"BreadcrumbList","@id":"https:\/\/www.ip.gov.py\/ip\/2016\/04\/18\/dilma-cerca-del-final-aprueban-por-amplio-margen-el-juicio-politico\/#breadcrumb","itemListElement":[{"@type":"ListItem","position":1,"name":"Portada","item":"https:\/\/www.ip.gov.py\/ip\/"},{"@type":"ListItem","position":2,"name":"Dilma, cerca del final: aprueban por amplio margen el juicio pol\u00edtico"}]},{"@type":"WebSite","@id":"https:\/\/www.ip.gov.py\/ip\/#website","url":"https:\/\/www.ip.gov.py\/ip\/","name":".::Agencia IP::.","description":"","publisher":{"@id":"https:\/\/www.ip.gov.py\/ip\/#organization"},"potentialAction":[{"@type":"SearchAction","target":{"@type":"EntryPoint","urlTemplate":"https:\/\/www.ip.gov.py\/ip\/?s={search_term_string}"},"query-input":{"@type":"PropertyValueSpecification","valueRequired":true,"valueName":"search_term_string"}}],"inLanguage":"es"},{"@type":"Organization","@id":"https:\/\/www.ip.gov.py\/ip\/#organization","name":"Agencia IP","url":"https:\/\/www.ip.gov.py\/ip\/","logo":{"@type":"ImageObject","inLanguage":"es","@id":"https:\/\/www.ip.gov.py\/ip\/#\/schema\/logo\/image\/","url":"https:\/\/www.ip.gov.py\/ip\/wp-content\/uploads\/2018\/01\/Agencia-IP.jpg","contentUrl":"https:\/\/www.ip.gov.py\/ip\/wp-content\/uploads\/2018\/01\/Agencia-IP.jpg","width":150,"height":150,"caption":"Agencia IP"},"image":{"@id":"https:\/\/www.ip.gov.py\/ip\/#\/schema\/logo\/image\/"},"sameAs":["https:\/\/www.facebook.com\/IPParaguay\/","https:\/\/x.com\/IPParaguay","https:\/\/www.instagram.com\/IPParaguay"]},{"@type":"Person","@id":"https:\/\/www.ip.gov.py\/ip\/#\/schema\/person\/fa3668852e893cb0423795330f919039","name":"vrios","url":"https:\/\/www.ip.gov.py\/ip\/author\/vrios\/"}]}},"_links":{"self":[{"href":"https:\/\/www.ip.gov.py\/ip\/wp-json\/wp\/v2\/posts\/91987","targetHints":{"allow":["GET"]}}],"collection":[{"href":"https:\/\/www.ip.gov.py\/ip\/wp-json\/wp\/v2\/posts"}],"about":[{"href":"https:\/\/www.ip.gov.py\/ip\/wp-json\/wp\/v2\/types\/post"}],"author":[{"embeddable":true,"href":"https:\/\/www.ip.gov.py\/ip\/wp-json\/wp\/v2\/users\/11"}],"replies":[{"embeddable":true,"href":"https:\/\/www.ip.gov.py\/ip\/wp-json\/wp\/v2\/comments?post=91987"}],"version-history":[{"count":0,"href":"https:\/\/www.ip.gov.py\/ip\/wp-json\/wp\/v2\/posts\/91987\/revisions"}],"wp:featuredmedia":[{"embeddable":true,"href":"https:\/\/www.ip.gov.py\/ip\/wp-json\/wp\/v2\/media\/91988"}],"wp:attachment":[{"href":"https:\/\/www.ip.gov.py\/ip\/wp-json\/wp\/v2\/media?parent=91987"}],"wp:term":[{"taxonomy":"category","embeddable":true,"href":"https:\/\/www.ip.gov.py\/ip\/wp-json\/wp\/v2\/categories?post=91987"},{"taxonomy":"post_tag","embeddable":true,"href":"https:\/\/www.ip.gov.py\/ip\/wp-json\/wp\/v2\/tags?post=91987"}],"curies":[{"name":"wp","href":"https:\/\/api.w.org\/{rel}","templated":true}]}}