{"id":96965,"date":"2016-05-12T07:15:59","date_gmt":"2016-05-12T11:15:59","guid":{"rendered":"http:\/\/desarrollo.ip.gov.py\/ip\/?p=96965"},"modified":"2016-05-12T07:17:59","modified_gmt":"2016-05-12T11:17:59","slug":"muestra-de-pintura-realista-de-artistas-paraguayos-en-paris","status":"publish","type":"post","link":"https:\/\/www.ip.gov.py\/ip\/2016\/05\/12\/muestra-de-pintura-realista-de-artistas-paraguayos-en-paris\/","title":{"rendered":"Muestra de pintura realista de artistas paraguayos en Paris"},"content":{"rendered":"<p style=\"text-align: justify;\"><em><strong>Asunci\u00f3n, IP.-<\/strong><\/em> La capital de Francia recibir\u00e1 la muestra de pintura denominada \u201cPerceptions R\u00e9alistes, R\u00e9alisme Contemporaine du Paraguay\u201d\u00a0que re\u00fane obras del grupo \u201cNeo-Realistas.py\u201d, agrupaci\u00f3n de artistas paraguayos que trabajan el g\u00e9nero realista.<!--more--><\/p>\n<p style=\"text-align: justify;\">La exposici\u00f3n se realiza en el marco de las celebraciones del el\u00a0205\u00ba aniversario de la Independencia de la Rep\u00fablica del Paraguay\u00a0y la\u00a0Semana de Am\u00e9rica Latina y el Caribe en Francia. La inauguraci\u00f3n oficial ser\u00e1 el martes 17 de mayo a las 18:00 en la galer\u00eda\u00a0B\u00e9atrice Hodent de Broutelles de la Municipalidad del VII Distrito de Par\u00eds.<\/p>\n<p style=\"text-align: justify;\">La muestra permanecer\u00e1 abierta hasta el 31 de mayo y es ausipiciada cuenta con el apoyo de la\u00a0Direcci\u00f3n de Relaciones Culturales y Turismo del Ministerio de Relaciones Exteriores de Paraguay\u00a0y el\u00a0FONDEC (Fondo Nacional de Cultura).<\/p>\n<p style=\"text-align: justify;\">El grupo Neo-Realistas.py est\u00e1 integrado por\u00a0Sebasti\u00e1n D\u00edaz, Eugenia Ortigoza, Yuki Hayashi, Emmanuel Fretes y Adriana Villagra. Seg\u00fan los artistas paraguayos, \u00a0est\u00e1n unidos por un mismo\u00a0pensamiento: el de la b\u00fasqueda de\u00a0la realidad.<\/p>\n<p style=\"text-align: justify;\">Seg\u00fan la rese\u00f1a de la exposici\u00f3n, \u201cmanifiestan sus ideales tomando el pincel y como gu\u00eda los sue\u00f1os, que se desbordan en delicados y meticulosos trazos de Sebasti\u00e1n Diaz\u2026en la\u00a0intensidad y la fuerza de Emmanuel Fretes\u2026entre lo m\u00edstico y lo et\u00e9reo de Eugenia Ortigoza\u2026la contemplaci\u00f3n de la l\u00ednea y la sutileza de Yuki Hayashi\u2026lo simb\u00f3lico y espiritual de Adriana Villagra\u201d.<\/p>\n<p style=\"text-align: justify;\">Los integrantes del grupo\u00a0\u201cNeo-Realistas.py\u201d\u00a0comparten el mismo inter\u00e9s pict\u00f3rico para desarrollar una expresi\u00f3n realista en sus obras, pero con una visi\u00f3n \u00fanica y particular donde la t\u00e9cnica ocupa un lugar fundamental para la ejecuci\u00f3n de las obras.<\/p>\n<p style=\"text-align: justify;\">La elecci\u00f3n de este nombre tan particular hace alusi\u00f3n al tiempo que les toca vivir: el de la interconexi\u00f3n, las redes sociales y la instantaneidad de la informaci\u00f3n, por ello, apuntan a un \u201cnuevo realismo\u201d en la pintura, basada en el respeto a la tradici\u00f3n pero con la mirada puesta en el escenario contempor\u00e1neo.<\/p>\n<p>&nbsp;<\/p>\n","protected":false},"excerpt":{"rendered":"<p>Asunci\u00f3n, IP.- La capital de Francia recibir\u00e1 la muestra de pintura denominada \u201cPerceptions R\u00e9alistes, R\u00e9alisme Contemporaine du Paraguay\u201d\u00a0que re\u00fane obras del grupo \u201cNeo-Realistas.py\u201d, agrupaci\u00f3n de artistas paraguayos que trabajan el g\u00e9nero realista.<\/p>\n","protected":false},"author":19,"featured_media":96966,"comment_status":"closed","ping_status":"closed","sticky":false,"template":"","format":"standard","meta":{"_monsterinsights_skip_tracking":false,"_monsterinsights_sitenote_active":false,"_monsterinsights_sitenote_note":"","_monsterinsights_sitenote_category":0,"footnotes":""},"categories":[7],"tags":[],"class_list":{"0":"post-96965","1":"post","2":"type-post","3":"status-publish","4":"format-standard","5":"has-post-thumbnail","7":"category-cultura"},"yoast_head":"<!-- This site is optimized with the Yoast SEO plugin v27.5 - https:\/\/yoast.com\/product\/yoast-seo-wordpress\/ -->\n<title>Muestra de pintura realista de artistas paraguayos en Paris - .::Agencia IP::.<\/title>\n<meta name=\"robots\" content=\"index, follow, max-snippet:-1, max-image-preview:large, max-video-preview:-1\" \/>\n<link rel=\"canonical\" href=\"https:\/\/www.ip.gov.py\/ip\/2016\/05\/12\/muestra-de-pintura-realista-de-artistas-paraguayos-en-paris\/\" \/>\n<meta property=\"og:locale\" content=\"es_ES\" \/>\n<meta property=\"og:type\" content=\"article\" \/>\n<meta property=\"og:title\" content=\"Muestra de pintura realista de artistas paraguayos en Paris - .::Agencia IP::.\" \/>\n<meta property=\"og:description\" content=\"Asunci\u00f3n, IP.- La capital de Francia recibir\u00e1 la muestra de pintura denominada \u201cPerceptions R\u00e9alistes, R\u00e9alisme Contemporaine du Paraguay\u201d\u00a0que re\u00fane obras del grupo \u201cNeo-Realistas.py\u201d, agrupaci\u00f3n de artistas paraguayos que trabajan el g\u00e9nero realista.\" \/>\n<meta property=\"og:url\" content=\"https:\/\/www.ip.gov.py\/ip\/2016\/05\/12\/muestra-de-pintura-realista-de-artistas-paraguayos-en-paris\/\" \/>\n<meta property=\"og:site_name\" content=\".::Agencia IP::.\" \/>\n<meta property=\"article:publisher\" content=\"https:\/\/www.facebook.com\/IPParaguay\/\" \/>\n<meta property=\"article:published_time\" content=\"2016-05-12T11:15:59+00:00\" \/>\n<meta property=\"article:modified_time\" content=\"2016-05-12T11:17:59+00:00\" \/>\n<meta property=\"og:image\" content=\"https:\/\/www.ip.gov.py\/ip\/wp-content\/uploads\/2016\/05\/17e6316b-7fe9-4af9-a8e2-9968f0a53b7d.jpg\" \/>\n\t<meta property=\"og:image:width\" content=\"383\" \/>\n\t<meta property=\"og:image:height\" content=\"547\" \/>\n\t<meta property=\"og:image:type\" content=\"image\/jpeg\" \/>\n<meta name=\"author\" content=\"A R\" \/>\n<meta name=\"twitter:card\" content=\"summary_large_image\" \/>\n<meta name=\"twitter:creator\" content=\"@IPParaguay\" \/>\n<meta name=\"twitter:site\" content=\"@IPParaguay\" \/>\n<meta name=\"twitter:label1\" content=\"Escrito por\" \/>\n\t<meta name=\"twitter:data1\" content=\"A R\" \/>\n\t<meta name=\"twitter:label2\" content=\"Tiempo de lectura\" \/>\n\t<meta name=\"twitter:data2\" content=\"2 minutos\" \/>\n<script type=\"application\/ld+json\" class=\"yoast-schema-graph\">{\"@context\":\"https:\\\/\\\/schema.org\",\"@graph\":[{\"@type\":\"Article\",\"@id\":\"https:\\\/\\\/www.ip.gov.py\\\/ip\\\/2016\\\/05\\\/12\\\/muestra-de-pintura-realista-de-artistas-paraguayos-en-paris\\\/#article\",\"isPartOf\":{\"@id\":\"https:\\\/\\\/www.ip.gov.py\\\/ip\\\/2016\\\/05\\\/12\\\/muestra-de-pintura-realista-de-artistas-paraguayos-en-paris\\\/\"},\"author\":{\"name\":\"A R\",\"@id\":\"https:\\\/\\\/www.ip.gov.py\\\/ip\\\/#\\\/schema\\\/person\\\/e0e2c7d05c4ee9d322a97a877a17db31\"},\"headline\":\"Muestra de pintura realista de artistas paraguayos en Paris\",\"datePublished\":\"2016-05-12T11:15:59+00:00\",\"dateModified\":\"2016-05-12T11:17:59+00:00\",\"mainEntityOfPage\":{\"@id\":\"https:\\\/\\\/www.ip.gov.py\\\/ip\\\/2016\\\/05\\\/12\\\/muestra-de-pintura-realista-de-artistas-paraguayos-en-paris\\\/\"},\"wordCount\":373,\"publisher\":{\"@id\":\"https:\\\/\\\/www.ip.gov.py\\\/ip\\\/#organization\"},\"image\":{\"@id\":\"https:\\\/\\\/www.ip.gov.py\\\/ip\\\/2016\\\/05\\\/12\\\/muestra-de-pintura-realista-de-artistas-paraguayos-en-paris\\\/#primaryimage\"},\"thumbnailUrl\":\"https:\\\/\\\/www.ip.gov.py\\\/ip\\\/wp-content\\\/uploads\\\/2016\\\/05\\\/17e6316b-7fe9-4af9-a8e2-9968f0a53b7d.jpg\",\"articleSection\":[\"Cultura\"],\"inLanguage\":\"es\"},{\"@type\":\"WebPage\",\"@id\":\"https:\\\/\\\/www.ip.gov.py\\\/ip\\\/2016\\\/05\\\/12\\\/muestra-de-pintura-realista-de-artistas-paraguayos-en-paris\\\/\",\"url\":\"https:\\\/\\\/www.ip.gov.py\\\/ip\\\/2016\\\/05\\\/12\\\/muestra-de-pintura-realista-de-artistas-paraguayos-en-paris\\\/\",\"name\":\"Muestra de pintura realista de artistas paraguayos en Paris - .::Agencia IP::.\",\"isPartOf\":{\"@id\":\"https:\\\/\\\/www.ip.gov.py\\\/ip\\\/#website\"},\"primaryImageOfPage\":{\"@id\":\"https:\\\/\\\/www.ip.gov.py\\\/ip\\\/2016\\\/05\\\/12\\\/muestra-de-pintura-realista-de-artistas-paraguayos-en-paris\\\/#primaryimage\"},\"image\":{\"@id\":\"https:\\\/\\\/www.ip.gov.py\\\/ip\\\/2016\\\/05\\\/12\\\/muestra-de-pintura-realista-de-artistas-paraguayos-en-paris\\\/#primaryimage\"},\"thumbnailUrl\":\"https:\\\/\\\/www.ip.gov.py\\\/ip\\\/wp-content\\\/uploads\\\/2016\\\/05\\\/17e6316b-7fe9-4af9-a8e2-9968f0a53b7d.jpg\",\"datePublished\":\"2016-05-12T11:15:59+00:00\",\"dateModified\":\"2016-05-12T11:17:59+00:00\",\"breadcrumb\":{\"@id\":\"https:\\\/\\\/www.ip.gov.py\\\/ip\\\/2016\\\/05\\\/12\\\/muestra-de-pintura-realista-de-artistas-paraguayos-en-paris\\\/#breadcrumb\"},\"inLanguage\":\"es\",\"potentialAction\":[{\"@type\":\"ReadAction\",\"target\":[\"https:\\\/\\\/www.ip.gov.py\\\/ip\\\/2016\\\/05\\\/12\\\/muestra-de-pintura-realista-de-artistas-paraguayos-en-paris\\\/\"]}]},{\"@type\":\"ImageObject\",\"inLanguage\":\"es\",\"@id\":\"https:\\\/\\\/www.ip.gov.py\\\/ip\\\/2016\\\/05\\\/12\\\/muestra-de-pintura-realista-de-artistas-paraguayos-en-paris\\\/#primaryimage\",\"url\":\"https:\\\/\\\/www.ip.gov.py\\\/ip\\\/wp-content\\\/uploads\\\/2016\\\/05\\\/17e6316b-7fe9-4af9-a8e2-9968f0a53b7d.jpg\",\"contentUrl\":\"https:\\\/\\\/www.ip.gov.py\\\/ip\\\/wp-content\\\/uploads\\\/2016\\\/05\\\/17e6316b-7fe9-4af9-a8e2-9968f0a53b7d.jpg\",\"width\":383,\"height\":547},{\"@type\":\"BreadcrumbList\",\"@id\":\"https:\\\/\\\/www.ip.gov.py\\\/ip\\\/2016\\\/05\\\/12\\\/muestra-de-pintura-realista-de-artistas-paraguayos-en-paris\\\/#breadcrumb\",\"itemListElement\":[{\"@type\":\"ListItem\",\"position\":1,\"name\":\"Portada\",\"item\":\"https:\\\/\\\/www.ip.gov.py\\\/ip\\\/\"},{\"@type\":\"ListItem\",\"position\":2,\"name\":\"Muestra de pintura realista de artistas paraguayos en Paris\"}]},{\"@type\":\"WebSite\",\"@id\":\"https:\\\/\\\/www.ip.gov.py\\\/ip\\\/#website\",\"url\":\"https:\\\/\\\/www.ip.gov.py\\\/ip\\\/\",\"name\":\".::Agencia IP::.\",\"description\":\"\",\"publisher\":{\"@id\":\"https:\\\/\\\/www.ip.gov.py\\\/ip\\\/#organization\"},\"potentialAction\":[{\"@type\":\"SearchAction\",\"target\":{\"@type\":\"EntryPoint\",\"urlTemplate\":\"https:\\\/\\\/www.ip.gov.py\\\/ip\\\/?s={search_term_string}\"},\"query-input\":{\"@type\":\"PropertyValueSpecification\",\"valueRequired\":true,\"valueName\":\"search_term_string\"}}],\"inLanguage\":\"es\"},{\"@type\":\"Organization\",\"@id\":\"https:\\\/\\\/www.ip.gov.py\\\/ip\\\/#organization\",\"name\":\"Agencia IP\",\"url\":\"https:\\\/\\\/www.ip.gov.py\\\/ip\\\/\",\"logo\":{\"@type\":\"ImageObject\",\"inLanguage\":\"es\",\"@id\":\"https:\\\/\\\/www.ip.gov.py\\\/ip\\\/#\\\/schema\\\/logo\\\/image\\\/\",\"url\":\"https:\\\/\\\/www.ip.gov.py\\\/ip\\\/wp-content\\\/uploads\\\/2018\\\/01\\\/Agencia-IP.jpg\",\"contentUrl\":\"https:\\\/\\\/www.ip.gov.py\\\/ip\\\/wp-content\\\/uploads\\\/2018\\\/01\\\/Agencia-IP.jpg\",\"width\":150,\"height\":150,\"caption\":\"Agencia IP\"},\"image\":{\"@id\":\"https:\\\/\\\/www.ip.gov.py\\\/ip\\\/#\\\/schema\\\/logo\\\/image\\\/\"},\"sameAs\":[\"https:\\\/\\\/www.facebook.com\\\/IPParaguay\\\/\",\"https:\\\/\\\/x.com\\\/IPParaguay\",\"https:\\\/\\\/www.instagram.com\\\/IPParaguay\"]},{\"@type\":\"Person\",\"@id\":\"https:\\\/\\\/www.ip.gov.py\\\/ip\\\/#\\\/schema\\\/person\\\/e0e2c7d05c4ee9d322a97a877a17db31\",\"name\":\"A R\",\"url\":\"https:\\\/\\\/www.ip.gov.py\\\/ip\\\/author\\\/areinoso\\\/\"}]}<\/script>\n<!-- \/ Yoast SEO plugin. -->","yoast_head_json":{"title":"Muestra de pintura realista de artistas paraguayos en Paris - .::Agencia IP::.","robots":{"index":"index","follow":"follow","max-snippet":"max-snippet:-1","max-image-preview":"max-image-preview:large","max-video-preview":"max-video-preview:-1"},"canonical":"https:\/\/www.ip.gov.py\/ip\/2016\/05\/12\/muestra-de-pintura-realista-de-artistas-paraguayos-en-paris\/","og_locale":"es_ES","og_type":"article","og_title":"Muestra de pintura realista de artistas paraguayos en Paris - .::Agencia IP::.","og_description":"Asunci\u00f3n, IP.- La capital de Francia recibir\u00e1 la muestra de pintura denominada \u201cPerceptions R\u00e9alistes, R\u00e9alisme Contemporaine du Paraguay\u201d\u00a0que re\u00fane obras del grupo \u201cNeo-Realistas.py\u201d, agrupaci\u00f3n de artistas paraguayos que trabajan el g\u00e9nero realista.","og_url":"https:\/\/www.ip.gov.py\/ip\/2016\/05\/12\/muestra-de-pintura-realista-de-artistas-paraguayos-en-paris\/","og_site_name":".::Agencia IP::.","article_publisher":"https:\/\/www.facebook.com\/IPParaguay\/","article_published_time":"2016-05-12T11:15:59+00:00","article_modified_time":"2016-05-12T11:17:59+00:00","og_image":[{"width":383,"height":547,"url":"https:\/\/www.ip.gov.py\/ip\/wp-content\/uploads\/2016\/05\/17e6316b-7fe9-4af9-a8e2-9968f0a53b7d.jpg","type":"image\/jpeg"}],"author":"A R","twitter_card":"summary_large_image","twitter_creator":"@IPParaguay","twitter_site":"@IPParaguay","twitter_misc":{"Escrito por":"A R","Tiempo de lectura":"2 minutos"},"schema":{"@context":"https:\/\/schema.org","@graph":[{"@type":"Article","@id":"https:\/\/www.ip.gov.py\/ip\/2016\/05\/12\/muestra-de-pintura-realista-de-artistas-paraguayos-en-paris\/#article","isPartOf":{"@id":"https:\/\/www.ip.gov.py\/ip\/2016\/05\/12\/muestra-de-pintura-realista-de-artistas-paraguayos-en-paris\/"},"author":{"name":"A R","@id":"https:\/\/www.ip.gov.py\/ip\/#\/schema\/person\/e0e2c7d05c4ee9d322a97a877a17db31"},"headline":"Muestra de pintura realista de artistas paraguayos en Paris","datePublished":"2016-05-12T11:15:59+00:00","dateModified":"2016-05-12T11:17:59+00:00","mainEntityOfPage":{"@id":"https:\/\/www.ip.gov.py\/ip\/2016\/05\/12\/muestra-de-pintura-realista-de-artistas-paraguayos-en-paris\/"},"wordCount":373,"publisher":{"@id":"https:\/\/www.ip.gov.py\/ip\/#organization"},"image":{"@id":"https:\/\/www.ip.gov.py\/ip\/2016\/05\/12\/muestra-de-pintura-realista-de-artistas-paraguayos-en-paris\/#primaryimage"},"thumbnailUrl":"https:\/\/www.ip.gov.py\/ip\/wp-content\/uploads\/2016\/05\/17e6316b-7fe9-4af9-a8e2-9968f0a53b7d.jpg","articleSection":["Cultura"],"inLanguage":"es"},{"@type":"WebPage","@id":"https:\/\/www.ip.gov.py\/ip\/2016\/05\/12\/muestra-de-pintura-realista-de-artistas-paraguayos-en-paris\/","url":"https:\/\/www.ip.gov.py\/ip\/2016\/05\/12\/muestra-de-pintura-realista-de-artistas-paraguayos-en-paris\/","name":"Muestra de pintura realista de artistas paraguayos en Paris - .::Agencia IP::.","isPartOf":{"@id":"https:\/\/www.ip.gov.py\/ip\/#website"},"primaryImageOfPage":{"@id":"https:\/\/www.ip.gov.py\/ip\/2016\/05\/12\/muestra-de-pintura-realista-de-artistas-paraguayos-en-paris\/#primaryimage"},"image":{"@id":"https:\/\/www.ip.gov.py\/ip\/2016\/05\/12\/muestra-de-pintura-realista-de-artistas-paraguayos-en-paris\/#primaryimage"},"thumbnailUrl":"https:\/\/www.ip.gov.py\/ip\/wp-content\/uploads\/2016\/05\/17e6316b-7fe9-4af9-a8e2-9968f0a53b7d.jpg","datePublished":"2016-05-12T11:15:59+00:00","dateModified":"2016-05-12T11:17:59+00:00","breadcrumb":{"@id":"https:\/\/www.ip.gov.py\/ip\/2016\/05\/12\/muestra-de-pintura-realista-de-artistas-paraguayos-en-paris\/#breadcrumb"},"inLanguage":"es","potentialAction":[{"@type":"ReadAction","target":["https:\/\/www.ip.gov.py\/ip\/2016\/05\/12\/muestra-de-pintura-realista-de-artistas-paraguayos-en-paris\/"]}]},{"@type":"ImageObject","inLanguage":"es","@id":"https:\/\/www.ip.gov.py\/ip\/2016\/05\/12\/muestra-de-pintura-realista-de-artistas-paraguayos-en-paris\/#primaryimage","url":"https:\/\/www.ip.gov.py\/ip\/wp-content\/uploads\/2016\/05\/17e6316b-7fe9-4af9-a8e2-9968f0a53b7d.jpg","contentUrl":"https:\/\/www.ip.gov.py\/ip\/wp-content\/uploads\/2016\/05\/17e6316b-7fe9-4af9-a8e2-9968f0a53b7d.jpg","width":383,"height":547},{"@type":"BreadcrumbList","@id":"https:\/\/www.ip.gov.py\/ip\/2016\/05\/12\/muestra-de-pintura-realista-de-artistas-paraguayos-en-paris\/#breadcrumb","itemListElement":[{"@type":"ListItem","position":1,"name":"Portada","item":"https:\/\/www.ip.gov.py\/ip\/"},{"@type":"ListItem","position":2,"name":"Muestra de pintura realista de artistas paraguayos en Paris"}]},{"@type":"WebSite","@id":"https:\/\/www.ip.gov.py\/ip\/#website","url":"https:\/\/www.ip.gov.py\/ip\/","name":".::Agencia IP::.","description":"","publisher":{"@id":"https:\/\/www.ip.gov.py\/ip\/#organization"},"potentialAction":[{"@type":"SearchAction","target":{"@type":"EntryPoint","urlTemplate":"https:\/\/www.ip.gov.py\/ip\/?s={search_term_string}"},"query-input":{"@type":"PropertyValueSpecification","valueRequired":true,"valueName":"search_term_string"}}],"inLanguage":"es"},{"@type":"Organization","@id":"https:\/\/www.ip.gov.py\/ip\/#organization","name":"Agencia IP","url":"https:\/\/www.ip.gov.py\/ip\/","logo":{"@type":"ImageObject","inLanguage":"es","@id":"https:\/\/www.ip.gov.py\/ip\/#\/schema\/logo\/image\/","url":"https:\/\/www.ip.gov.py\/ip\/wp-content\/uploads\/2018\/01\/Agencia-IP.jpg","contentUrl":"https:\/\/www.ip.gov.py\/ip\/wp-content\/uploads\/2018\/01\/Agencia-IP.jpg","width":150,"height":150,"caption":"Agencia IP"},"image":{"@id":"https:\/\/www.ip.gov.py\/ip\/#\/schema\/logo\/image\/"},"sameAs":["https:\/\/www.facebook.com\/IPParaguay\/","https:\/\/x.com\/IPParaguay","https:\/\/www.instagram.com\/IPParaguay"]},{"@type":"Person","@id":"https:\/\/www.ip.gov.py\/ip\/#\/schema\/person\/e0e2c7d05c4ee9d322a97a877a17db31","name":"A R","url":"https:\/\/www.ip.gov.py\/ip\/author\/areinoso\/"}]}},"_links":{"self":[{"href":"https:\/\/www.ip.gov.py\/ip\/wp-json\/wp\/v2\/posts\/96965","targetHints":{"allow":["GET"]}}],"collection":[{"href":"https:\/\/www.ip.gov.py\/ip\/wp-json\/wp\/v2\/posts"}],"about":[{"href":"https:\/\/www.ip.gov.py\/ip\/wp-json\/wp\/v2\/types\/post"}],"author":[{"embeddable":true,"href":"https:\/\/www.ip.gov.py\/ip\/wp-json\/wp\/v2\/users\/19"}],"replies":[{"embeddable":true,"href":"https:\/\/www.ip.gov.py\/ip\/wp-json\/wp\/v2\/comments?post=96965"}],"version-history":[{"count":0,"href":"https:\/\/www.ip.gov.py\/ip\/wp-json\/wp\/v2\/posts\/96965\/revisions"}],"wp:featuredmedia":[{"embeddable":true,"href":"https:\/\/www.ip.gov.py\/ip\/wp-json\/wp\/v2\/media\/96966"}],"wp:attachment":[{"href":"https:\/\/www.ip.gov.py\/ip\/wp-json\/wp\/v2\/media?parent=96965"}],"wp:term":[{"taxonomy":"category","embeddable":true,"href":"https:\/\/www.ip.gov.py\/ip\/wp-json\/wp\/v2\/categories?post=96965"},{"taxonomy":"post_tag","embeddable":true,"href":"https:\/\/www.ip.gov.py\/ip\/wp-json\/wp\/v2\/tags?post=96965"}],"curies":[{"name":"wp","href":"https:\/\/api.w.org\/{rel}","templated":true}]}}