{"id":97482,"date":"2016-05-15T09:41:42","date_gmt":"2016-05-15T13:41:42","guid":{"rendered":"http:\/\/desarrollo.ip.gov.py\/ip\/?p=97482"},"modified":"2016-05-15T09:43:29","modified_gmt":"2016-05-15T13:43:29","slug":"el-papa-elogio-la-presencia-de-las-mujeres-en-las-misiones-pastorales","status":"publish","type":"post","link":"https:\/\/www.ip.gov.py\/ip\/2016\/05\/15\/el-papa-elogio-la-presencia-de-las-mujeres-en-las-misiones-pastorales\/","title":{"rendered":"El Papa elogi\u00f3 la presencia de las mujeres en las misiones pastorales"},"content":{"rendered":"<p style=\"text-align: justify;\">En su mensaje dominical en el vaticano el papa francisco destac\u00f3 \u00abla considerable y creciente presencia de la mujer en el mundo misionero que, junto a la masculina, es un signo elocuente del amor materno de dios\u00bb.<!--more--><\/p>\n<p style=\"text-align: justify;\">El papa Francisco destac\u00f3 \u00abla considerable y creciente presencia de la mujer en el mundo misionero\u00bb, al tiempo que afirm\u00f3 que \u00ablas mujeres y las familias comprenden mejor a menudo los problemas de la gente y saben afrontarlos de una manera adecuada y a veces in\u00e9dita\u00bb, seg\u00fan publica la agencia T\u00e9lam.<\/p>\n<p style=\"text-align: justify;\">\u00abMuchos hombres y mujeres de toda edad y condici\u00f3n son testigos de este amor de misericordia, como al comienzo de la experiencia eclesial\u00bb, destac\u00f3 el Santo Padre en su mensaje a la Jornada Mundial de las Misiones 2016, que este a\u00f1o se celebrar\u00e1 el domingo 16 de octubre.<\/p>\n<p style=\"text-align: justify;\">\u00abLa considerable y creciente presencia de la mujer en el mundo misionero, junto a la masculina, es un signo elocuente del amor materno de Dios. Las mujeres, laicas o religiosas, y en la actualidad tambi\u00e9n muchas familias, viven su vocaci\u00f3n misionera de diversas maneras: desde el anuncio directo del Evangelio al servicio de caridad\u00bb, agreg\u00f3 el Obispo de Roma en el mensaje dado a conocer este domingo por el Vaticano.<\/p>\n<p style=\"text-align: justify;\">\u00abJunto a la labor evangelizadora y sacramental de los misioneros, las mujeres y las familias comprenden mejor a menudo los problemas de la gente y saben afrontarlos de una manera adecuada y a veces in\u00e9dita\u00bb, sostiene el Pont\u00edfice de cara a la celebraci\u00f3n que este a\u00f1o coincidir\u00e1 con la canonizaci\u00f3n en Plaza San Pedro del cura argentino Jos\u00e9 Gabriel Brochero.<\/p>\n<p style=\"text-align: justify;\">En esa l\u00ednea, detall\u00f3 que se da \u00aben el cuidado de la vida, poniendo m\u00e1s inter\u00e9s en las personas que en las estructuras y empleando todos los recursos humanos y espirituales para favorecer la armon\u00eda, las relaciones, la paz, la solidaridad, el di\u00e1logo, la colaboraci\u00f3n y la fraternidad, ya sea en el \u00e1mbito de las relaciones personales o en el m\u00e1s grande de la vida social y cultural; y de modo especial en la atenci\u00f3n a los pobres\u00bb.<\/p>\n<p style=\"text-align: justify;\">\u00abEl Jubileo extraordinario de la Misericordia, que la Iglesia est\u00e1 celebrando, ilumina tambi\u00e9n de modo especial la Jornada Mundial de las Misiones 2016: nos invita a ver la misi\u00f3n ad gentes como una grande e inmensa obra de misericordia tanto espiritual como material\u00bb, agreg\u00f3.<\/p>\n<p style=\"text-align: justify;\">\u00abLa Iglesia es, en medio de la humanidad, la primera comunidad que vive de la misericordia de Cristo: siempre se siente mirada y elegida por \u00e9l con amor misericordioso, y se inspira en este amor para el estilo de su mandato, vive de \u00e9l y lo da a conocer a la gente en un di\u00e1logo respetuoso con todas las culturas y convicciones religiosas\u00bb, plante\u00f3 el sucesor de Pedro.<\/p>\n","protected":false},"excerpt":{"rendered":"<p>En su mensaje dominical en el vaticano el papa francisco destac\u00f3 \u00abla considerable y creciente presencia de la mujer en el mundo misionero que, junto a la masculina, es un signo elocuente del amor materno de dios\u00bb.<\/p>\n","protected":false},"author":5,"featured_media":95136,"comment_status":"closed","ping_status":"closed","sticky":false,"template":"","format":"standard","meta":{"_monsterinsights_skip_tracking":false,"_monsterinsights_sitenote_active":false,"_monsterinsights_sitenote_note":"","_monsterinsights_sitenote_category":0,"footnotes":""},"categories":[5],"tags":[],"class_list":{"0":"post-97482","1":"post","2":"type-post","3":"status-publish","4":"format-standard","5":"has-post-thumbnail","7":"category-internacionales"},"yoast_head":"<!-- This site is optimized with the Yoast SEO plugin v27.5 - https:\/\/yoast.com\/product\/yoast-seo-wordpress\/ -->\n<title>El Papa elogi\u00f3 la presencia de las mujeres en las misiones pastorales - .::Agencia IP::.<\/title>\n<meta name=\"robots\" content=\"index, follow, max-snippet:-1, max-image-preview:large, max-video-preview:-1\" \/>\n<link rel=\"canonical\" href=\"https:\/\/www.ip.gov.py\/ip\/2016\/05\/15\/el-papa-elogio-la-presencia-de-las-mujeres-en-las-misiones-pastorales\/\" \/>\n<meta property=\"og:locale\" content=\"es_ES\" \/>\n<meta property=\"og:type\" content=\"article\" \/>\n<meta property=\"og:title\" content=\"El Papa elogi\u00f3 la presencia de las mujeres en las misiones pastorales - .::Agencia IP::.\" \/>\n<meta property=\"og:description\" content=\"En su mensaje dominical en el vaticano el papa francisco destac\u00f3 \u00abla considerable y creciente presencia de la mujer en el mundo misionero que, junto a la masculina, es un signo elocuente del amor materno de dios\u00bb.\" \/>\n<meta property=\"og:url\" content=\"https:\/\/www.ip.gov.py\/ip\/2016\/05\/15\/el-papa-elogio-la-presencia-de-las-mujeres-en-las-misiones-pastorales\/\" \/>\n<meta property=\"og:site_name\" content=\".::Agencia IP::.\" \/>\n<meta property=\"article:publisher\" content=\"https:\/\/www.facebook.com\/IPParaguay\/\" \/>\n<meta property=\"article:published_time\" content=\"2016-05-15T13:41:42+00:00\" \/>\n<meta property=\"article:modified_time\" content=\"2016-05-15T13:43:29+00:00\" \/>\n<meta property=\"og:image\" content=\"https:\/\/www.ip.gov.py\/ip\/wp-content\/uploads\/2016\/05\/El-Papa.jpeg\" \/>\n\t<meta property=\"og:image:width\" content=\"678\" \/>\n\t<meta property=\"og:image:height\" content=\"427\" \/>\n\t<meta property=\"og:image:type\" content=\"image\/jpeg\" \/>\n<meta name=\"author\" content=\"L. Q\" \/>\n<meta name=\"twitter:card\" content=\"summary_large_image\" \/>\n<meta name=\"twitter:creator\" content=\"@IPParaguay\" \/>\n<meta name=\"twitter:site\" content=\"@IPParaguay\" \/>\n<meta name=\"twitter:label1\" content=\"Escrito por\" \/>\n\t<meta name=\"twitter:data1\" content=\"L. Q\" \/>\n\t<meta name=\"twitter:label2\" content=\"Tiempo de lectura\" \/>\n\t<meta name=\"twitter:data2\" content=\"2 minutos\" \/>\n<script type=\"application\/ld+json\" class=\"yoast-schema-graph\">{\"@context\":\"https:\\\/\\\/schema.org\",\"@graph\":[{\"@type\":\"Article\",\"@id\":\"https:\\\/\\\/www.ip.gov.py\\\/ip\\\/2016\\\/05\\\/15\\\/el-papa-elogio-la-presencia-de-las-mujeres-en-las-misiones-pastorales\\\/#article\",\"isPartOf\":{\"@id\":\"https:\\\/\\\/www.ip.gov.py\\\/ip\\\/2016\\\/05\\\/15\\\/el-papa-elogio-la-presencia-de-las-mujeres-en-las-misiones-pastorales\\\/\"},\"author\":{\"name\":\"L. Q\",\"@id\":\"https:\\\/\\\/www.ip.gov.py\\\/ip\\\/#\\\/schema\\\/person\\\/e80828ea341031e783b9df2fe5a5f4f4\"},\"headline\":\"El Papa elogi\u00f3 la presencia de las mujeres en las misiones pastorales\",\"datePublished\":\"2016-05-15T13:41:42+00:00\",\"dateModified\":\"2016-05-15T13:43:29+00:00\",\"mainEntityOfPage\":{\"@id\":\"https:\\\/\\\/www.ip.gov.py\\\/ip\\\/2016\\\/05\\\/15\\\/el-papa-elogio-la-presencia-de-las-mujeres-en-las-misiones-pastorales\\\/\"},\"wordCount\":488,\"publisher\":{\"@id\":\"https:\\\/\\\/www.ip.gov.py\\\/ip\\\/#organization\"},\"image\":{\"@id\":\"https:\\\/\\\/www.ip.gov.py\\\/ip\\\/2016\\\/05\\\/15\\\/el-papa-elogio-la-presencia-de-las-mujeres-en-las-misiones-pastorales\\\/#primaryimage\"},\"thumbnailUrl\":\"https:\\\/\\\/www.ip.gov.py\\\/ip\\\/wp-content\\\/uploads\\\/2016\\\/05\\\/El-Papa.jpeg\",\"articleSection\":[\"Internacionales\"],\"inLanguage\":\"es\"},{\"@type\":\"WebPage\",\"@id\":\"https:\\\/\\\/www.ip.gov.py\\\/ip\\\/2016\\\/05\\\/15\\\/el-papa-elogio-la-presencia-de-las-mujeres-en-las-misiones-pastorales\\\/\",\"url\":\"https:\\\/\\\/www.ip.gov.py\\\/ip\\\/2016\\\/05\\\/15\\\/el-papa-elogio-la-presencia-de-las-mujeres-en-las-misiones-pastorales\\\/\",\"name\":\"El Papa elogi\u00f3 la presencia de las mujeres en las misiones pastorales - .::Agencia IP::.\",\"isPartOf\":{\"@id\":\"https:\\\/\\\/www.ip.gov.py\\\/ip\\\/#website\"},\"primaryImageOfPage\":{\"@id\":\"https:\\\/\\\/www.ip.gov.py\\\/ip\\\/2016\\\/05\\\/15\\\/el-papa-elogio-la-presencia-de-las-mujeres-en-las-misiones-pastorales\\\/#primaryimage\"},\"image\":{\"@id\":\"https:\\\/\\\/www.ip.gov.py\\\/ip\\\/2016\\\/05\\\/15\\\/el-papa-elogio-la-presencia-de-las-mujeres-en-las-misiones-pastorales\\\/#primaryimage\"},\"thumbnailUrl\":\"https:\\\/\\\/www.ip.gov.py\\\/ip\\\/wp-content\\\/uploads\\\/2016\\\/05\\\/El-Papa.jpeg\",\"datePublished\":\"2016-05-15T13:41:42+00:00\",\"dateModified\":\"2016-05-15T13:43:29+00:00\",\"breadcrumb\":{\"@id\":\"https:\\\/\\\/www.ip.gov.py\\\/ip\\\/2016\\\/05\\\/15\\\/el-papa-elogio-la-presencia-de-las-mujeres-en-las-misiones-pastorales\\\/#breadcrumb\"},\"inLanguage\":\"es\",\"potentialAction\":[{\"@type\":\"ReadAction\",\"target\":[\"https:\\\/\\\/www.ip.gov.py\\\/ip\\\/2016\\\/05\\\/15\\\/el-papa-elogio-la-presencia-de-las-mujeres-en-las-misiones-pastorales\\\/\"]}]},{\"@type\":\"ImageObject\",\"inLanguage\":\"es\",\"@id\":\"https:\\\/\\\/www.ip.gov.py\\\/ip\\\/2016\\\/05\\\/15\\\/el-papa-elogio-la-presencia-de-las-mujeres-en-las-misiones-pastorales\\\/#primaryimage\",\"url\":\"https:\\\/\\\/www.ip.gov.py\\\/ip\\\/wp-content\\\/uploads\\\/2016\\\/05\\\/El-Papa.jpeg\",\"contentUrl\":\"https:\\\/\\\/www.ip.gov.py\\\/ip\\\/wp-content\\\/uploads\\\/2016\\\/05\\\/El-Papa.jpeg\",\"width\":678,\"height\":427,\"caption\":\"Foto: Archivo.\"},{\"@type\":\"BreadcrumbList\",\"@id\":\"https:\\\/\\\/www.ip.gov.py\\\/ip\\\/2016\\\/05\\\/15\\\/el-papa-elogio-la-presencia-de-las-mujeres-en-las-misiones-pastorales\\\/#breadcrumb\",\"itemListElement\":[{\"@type\":\"ListItem\",\"position\":1,\"name\":\"Portada\",\"item\":\"https:\\\/\\\/www.ip.gov.py\\\/ip\\\/\"},{\"@type\":\"ListItem\",\"position\":2,\"name\":\"El Papa elogi\u00f3 la presencia de las mujeres en las misiones pastorales\"}]},{\"@type\":\"WebSite\",\"@id\":\"https:\\\/\\\/www.ip.gov.py\\\/ip\\\/#website\",\"url\":\"https:\\\/\\\/www.ip.gov.py\\\/ip\\\/\",\"name\":\".::Agencia IP::.\",\"description\":\"\",\"publisher\":{\"@id\":\"https:\\\/\\\/www.ip.gov.py\\\/ip\\\/#organization\"},\"potentialAction\":[{\"@type\":\"SearchAction\",\"target\":{\"@type\":\"EntryPoint\",\"urlTemplate\":\"https:\\\/\\\/www.ip.gov.py\\\/ip\\\/?s={search_term_string}\"},\"query-input\":{\"@type\":\"PropertyValueSpecification\",\"valueRequired\":true,\"valueName\":\"search_term_string\"}}],\"inLanguage\":\"es\"},{\"@type\":\"Organization\",\"@id\":\"https:\\\/\\\/www.ip.gov.py\\\/ip\\\/#organization\",\"name\":\"Agencia IP\",\"url\":\"https:\\\/\\\/www.ip.gov.py\\\/ip\\\/\",\"logo\":{\"@type\":\"ImageObject\",\"inLanguage\":\"es\",\"@id\":\"https:\\\/\\\/www.ip.gov.py\\\/ip\\\/#\\\/schema\\\/logo\\\/image\\\/\",\"url\":\"https:\\\/\\\/www.ip.gov.py\\\/ip\\\/wp-content\\\/uploads\\\/2018\\\/01\\\/Agencia-IP.jpg\",\"contentUrl\":\"https:\\\/\\\/www.ip.gov.py\\\/ip\\\/wp-content\\\/uploads\\\/2018\\\/01\\\/Agencia-IP.jpg\",\"width\":150,\"height\":150,\"caption\":\"Agencia IP\"},\"image\":{\"@id\":\"https:\\\/\\\/www.ip.gov.py\\\/ip\\\/#\\\/schema\\\/logo\\\/image\\\/\"},\"sameAs\":[\"https:\\\/\\\/www.facebook.com\\\/IPParaguay\\\/\",\"https:\\\/\\\/x.com\\\/IPParaguay\",\"https:\\\/\\\/www.instagram.com\\\/IPParaguay\"]},{\"@type\":\"Person\",\"@id\":\"https:\\\/\\\/www.ip.gov.py\\\/ip\\\/#\\\/schema\\\/person\\\/e80828ea341031e783b9df2fe5a5f4f4\",\"name\":\"L. Q\",\"url\":\"https:\\\/\\\/www.ip.gov.py\\\/ip\\\/author\\\/lquinonez\\\/\"}]}<\/script>\n<!-- \/ Yoast SEO plugin. -->","yoast_head_json":{"title":"El Papa elogi\u00f3 la presencia de las mujeres en las misiones pastorales - .::Agencia IP::.","robots":{"index":"index","follow":"follow","max-snippet":"max-snippet:-1","max-image-preview":"max-image-preview:large","max-video-preview":"max-video-preview:-1"},"canonical":"https:\/\/www.ip.gov.py\/ip\/2016\/05\/15\/el-papa-elogio-la-presencia-de-las-mujeres-en-las-misiones-pastorales\/","og_locale":"es_ES","og_type":"article","og_title":"El Papa elogi\u00f3 la presencia de las mujeres en las misiones pastorales - .::Agencia IP::.","og_description":"En su mensaje dominical en el vaticano el papa francisco destac\u00f3 \u00abla considerable y creciente presencia de la mujer en el mundo misionero que, junto a la masculina, es un signo elocuente del amor materno de dios\u00bb.","og_url":"https:\/\/www.ip.gov.py\/ip\/2016\/05\/15\/el-papa-elogio-la-presencia-de-las-mujeres-en-las-misiones-pastorales\/","og_site_name":".::Agencia IP::.","article_publisher":"https:\/\/www.facebook.com\/IPParaguay\/","article_published_time":"2016-05-15T13:41:42+00:00","article_modified_time":"2016-05-15T13:43:29+00:00","og_image":[{"width":678,"height":427,"url":"https:\/\/www.ip.gov.py\/ip\/wp-content\/uploads\/2016\/05\/El-Papa.jpeg","type":"image\/jpeg"}],"author":"L. Q","twitter_card":"summary_large_image","twitter_creator":"@IPParaguay","twitter_site":"@IPParaguay","twitter_misc":{"Escrito por":"L. Q","Tiempo de lectura":"2 minutos"},"schema":{"@context":"https:\/\/schema.org","@graph":[{"@type":"Article","@id":"https:\/\/www.ip.gov.py\/ip\/2016\/05\/15\/el-papa-elogio-la-presencia-de-las-mujeres-en-las-misiones-pastorales\/#article","isPartOf":{"@id":"https:\/\/www.ip.gov.py\/ip\/2016\/05\/15\/el-papa-elogio-la-presencia-de-las-mujeres-en-las-misiones-pastorales\/"},"author":{"name":"L. Q","@id":"https:\/\/www.ip.gov.py\/ip\/#\/schema\/person\/e80828ea341031e783b9df2fe5a5f4f4"},"headline":"El Papa elogi\u00f3 la presencia de las mujeres en las misiones pastorales","datePublished":"2016-05-15T13:41:42+00:00","dateModified":"2016-05-15T13:43:29+00:00","mainEntityOfPage":{"@id":"https:\/\/www.ip.gov.py\/ip\/2016\/05\/15\/el-papa-elogio-la-presencia-de-las-mujeres-en-las-misiones-pastorales\/"},"wordCount":488,"publisher":{"@id":"https:\/\/www.ip.gov.py\/ip\/#organization"},"image":{"@id":"https:\/\/www.ip.gov.py\/ip\/2016\/05\/15\/el-papa-elogio-la-presencia-de-las-mujeres-en-las-misiones-pastorales\/#primaryimage"},"thumbnailUrl":"https:\/\/www.ip.gov.py\/ip\/wp-content\/uploads\/2016\/05\/El-Papa.jpeg","articleSection":["Internacionales"],"inLanguage":"es"},{"@type":"WebPage","@id":"https:\/\/www.ip.gov.py\/ip\/2016\/05\/15\/el-papa-elogio-la-presencia-de-las-mujeres-en-las-misiones-pastorales\/","url":"https:\/\/www.ip.gov.py\/ip\/2016\/05\/15\/el-papa-elogio-la-presencia-de-las-mujeres-en-las-misiones-pastorales\/","name":"El Papa elogi\u00f3 la presencia de las mujeres en las misiones pastorales - .::Agencia IP::.","isPartOf":{"@id":"https:\/\/www.ip.gov.py\/ip\/#website"},"primaryImageOfPage":{"@id":"https:\/\/www.ip.gov.py\/ip\/2016\/05\/15\/el-papa-elogio-la-presencia-de-las-mujeres-en-las-misiones-pastorales\/#primaryimage"},"image":{"@id":"https:\/\/www.ip.gov.py\/ip\/2016\/05\/15\/el-papa-elogio-la-presencia-de-las-mujeres-en-las-misiones-pastorales\/#primaryimage"},"thumbnailUrl":"https:\/\/www.ip.gov.py\/ip\/wp-content\/uploads\/2016\/05\/El-Papa.jpeg","datePublished":"2016-05-15T13:41:42+00:00","dateModified":"2016-05-15T13:43:29+00:00","breadcrumb":{"@id":"https:\/\/www.ip.gov.py\/ip\/2016\/05\/15\/el-papa-elogio-la-presencia-de-las-mujeres-en-las-misiones-pastorales\/#breadcrumb"},"inLanguage":"es","potentialAction":[{"@type":"ReadAction","target":["https:\/\/www.ip.gov.py\/ip\/2016\/05\/15\/el-papa-elogio-la-presencia-de-las-mujeres-en-las-misiones-pastorales\/"]}]},{"@type":"ImageObject","inLanguage":"es","@id":"https:\/\/www.ip.gov.py\/ip\/2016\/05\/15\/el-papa-elogio-la-presencia-de-las-mujeres-en-las-misiones-pastorales\/#primaryimage","url":"https:\/\/www.ip.gov.py\/ip\/wp-content\/uploads\/2016\/05\/El-Papa.jpeg","contentUrl":"https:\/\/www.ip.gov.py\/ip\/wp-content\/uploads\/2016\/05\/El-Papa.jpeg","width":678,"height":427,"caption":"Foto: Archivo."},{"@type":"BreadcrumbList","@id":"https:\/\/www.ip.gov.py\/ip\/2016\/05\/15\/el-papa-elogio-la-presencia-de-las-mujeres-en-las-misiones-pastorales\/#breadcrumb","itemListElement":[{"@type":"ListItem","position":1,"name":"Portada","item":"https:\/\/www.ip.gov.py\/ip\/"},{"@type":"ListItem","position":2,"name":"El Papa elogi\u00f3 la presencia de las mujeres en las misiones pastorales"}]},{"@type":"WebSite","@id":"https:\/\/www.ip.gov.py\/ip\/#website","url":"https:\/\/www.ip.gov.py\/ip\/","name":".::Agencia IP::.","description":"","publisher":{"@id":"https:\/\/www.ip.gov.py\/ip\/#organization"},"potentialAction":[{"@type":"SearchAction","target":{"@type":"EntryPoint","urlTemplate":"https:\/\/www.ip.gov.py\/ip\/?s={search_term_string}"},"query-input":{"@type":"PropertyValueSpecification","valueRequired":true,"valueName":"search_term_string"}}],"inLanguage":"es"},{"@type":"Organization","@id":"https:\/\/www.ip.gov.py\/ip\/#organization","name":"Agencia IP","url":"https:\/\/www.ip.gov.py\/ip\/","logo":{"@type":"ImageObject","inLanguage":"es","@id":"https:\/\/www.ip.gov.py\/ip\/#\/schema\/logo\/image\/","url":"https:\/\/www.ip.gov.py\/ip\/wp-content\/uploads\/2018\/01\/Agencia-IP.jpg","contentUrl":"https:\/\/www.ip.gov.py\/ip\/wp-content\/uploads\/2018\/01\/Agencia-IP.jpg","width":150,"height":150,"caption":"Agencia IP"},"image":{"@id":"https:\/\/www.ip.gov.py\/ip\/#\/schema\/logo\/image\/"},"sameAs":["https:\/\/www.facebook.com\/IPParaguay\/","https:\/\/x.com\/IPParaguay","https:\/\/www.instagram.com\/IPParaguay"]},{"@type":"Person","@id":"https:\/\/www.ip.gov.py\/ip\/#\/schema\/person\/e80828ea341031e783b9df2fe5a5f4f4","name":"L. Q","url":"https:\/\/www.ip.gov.py\/ip\/author\/lquinonez\/"}]}},"_links":{"self":[{"href":"https:\/\/www.ip.gov.py\/ip\/wp-json\/wp\/v2\/posts\/97482","targetHints":{"allow":["GET"]}}],"collection":[{"href":"https:\/\/www.ip.gov.py\/ip\/wp-json\/wp\/v2\/posts"}],"about":[{"href":"https:\/\/www.ip.gov.py\/ip\/wp-json\/wp\/v2\/types\/post"}],"author":[{"embeddable":true,"href":"https:\/\/www.ip.gov.py\/ip\/wp-json\/wp\/v2\/users\/5"}],"replies":[{"embeddable":true,"href":"https:\/\/www.ip.gov.py\/ip\/wp-json\/wp\/v2\/comments?post=97482"}],"version-history":[{"count":0,"href":"https:\/\/www.ip.gov.py\/ip\/wp-json\/wp\/v2\/posts\/97482\/revisions"}],"wp:featuredmedia":[{"embeddable":true,"href":"https:\/\/www.ip.gov.py\/ip\/wp-json\/wp\/v2\/media\/95136"}],"wp:attachment":[{"href":"https:\/\/www.ip.gov.py\/ip\/wp-json\/wp\/v2\/media?parent=97482"}],"wp:term":[{"taxonomy":"category","embeddable":true,"href":"https:\/\/www.ip.gov.py\/ip\/wp-json\/wp\/v2\/categories?post=97482"},{"taxonomy":"post_tag","embeddable":true,"href":"https:\/\/www.ip.gov.py\/ip\/wp-json\/wp\/v2\/tags?post=97482"}],"curies":[{"name":"wp","href":"https:\/\/api.w.org\/{rel}","templated":true}]}}