{"id":98158,"date":"2016-05-19T07:03:26","date_gmt":"2016-05-19T11:03:26","guid":{"rendered":"http:\/\/desarrollo.ip.gov.py\/ip\/?p=98158"},"modified":"2016-05-19T07:03:26","modified_gmt":"2016-05-19T11:03:26","slug":"avion-cae-cerca-de-isla-griega-de-karpatos","status":"publish","type":"post","link":"https:\/\/www.ip.gov.py\/ip\/2016\/05\/19\/avion-cae-cerca-de-isla-griega-de-karpatos\/","title":{"rendered":"Avi\u00f3n cae cerca de isla griega de K\u00e1rpatos"},"content":{"rendered":"<p><em><strong>\u00a0Atenas.-<\/strong><\/em> El avi\u00f3n de la compa\u00f1\u00eda EgyptAir que iba de Par\u00eds a El Cairo se estrell\u00f3 frente a la isla griega de K\u00e1rpatos, en el sudeste del mar Egeo, cuando volaba en el espacio a\u00e9reo egipcio, dijo a la AFP una fuente a\u00e9rea de Grecia.<!--more--><\/p>\n<p>\u201cHacia las 00H29 GMT (20:29 del mi\u00e9rcoles en Paraguay), cuando se encontraba en el espacio a\u00e9reo egipcio, el avi\u00f3n desapareci\u00f3 de los radares griegos\u201d, dijo la fuente.<\/p>\n<p>\u201cSe estrell\u00f3 a unas 130 millas n\u00e1uticas de la isla de K\u00e1rpatos, situada entre las islas de Rodas y Creta\u201d, agreg\u00f3. \u201cNo hubo mensaje de emergencia del avi\u00f3n\u201d, indic\u00f3 la aviaci\u00f3n civil griega.<\/p>\n<p>\u201cLos controladores a\u00e9reos griegos detectaron el avi\u00f3n en los radares a las 02H55 locales (20:55 del mi\u00e9rcoles) y comunicaron con el piloto\u201d, indic\u00f3 la fuente. \u201cTres minutos m\u00e1s tarde (&#8230;), cuando el avi\u00f3n ya hab\u00eda ingresado en el espacio a\u00e9reo egipcio, desapareci\u00f3 de los radares\u201d, agreg\u00f3.<\/p>\n<p>Grecia envi\u00f3 enseguida \u201ca 130 millas n\u00e1uticas de K\u00e1rpatos, una fragata de la marina de guerra, un avi\u00f3n C-130 y un avi\u00f3n militar EMB-145\u201d para participar en la b\u00fasqueda del aparato, indic\u00f3 un comunicado del ministerio de Defensa. \u201cDos helic\u00f3pteros Super Puma est\u00e1n en K\u00e1rpatos y est\u00e1n listos para participar en la b\u00fasqueda\u201d, agreg\u00f3 el comunicado.<\/p>\n","protected":false},"excerpt":{"rendered":"<p>\u00a0Atenas.- El avi\u00f3n de la compa\u00f1\u00eda EgyptAir que iba de Par\u00eds a El Cairo se estrell\u00f3 frente a la isla griega de K\u00e1rpatos, en el sudeste del mar Egeo, cuando volaba en el espacio a\u00e9reo egipcio, dijo a la AFP una fuente a\u00e9rea de Grecia.<\/p>\n","protected":false},"author":11,"featured_media":98159,"comment_status":"closed","ping_status":"closed","sticky":false,"template":"","format":"standard","meta":{"_monsterinsights_skip_tracking":false,"_monsterinsights_sitenote_active":false,"_monsterinsights_sitenote_note":"","_monsterinsights_sitenote_category":0,"footnotes":""},"categories":[5],"tags":[],"class_list":{"0":"post-98158","1":"post","2":"type-post","3":"status-publish","4":"format-standard","5":"has-post-thumbnail","7":"category-internacionales"},"yoast_head":"<!-- This site is optimized with the Yoast SEO plugin v27.5 - https:\/\/yoast.com\/product\/yoast-seo-wordpress\/ -->\n<title>Avi\u00f3n cae cerca de isla griega de K\u00e1rpatos - .::Agencia IP::.<\/title>\n<meta name=\"robots\" content=\"index, follow, max-snippet:-1, max-image-preview:large, max-video-preview:-1\" \/>\n<link rel=\"canonical\" href=\"https:\/\/www.ip.gov.py\/ip\/2016\/05\/19\/avion-cae-cerca-de-isla-griega-de-karpatos\/\" \/>\n<meta property=\"og:locale\" content=\"es_ES\" \/>\n<meta property=\"og:type\" content=\"article\" \/>\n<meta property=\"og:title\" content=\"Avi\u00f3n cae cerca de isla griega de K\u00e1rpatos - .::Agencia IP::.\" \/>\n<meta property=\"og:description\" content=\"\u00a0Atenas.- El avi\u00f3n de la compa\u00f1\u00eda EgyptAir que iba de Par\u00eds a El Cairo se estrell\u00f3 frente a la isla griega de K\u00e1rpatos, en el sudeste del mar Egeo, cuando volaba en el espacio a\u00e9reo egipcio, dijo a la AFP una fuente a\u00e9rea de Grecia.\" \/>\n<meta property=\"og:url\" content=\"https:\/\/www.ip.gov.py\/ip\/2016\/05\/19\/avion-cae-cerca-de-isla-griega-de-karpatos\/\" \/>\n<meta property=\"og:site_name\" content=\".::Agencia IP::.\" \/>\n<meta property=\"article:publisher\" content=\"https:\/\/www.facebook.com\/IPParaguay\/\" \/>\n<meta property=\"article:published_time\" content=\"2016-05-19T11:03:26+00:00\" \/>\n<meta property=\"og:image\" content=\"https:\/\/www.ip.gov.py\/ip\/wp-content\/uploads\/2016\/05\/Avion.jpg\" \/>\n\t<meta property=\"og:image:width\" content=\"620\" \/>\n\t<meta property=\"og:image:height\" content=\"350\" \/>\n\t<meta property=\"og:image:type\" content=\"image\/jpeg\" \/>\n<meta name=\"author\" content=\"vrios\" \/>\n<meta name=\"twitter:card\" content=\"summary_large_image\" \/>\n<meta name=\"twitter:creator\" content=\"@IPParaguay\" \/>\n<meta name=\"twitter:site\" content=\"@IPParaguay\" \/>\n<meta name=\"twitter:label1\" content=\"Escrito por\" \/>\n\t<meta name=\"twitter:data1\" content=\"vrios\" \/>\n\t<meta name=\"twitter:label2\" content=\"Tiempo de lectura\" \/>\n\t<meta name=\"twitter:data2\" content=\"1 minuto\" \/>\n<script type=\"application\/ld+json\" class=\"yoast-schema-graph\">{\"@context\":\"https:\\\/\\\/schema.org\",\"@graph\":[{\"@type\":\"Article\",\"@id\":\"https:\\\/\\\/www.ip.gov.py\\\/ip\\\/2016\\\/05\\\/19\\\/avion-cae-cerca-de-isla-griega-de-karpatos\\\/#article\",\"isPartOf\":{\"@id\":\"https:\\\/\\\/www.ip.gov.py\\\/ip\\\/2016\\\/05\\\/19\\\/avion-cae-cerca-de-isla-griega-de-karpatos\\\/\"},\"author\":{\"name\":\"vrios\",\"@id\":\"https:\\\/\\\/www.ip.gov.py\\\/ip\\\/#\\\/schema\\\/person\\\/fa3668852e893cb0423795330f919039\"},\"headline\":\"Avi\u00f3n cae cerca de isla griega de K\u00e1rpatos\",\"datePublished\":\"2016-05-19T11:03:26+00:00\",\"mainEntityOfPage\":{\"@id\":\"https:\\\/\\\/www.ip.gov.py\\\/ip\\\/2016\\\/05\\\/19\\\/avion-cae-cerca-de-isla-griega-de-karpatos\\\/\"},\"wordCount\":243,\"publisher\":{\"@id\":\"https:\\\/\\\/www.ip.gov.py\\\/ip\\\/#organization\"},\"image\":{\"@id\":\"https:\\\/\\\/www.ip.gov.py\\\/ip\\\/2016\\\/05\\\/19\\\/avion-cae-cerca-de-isla-griega-de-karpatos\\\/#primaryimage\"},\"thumbnailUrl\":\"https:\\\/\\\/www.ip.gov.py\\\/ip\\\/wp-content\\\/uploads\\\/2016\\\/05\\\/Avion.jpg\",\"articleSection\":[\"Internacionales\"],\"inLanguage\":\"es\"},{\"@type\":\"WebPage\",\"@id\":\"https:\\\/\\\/www.ip.gov.py\\\/ip\\\/2016\\\/05\\\/19\\\/avion-cae-cerca-de-isla-griega-de-karpatos\\\/\",\"url\":\"https:\\\/\\\/www.ip.gov.py\\\/ip\\\/2016\\\/05\\\/19\\\/avion-cae-cerca-de-isla-griega-de-karpatos\\\/\",\"name\":\"Avi\u00f3n cae cerca de isla griega de K\u00e1rpatos - .::Agencia IP::.\",\"isPartOf\":{\"@id\":\"https:\\\/\\\/www.ip.gov.py\\\/ip\\\/#website\"},\"primaryImageOfPage\":{\"@id\":\"https:\\\/\\\/www.ip.gov.py\\\/ip\\\/2016\\\/05\\\/19\\\/avion-cae-cerca-de-isla-griega-de-karpatos\\\/#primaryimage\"},\"image\":{\"@id\":\"https:\\\/\\\/www.ip.gov.py\\\/ip\\\/2016\\\/05\\\/19\\\/avion-cae-cerca-de-isla-griega-de-karpatos\\\/#primaryimage\"},\"thumbnailUrl\":\"https:\\\/\\\/www.ip.gov.py\\\/ip\\\/wp-content\\\/uploads\\\/2016\\\/05\\\/Avion.jpg\",\"datePublished\":\"2016-05-19T11:03:26+00:00\",\"breadcrumb\":{\"@id\":\"https:\\\/\\\/www.ip.gov.py\\\/ip\\\/2016\\\/05\\\/19\\\/avion-cae-cerca-de-isla-griega-de-karpatos\\\/#breadcrumb\"},\"inLanguage\":\"es\",\"potentialAction\":[{\"@type\":\"ReadAction\",\"target\":[\"https:\\\/\\\/www.ip.gov.py\\\/ip\\\/2016\\\/05\\\/19\\\/avion-cae-cerca-de-isla-griega-de-karpatos\\\/\"]}]},{\"@type\":\"ImageObject\",\"inLanguage\":\"es\",\"@id\":\"https:\\\/\\\/www.ip.gov.py\\\/ip\\\/2016\\\/05\\\/19\\\/avion-cae-cerca-de-isla-griega-de-karpatos\\\/#primaryimage\",\"url\":\"https:\\\/\\\/www.ip.gov.py\\\/ip\\\/wp-content\\\/uploads\\\/2016\\\/05\\\/Avion.jpg\",\"contentUrl\":\"https:\\\/\\\/www.ip.gov.py\\\/ip\\\/wp-content\\\/uploads\\\/2016\\\/05\\\/Avion.jpg\",\"width\":620,\"height\":350,\"caption\":\"www.noticiasdealava.com\"},{\"@type\":\"BreadcrumbList\",\"@id\":\"https:\\\/\\\/www.ip.gov.py\\\/ip\\\/2016\\\/05\\\/19\\\/avion-cae-cerca-de-isla-griega-de-karpatos\\\/#breadcrumb\",\"itemListElement\":[{\"@type\":\"ListItem\",\"position\":1,\"name\":\"Portada\",\"item\":\"https:\\\/\\\/www.ip.gov.py\\\/ip\\\/\"},{\"@type\":\"ListItem\",\"position\":2,\"name\":\"Avi\u00f3n cae cerca de isla griega de K\u00e1rpatos\"}]},{\"@type\":\"WebSite\",\"@id\":\"https:\\\/\\\/www.ip.gov.py\\\/ip\\\/#website\",\"url\":\"https:\\\/\\\/www.ip.gov.py\\\/ip\\\/\",\"name\":\".::Agencia IP::.\",\"description\":\"\",\"publisher\":{\"@id\":\"https:\\\/\\\/www.ip.gov.py\\\/ip\\\/#organization\"},\"potentialAction\":[{\"@type\":\"SearchAction\",\"target\":{\"@type\":\"EntryPoint\",\"urlTemplate\":\"https:\\\/\\\/www.ip.gov.py\\\/ip\\\/?s={search_term_string}\"},\"query-input\":{\"@type\":\"PropertyValueSpecification\",\"valueRequired\":true,\"valueName\":\"search_term_string\"}}],\"inLanguage\":\"es\"},{\"@type\":\"Organization\",\"@id\":\"https:\\\/\\\/www.ip.gov.py\\\/ip\\\/#organization\",\"name\":\"Agencia IP\",\"url\":\"https:\\\/\\\/www.ip.gov.py\\\/ip\\\/\",\"logo\":{\"@type\":\"ImageObject\",\"inLanguage\":\"es\",\"@id\":\"https:\\\/\\\/www.ip.gov.py\\\/ip\\\/#\\\/schema\\\/logo\\\/image\\\/\",\"url\":\"https:\\\/\\\/www.ip.gov.py\\\/ip\\\/wp-content\\\/uploads\\\/2018\\\/01\\\/Agencia-IP.jpg\",\"contentUrl\":\"https:\\\/\\\/www.ip.gov.py\\\/ip\\\/wp-content\\\/uploads\\\/2018\\\/01\\\/Agencia-IP.jpg\",\"width\":150,\"height\":150,\"caption\":\"Agencia IP\"},\"image\":{\"@id\":\"https:\\\/\\\/www.ip.gov.py\\\/ip\\\/#\\\/schema\\\/logo\\\/image\\\/\"},\"sameAs\":[\"https:\\\/\\\/www.facebook.com\\\/IPParaguay\\\/\",\"https:\\\/\\\/x.com\\\/IPParaguay\",\"https:\\\/\\\/www.instagram.com\\\/IPParaguay\"]},{\"@type\":\"Person\",\"@id\":\"https:\\\/\\\/www.ip.gov.py\\\/ip\\\/#\\\/schema\\\/person\\\/fa3668852e893cb0423795330f919039\",\"name\":\"vrios\",\"url\":\"https:\\\/\\\/www.ip.gov.py\\\/ip\\\/author\\\/vrios\\\/\"}]}<\/script>\n<!-- \/ Yoast SEO plugin. -->","yoast_head_json":{"title":"Avi\u00f3n cae cerca de isla griega de K\u00e1rpatos - .::Agencia IP::.","robots":{"index":"index","follow":"follow","max-snippet":"max-snippet:-1","max-image-preview":"max-image-preview:large","max-video-preview":"max-video-preview:-1"},"canonical":"https:\/\/www.ip.gov.py\/ip\/2016\/05\/19\/avion-cae-cerca-de-isla-griega-de-karpatos\/","og_locale":"es_ES","og_type":"article","og_title":"Avi\u00f3n cae cerca de isla griega de K\u00e1rpatos - .::Agencia IP::.","og_description":"\u00a0Atenas.- El avi\u00f3n de la compa\u00f1\u00eda EgyptAir que iba de Par\u00eds a El Cairo se estrell\u00f3 frente a la isla griega de K\u00e1rpatos, en el sudeste del mar Egeo, cuando volaba en el espacio a\u00e9reo egipcio, dijo a la AFP una fuente a\u00e9rea de Grecia.","og_url":"https:\/\/www.ip.gov.py\/ip\/2016\/05\/19\/avion-cae-cerca-de-isla-griega-de-karpatos\/","og_site_name":".::Agencia IP::.","article_publisher":"https:\/\/www.facebook.com\/IPParaguay\/","article_published_time":"2016-05-19T11:03:26+00:00","og_image":[{"width":620,"height":350,"url":"https:\/\/www.ip.gov.py\/ip\/wp-content\/uploads\/2016\/05\/Avion.jpg","type":"image\/jpeg"}],"author":"vrios","twitter_card":"summary_large_image","twitter_creator":"@IPParaguay","twitter_site":"@IPParaguay","twitter_misc":{"Escrito por":"vrios","Tiempo de lectura":"1 minuto"},"schema":{"@context":"https:\/\/schema.org","@graph":[{"@type":"Article","@id":"https:\/\/www.ip.gov.py\/ip\/2016\/05\/19\/avion-cae-cerca-de-isla-griega-de-karpatos\/#article","isPartOf":{"@id":"https:\/\/www.ip.gov.py\/ip\/2016\/05\/19\/avion-cae-cerca-de-isla-griega-de-karpatos\/"},"author":{"name":"vrios","@id":"https:\/\/www.ip.gov.py\/ip\/#\/schema\/person\/fa3668852e893cb0423795330f919039"},"headline":"Avi\u00f3n cae cerca de isla griega de K\u00e1rpatos","datePublished":"2016-05-19T11:03:26+00:00","mainEntityOfPage":{"@id":"https:\/\/www.ip.gov.py\/ip\/2016\/05\/19\/avion-cae-cerca-de-isla-griega-de-karpatos\/"},"wordCount":243,"publisher":{"@id":"https:\/\/www.ip.gov.py\/ip\/#organization"},"image":{"@id":"https:\/\/www.ip.gov.py\/ip\/2016\/05\/19\/avion-cae-cerca-de-isla-griega-de-karpatos\/#primaryimage"},"thumbnailUrl":"https:\/\/www.ip.gov.py\/ip\/wp-content\/uploads\/2016\/05\/Avion.jpg","articleSection":["Internacionales"],"inLanguage":"es"},{"@type":"WebPage","@id":"https:\/\/www.ip.gov.py\/ip\/2016\/05\/19\/avion-cae-cerca-de-isla-griega-de-karpatos\/","url":"https:\/\/www.ip.gov.py\/ip\/2016\/05\/19\/avion-cae-cerca-de-isla-griega-de-karpatos\/","name":"Avi\u00f3n cae cerca de isla griega de K\u00e1rpatos - .::Agencia IP::.","isPartOf":{"@id":"https:\/\/www.ip.gov.py\/ip\/#website"},"primaryImageOfPage":{"@id":"https:\/\/www.ip.gov.py\/ip\/2016\/05\/19\/avion-cae-cerca-de-isla-griega-de-karpatos\/#primaryimage"},"image":{"@id":"https:\/\/www.ip.gov.py\/ip\/2016\/05\/19\/avion-cae-cerca-de-isla-griega-de-karpatos\/#primaryimage"},"thumbnailUrl":"https:\/\/www.ip.gov.py\/ip\/wp-content\/uploads\/2016\/05\/Avion.jpg","datePublished":"2016-05-19T11:03:26+00:00","breadcrumb":{"@id":"https:\/\/www.ip.gov.py\/ip\/2016\/05\/19\/avion-cae-cerca-de-isla-griega-de-karpatos\/#breadcrumb"},"inLanguage":"es","potentialAction":[{"@type":"ReadAction","target":["https:\/\/www.ip.gov.py\/ip\/2016\/05\/19\/avion-cae-cerca-de-isla-griega-de-karpatos\/"]}]},{"@type":"ImageObject","inLanguage":"es","@id":"https:\/\/www.ip.gov.py\/ip\/2016\/05\/19\/avion-cae-cerca-de-isla-griega-de-karpatos\/#primaryimage","url":"https:\/\/www.ip.gov.py\/ip\/wp-content\/uploads\/2016\/05\/Avion.jpg","contentUrl":"https:\/\/www.ip.gov.py\/ip\/wp-content\/uploads\/2016\/05\/Avion.jpg","width":620,"height":350,"caption":"www.noticiasdealava.com"},{"@type":"BreadcrumbList","@id":"https:\/\/www.ip.gov.py\/ip\/2016\/05\/19\/avion-cae-cerca-de-isla-griega-de-karpatos\/#breadcrumb","itemListElement":[{"@type":"ListItem","position":1,"name":"Portada","item":"https:\/\/www.ip.gov.py\/ip\/"},{"@type":"ListItem","position":2,"name":"Avi\u00f3n cae cerca de isla griega de K\u00e1rpatos"}]},{"@type":"WebSite","@id":"https:\/\/www.ip.gov.py\/ip\/#website","url":"https:\/\/www.ip.gov.py\/ip\/","name":".::Agencia IP::.","description":"","publisher":{"@id":"https:\/\/www.ip.gov.py\/ip\/#organization"},"potentialAction":[{"@type":"SearchAction","target":{"@type":"EntryPoint","urlTemplate":"https:\/\/www.ip.gov.py\/ip\/?s={search_term_string}"},"query-input":{"@type":"PropertyValueSpecification","valueRequired":true,"valueName":"search_term_string"}}],"inLanguage":"es"},{"@type":"Organization","@id":"https:\/\/www.ip.gov.py\/ip\/#organization","name":"Agencia IP","url":"https:\/\/www.ip.gov.py\/ip\/","logo":{"@type":"ImageObject","inLanguage":"es","@id":"https:\/\/www.ip.gov.py\/ip\/#\/schema\/logo\/image\/","url":"https:\/\/www.ip.gov.py\/ip\/wp-content\/uploads\/2018\/01\/Agencia-IP.jpg","contentUrl":"https:\/\/www.ip.gov.py\/ip\/wp-content\/uploads\/2018\/01\/Agencia-IP.jpg","width":150,"height":150,"caption":"Agencia IP"},"image":{"@id":"https:\/\/www.ip.gov.py\/ip\/#\/schema\/logo\/image\/"},"sameAs":["https:\/\/www.facebook.com\/IPParaguay\/","https:\/\/x.com\/IPParaguay","https:\/\/www.instagram.com\/IPParaguay"]},{"@type":"Person","@id":"https:\/\/www.ip.gov.py\/ip\/#\/schema\/person\/fa3668852e893cb0423795330f919039","name":"vrios","url":"https:\/\/www.ip.gov.py\/ip\/author\/vrios\/"}]}},"_links":{"self":[{"href":"https:\/\/www.ip.gov.py\/ip\/wp-json\/wp\/v2\/posts\/98158","targetHints":{"allow":["GET"]}}],"collection":[{"href":"https:\/\/www.ip.gov.py\/ip\/wp-json\/wp\/v2\/posts"}],"about":[{"href":"https:\/\/www.ip.gov.py\/ip\/wp-json\/wp\/v2\/types\/post"}],"author":[{"embeddable":true,"href":"https:\/\/www.ip.gov.py\/ip\/wp-json\/wp\/v2\/users\/11"}],"replies":[{"embeddable":true,"href":"https:\/\/www.ip.gov.py\/ip\/wp-json\/wp\/v2\/comments?post=98158"}],"version-history":[{"count":0,"href":"https:\/\/www.ip.gov.py\/ip\/wp-json\/wp\/v2\/posts\/98158\/revisions"}],"wp:featuredmedia":[{"embeddable":true,"href":"https:\/\/www.ip.gov.py\/ip\/wp-json\/wp\/v2\/media\/98159"}],"wp:attachment":[{"href":"https:\/\/www.ip.gov.py\/ip\/wp-json\/wp\/v2\/media?parent=98158"}],"wp:term":[{"taxonomy":"category","embeddable":true,"href":"https:\/\/www.ip.gov.py\/ip\/wp-json\/wp\/v2\/categories?post=98158"},{"taxonomy":"post_tag","embeddable":true,"href":"https:\/\/www.ip.gov.py\/ip\/wp-json\/wp\/v2\/tags?post=98158"}],"curies":[{"name":"wp","href":"https:\/\/api.w.org\/{rel}","templated":true}]}}